{"id":6038,"date":"2019-05-18T19:38:06","date_gmt":"2019-05-18T17:38:06","guid":{"rendered":"http:\/\/stansgar.katolsk.no\/?p=6038"},"modified":"2019-05-18T19:38:06","modified_gmt":"2019-05-18T17:38:06","slug":"referat-menighetsradsmote-15-05-09","status":"publish","type":"post","link":"https:\/\/stansgar.katolsk.no\/?p=6038","title":{"rendered":"Referat menighetsr\u00e5dsm\u00f8te 15.05.09"},"content":{"rendered":"<p><strong>St. Ansgar menighet<\/strong><br \/>\n<strong>Menighetsr\u00e5dsm\u00f8te<\/strong><br \/>\n<strong>M\u00f8tereferat<\/strong><br \/>\n<strong>15.05.19 kl. 1845<\/strong><br \/>\nTil stede:<br \/>\nP. Quang Tien Dang, P. Dawid Banas, Ane Ugland Alb\u00e6k, Luan Van Nguyen, Tinh Van Doan, John Arngrim Hunnes, Jocelyn Augland, Xuat Minh Dang, Kristian Teofilovic<br \/>\nRepresentanter for nasjonale grupper (Irak\/Syria, spansktalende, Sri Lanka, Vietnam) deltok f.o.m. sak 14\/19 (Polen og Filippinene representert v\/ P. Dawid Banas og Jocelyn Augland)<br \/>\nIkke til stede: Joanna Rodziewicz, Wlodzimierz Dyzma, Daniel Habtay<br \/>\nNeste m\u00f8te:<br \/>\n12.06.19, kl. 1845, KIGA<br \/>\n<strong>Sak 12\/19 Godkjenning av innkallelse og saksliste<\/strong><br \/>\nInnkallelse og saksliste godkjent. Sak 18\/19 Eventuelt legges til.<br \/>\n<strong>Sak 13\/19 Planlegging av 17. mai<\/strong><br \/>\nAlt er i rute og klart til kl. 1500. Rundt 50 p\u00e5meldte.<br \/>\n<strong>Sak 14\/19 Planlegging av Internasjonal dag<\/strong><br \/>\nVedtak: 25. august holdes Internasjonal dag i St. Ansgar menighet. Det starter med felles messe kl 1100. Etter messen er det salg av mat og underholdning ved nasjonale grupper. Sperring av Kongens gate skal s\u00f8kes om hos politiet. Der skal det settes opp telt og bord.<br \/>\nPromotering av arrangementet: Vi skal unders\u00f8ke muligheten for annonsering p\u00e5 Tro- og livssyns-siden og evt. artikkel i F\u00e6drelandsvennen. Det opprettes Facebook-arrangement under St. Ansgars facebookside.<br \/>\nNasjonale grupper kontakter Luan om tekniske ting og mat og Ane for alt om program.<br \/>\nNasjonale grupper som bidrar:<br \/>\nIrak\/Syria: Mat og kanskje dans.<br \/>\nSpansktalende: Mat og dans.<br \/>\nSri Lanka: Mat.<br \/>\nEritrea: Kontaktes.<br \/>\nKroatia: Kanskje mat.<br \/>\nVietnam: Mat og mest sannsynlig dans.<br \/>\nPolen: Mat<br \/>\nFilippinene: Mat og dans.<br \/>\n<strong>Sak 15\/19 Informasjon om regnskap<\/strong><br \/>\nNasjonale grupper har blitt informert om regnskapet. Presset \u00f8konomi fremover p\u00e5 grunn av medlemsregistersaken ble tatt opp, i tillegg til at en ny giveraksjon er p\u00e5 trappene (1,1 millioner kroner betales \u00e5rlig p\u00e5 byggegjelda). Det er ogs\u00e5 \u00f8nske fra OKB om at det blir bedre praksis med regnskap: alle kirkens grupper f\u00f8rer regnskap over sin aktivitet. Vi ber finansr\u00e5det lage en mal for enkel regnskapsf\u00f8ring som gruppene kan f\u00e5. Menighetens grupper presenterer sin \u00f8konomi og en kort \u00e5rsberetning om sin aktivitet til menighetsr\u00e5det en gang i \u00e5ret for \u00e5 gi bedre oversikt og \u00e5penhet.. Reglement for kirkekaffe dr\u00f8ftes og lages etter sommeren.<br \/>\n<strong>Sak 09\/19 Oversikt over menighetens aktiviteter i l\u00f8pet av \u00e5ret<\/strong><br \/>\nBakgrunn for saken: Vi \u00f8nsker en felles oversikt over store arrangementer og feiringer alle grupper i menigheten har. Dette for \u00e5 gj\u00f8re det lettere for alle medlemmene \u00e5 vite hva som skjer og \u00e5 kunne delta p\u00e5 hverandres arrangementer. I tillegg blir det enklere \u00e5 unng\u00e5 at st\u00f8rre arrangementer blir lagt til samme tidspunkt. Menighetens nettside har opprettet en kalender der store fester\/arrangementer kan legges inn.<br \/>\nVedtak: Nasjonale grupper fyller inn skjema med oversikt over egne aktiviteter og leverer det til sogneprest.<br \/>\n<strong>Sak 16\/19 Plan for bedre samarbeid mellom nasjonale grupper og meninghetsr\u00e5d<\/strong><br \/>\nVedtak: Nasjonale grupper skal ikke n\u00f8le med \u00e5 ta kontakt dersom de har \u00f8nsker, ideer og inspill til menighets\u00e5det. Vi holder ogs\u00e5 kontakten for samarbeid om felles arrangementer.<br \/>\n<strong>Sak 17\/19 Plan for \u00e5 bygge felles kultur i menigheten<\/strong><br \/>\nDet ble diskutert hvordan vi kunne feire mangfoldet slik at alle f\u00e5r plass og f\u00f8ler tilh\u00f8righet til menigheten, og hvordan vi kan bli bedre kjent med hverandre og bedre fellesskapet.<br \/>\nVedtak: Et konkret forslag er \u00e5 arrangere en felles dag p\u00e5 Stella Maris 15. august, Maria Himmelfart hvor vi feirer messe kl 13.00 og har grilling og sosialt samv\u00e6r etterp\u00e5. Dette skal v\u00e6re et lavterskel-tilbud hvor menigheten stiller med grill og hvor folk tar med egen mat. I tillegg oppfordres alle til \u00e5 delta i hverandres nasjonale feiringer.<br \/>\nForslag til nye arrangement:<br \/>\nP. Tien foresl\u00e5r to nye fellesarrangement; Internasjonal dag for barn i forbindelse med siste katekese i juni 2020 hvor de nasjonale gruppene bidrar, samt Internasjonal Ungdomsdag i slutten av april 2020. Tas opp for diskusjon og planlegging p\u00e5 et senere tidspunkt.<br \/>\n<strong>Sak 18\/19 Eventuelt<\/strong><br \/>\nArbeider p\u00e5 nybygg til Kirkegata 5:<br \/>\nDet skal gj\u00f8res arbeider p\u00e5 nybygg i bakg\u00e5rden til Kirkegata 5 som kommer til \u00e5 ber\u00f8re menigheten i form av stillas p\u00e5 eiendommen og st\u00f8y i en periode fremover. Saken h\u00e5ndteres av OKB som er eiere av v\u00e5r eiendom med god hjelp fra PK-entrepen\u00f8rer. Vi dr\u00f8fter et utkast til avtaleregulering av naboens \u00f8nske om \u00e5 arbeide fra stillas i v\u00e5r bakg\u00e5rd. Vi endrer noe p\u00e5 betingelsene da det er viktig for oss at arbeidet blir av minimal varighet og forstyrrer s\u00e5 lite som mulig. Blant annet \u00f8nsker vi \u00e5 \u00f8ke daglig leie av plass til stillas for \u00e5 motivere til hurtig gjennomf\u00f8ring, og vi krever at eventuelle skader m\u00e5 utbedres.<\/p>\n<p>Kristian Teofilovic<br \/>\nSign.<\/p>\n","protected":false},"excerpt":{"rendered":"<p>St. Ansgar menighet Menighetsr\u00e5dsm\u00f8te M\u00f8tereferat 15.05.19 kl. 1845 Til stede: P. Quang Tien Dang, P. Dawid Banas, Ane Ugland Alb\u00e6k, Luan Van Nguyen, Tinh Van Doan, John Arngrim Hunnes, Jocelyn Augland, Xuat Minh Dang, Kristian Teofilovic Representanter for nasjonale grupper&#8230;<br \/><a class=\"read-more-button\" href=\"https:\/\/stansgar.katolsk.no\/?p=6038\">Read more<\/a><\/p>\n","protected":false},"author":1,"featured_media":0,"comment_status":"open","ping_status":"open","sticky":false,"template":"","format":"standard","meta":{"footnotes":""},"categories":[204],"tags":[],"class_list":["post-6038","post","type-post","status-publish","format-standard","hentry","category-ukategorisert-nb"],"_links":{"self":[{"href":"https:\/\/stansgar.katolsk.no\/index.php?rest_route=\/wp\/v2\/posts\/6038","targetHints":{"allow":["GET"]}}],"collection":[{"href":"https:\/\/stansgar.katolsk.no\/index.php?rest_route=\/wp\/v2\/posts"}],"about":[{"href":"https:\/\/stansgar.katolsk.no\/index.php?rest_route=\/wp\/v2\/types\/post"}],"author":[{"embeddable":true,"href":"https:\/\/stansgar.katolsk.no\/index.php?rest_route=\/wp\/v2\/users\/1"}],"replies":[{"embeddable":true,"href":"https:\/\/stansgar.katolsk.no\/index.php?rest_route=%2Fwp%2Fv2%2Fcomments&post=6038"}],"version-history":[{"count":1,"href":"https:\/\/stansgar.katolsk.no\/index.php?rest_route=\/wp\/v2\/posts\/6038\/revisions"}],"predecessor-version":[{"id":6039,"href":"https:\/\/stansgar.katolsk.no\/index.php?rest_route=\/wp\/v2\/posts\/6038\/revisions\/6039"}],"wp:attachment":[{"href":"https:\/\/stansgar.katolsk.no\/index.php?rest_route=%2Fwp%2Fv2%2Fmedia&parent=6038"}],"wp:term":[{"taxonomy":"category","embeddable":true,"href":"https:\/\/stansgar.katolsk.no\/index.php?rest_route=%2Fwp%2Fv2%2Fcategories&post=6038"},{"taxonomy":"post_tag","embeddable":true,"href":"https:\/\/stansgar.katolsk.no\/index.php?rest_route=%2Fwp%2Fv2%2Ftags&post=6038"}],"curies":[{"name":"wp","href":"https:\/\/api.w.org\/{rel}","templated":true}]}}