{"id":60,"date":"2018-10-06T21:24:00","date_gmt":"2018-10-06T19:24:00","guid":{"rendered":"http:\/\/stansgar.katolsk.no\/index.php\/2018\/10\/06\/kunngjringer-sndag-7-oktober\/"},"modified":"2018-10-22T21:26:12","modified_gmt":"2018-10-22T19:26:12","slug":"kunngjringer-sndag-7-oktober","status":"publish","type":"post","link":"https:\/\/stansgar.katolsk.no\/?p=60","title":{"rendered":"KUNNGJ\u00d8RINGER S\u00d8NDAG 7. OKTOBER"},"content":{"rendered":"<table style=\"border: solid 2px #ffffff;\">\n<tbody>\n<tr>\n<td style=\"border: solid 2px #ffffff;\">Tirsdag<\/td>\n<td style=\"border: solid 2px #ffffff;\">09\/10<\/td>\n<td style=\"border: solid 2px #ffffff;\">kl<\/td>\n<td style=\"border: solid 2px #ffffff;\">18:00<\/td>\n<td style=\"border: solid 2px #ffffff;\">Messe \u2013 etterfulgt av sakramentstilbedelse<\/td>\n<\/tr>\n<tr>\n<td style=\"border: solid 2px #ffffff;\">Torsdag<\/td>\n<td style=\"border: solid 2px #ffffff;\">11\/10<\/td>\n<td style=\"border: solid 2px #ffffff;\">kl.<\/td>\n<td style=\"border: solid 2px #ffffff;\">11:00<\/td>\n<td style=\"border: solid 2px #ffffff;\">Messe \u2013 etterfulgt av felles lunsj i Kiga<\/td>\n<\/tr>\n<tr>\n<td style=\"border: solid 2px #ffffff;\"><\/td>\n<td style=\"border: solid 2px #ffffff;\"><\/td>\n<td style=\"border: solid 2px #ffffff;\">kl.<\/td>\n<td style=\"border: solid 2px #ffffff;\">18.00<\/td>\n<td style=\"border: solid 2px #ffffff;\">Messe<\/td>\n<\/tr>\n<tr>\n<td style=\"border: solid 2px #ffffff;\">Fredag<\/td>\n<td style=\"border: solid 2px #ffffff;\">12\/10<\/td>\n<td style=\"border: solid 2px #ffffff;\">kl.<\/td>\n<td style=\"border: solid 2px #ffffff;\">18:00<\/td>\n<td style=\"border: solid 2px #ffffff;\">Messe<\/td>\n<\/tr>\n<tr>\n<td style=\"border: solid 2px #ffffff;\">L\u00f8rdag<\/td>\n<td style=\"border: solid 2px #ffffff;\">13\/10<\/td>\n<td style=\"border: solid 2px #ffffff;\"><span style=\"color: #ff0000;\">kl.<\/span><\/td>\n<td style=\"border: solid 2px #ffffff;\"><span style=\"color: #ff0000;\">13.00<\/span><\/td>\n<td style=\"border: solid 2px #ffffff;\"><span style=\"color: #ff0000;\">Messe er avlyst<\/span><\/td>\n<\/tr>\n<tr>\n<td style=\"border: solid 2px #ffffff;\"><\/td>\n<td style=\"border: solid 2px #ffffff;\"><\/td>\n<td style=\"border: solid 2px #ffffff;\"><span style=\"color: #000000;\">kl.<\/span><\/td>\n<td style=\"border: solid 2px #ffffff;\"><span style=\"color: #000000;\">17.00<\/span><\/td>\n<td style=\"border: solid 2px #ffffff;\"><span style=\"color: #000000;\">Messe<\/span><\/td>\n<\/tr>\n<tr>\n<td style=\"border: solid 2px #ffffff;\"><\/td>\n<td style=\"border: solid 2px #ffffff;\"><\/td>\n<td style=\"border: solid 2px #ffffff;\"><span style=\"color: #ff0000;\">kl.<\/span><\/td>\n<td style=\"border: solid 2px #ffffff;\"><span style=\"color: #ff0000;\">18.00<\/span><\/td>\n<td style=\"border: solid 2px #ffffff;\"><span style=\"color: #ff0000;\">Messe p\u00e5 polsk er avlyst<\/span><\/td>\n<\/tr>\n<tr>\n<td style=\"border: solid 2px #ffffff;\" colspan=\"5\">\n<h2><strong>S\u00f8ndag\u00a0 14\/10\u00a0 28<\/strong><strong>. S\u00d8NDAG I DET ALMINNELIGE KIRKE\u00c5R \u2013 <\/strong><strong>Mark 10,17-30<\/strong><\/h2>\n<\/td>\n<\/tr>\n<tr>\n<td style=\"border: solid 2px #ffffff; width: 60px;\"><\/td>\n<td style=\"border: solid 2px #ffffff; width: 40px;\"><\/td>\n<td style=\"border: solid 2px #ffffff; width: 20px; text-align: right;\">kl.<\/td>\n<td style=\"border: solid 2px #ffffff; width: 60px;\">09:00<\/td>\n<td style=\"border: solid 2px #ffffff;\">Messe p\u00e5 polsk<\/td>\n<\/tr>\n<tr>\n<td style=\"border: solid 2px #ffffff; width: 60px;\"><\/td>\n<td style=\"border: solid 2px #ffffff; width: 40px;\"><\/td>\n<td style=\"border: solid 2px #ffffff; width: 20px; text-align: right;\">kl.<\/td>\n<td style=\"border: solid 2px #ffffff; width: 60px;\">11:00<\/td>\n<td style=\"border: solid 2px #ffffff;\">Messe p\u00e5 norsk<\/td>\n<\/tr>\n<tr>\n<td style=\"border: solid 2px #ffffff; width: 60px;\"><\/td>\n<td style=\"border: solid 2px #ffffff; width: 40px;\"><\/td>\n<td style=\"border: solid 2px #ffffff; width: 20px; text-align: right;\">kl.<\/td>\n<td style=\"border: solid 2px #ffffff; width: 60px;\">13:00<\/td>\n<td style=\"border: solid 2px #ffffff;\">Messe p\u00e5 vietnamesisk<\/td>\n<\/tr>\n<tr>\n<td style=\"border: solid 2px #ffffff; width: 60px;\"><\/td>\n<td style=\"border: solid 2px #ffffff; width: 40px;\"><\/td>\n<td style=\"border: solid 2px #ffffff; width: 20px; text-align: right;\">kl.<\/td>\n<td style=\"border: solid 2px #ffffff; width: 60px;\">17:00<\/td>\n<td style=\"border: solid 2px #ffffff;\">Messe i Mandal<\/td>\n<\/tr>\n<\/tbody>\n<\/table>\n<p><strong>Annet:<\/strong><\/p>\n<table style=\"border: solid 2px #ffffff;\">\n<tbody>\n<tr>\n<td style=\"border: solid 2px #ffffff; width: 60px;\">Fredag<\/td>\n<td style=\"border: solid 2px #ffffff; width: 40px;\">12\/10<\/td>\n<td style=\"border: solid 2px #ffffff; width: 20px; text-align: right;\">kl.<\/td>\n<td style=\"border: solid 2px #ffffff; width: 60px;\">13:00<\/td>\n<td style=\"border: solid 2px #ffffff;\">SAUL samles i KIGA<\/td>\n<\/tr>\n<\/tbody>\n<\/table>\n<p>&nbsp;<\/p>\n<p><span style=\"color: #ff0000;\"><strong>Mariaprosesjon l\u00f8rdag 13. okt: <\/strong><\/span><\/p>\n<p><span style=\"color: #ff0000;\">Program: kl 17: messe; kl 18.00 prosesjon ut p\u00e5 gata.<\/span><\/p>\n<p><span style=\"color: #ff0000;\">Alle er velkommen.<\/span><\/p>\n<p><strong>Kunngj\u00f8ringer om katekesen<\/strong>: L\u00f8rdag 13. oktober er det katekese for 1. klasse til 4. klasse fra kl. 10.00 til kl. 12.45. Vi ber foreldrene om \u00e5 hente barna i klasserommene .Det er ikke katekesemesse kl. 13.00. Barn og ungdommer fra 5. klasse til 9. klasse g\u00e5r direkte til katekesen kl. 14.00.<\/p>\n<p>Vi oppfordrer barna, ungdommene og deres familier om \u00e5 v\u00e6re med i messen kl. 17.00 for V\u00e5r Frue av Fatima og prosesjonen etter messen.<\/p>\n<p>Forberedelse til konfirmasjonen er 2 \u00e5r, og nytt konfirmasjonskurs i katekesen er allerede begynt. Ungdommer som vil konfirmere seg og som enda ikke har begynt p\u00e5 konfirmasjonskurs, ber vi om \u00e5 komme til kurset i 8. klasse i katekesen l\u00f8rdag 13. oktober kl. 14.00.<\/p>\n<p>Barn som g\u00e5r i tredje klasse, og som vil motta f\u00f8rste hellige Kommunion i 2019, ber vi om \u00e5 komme til katekesen l\u00f8rdag 13. oktober kl. 10.00.<\/p>\n<p><strong>\u00d8nsker dere alle en riktig god s\u00f8ndag!<\/strong><br \/>\n<strong>Alle er hjertelig velkommen til kirkekaffe!<\/strong><\/p>\n","protected":false},"excerpt":{"rendered":"<p>Tirsdag 09\/10 kl 18:00 Messe \u2013 etterfulgt av sakramentstilbedelse Torsdag 11\/10 kl. 11:00 Messe \u2013 etterfulgt av felles lunsj i Kiga kl. 18.00 Messe Fredag 12\/10 kl. 18:00 Messe L\u00f8rdag 13\/10 kl. 13.00 Messe er avlyst kl. 17.00 Messe kl&#8230;.<br \/><a class=\"read-more-button\" href=\"https:\/\/stansgar.katolsk.no\/?p=60\">Read more<\/a><\/p>\n","protected":false},"author":3,"featured_media":4357,"comment_status":"closed","ping_status":"closed","sticky":false,"template":"","format":"standard","meta":{"footnotes":""},"categories":[1],"tags":[3],"class_list":["post-60","post","type-post","status-publish","format-standard","has-post-thumbnail","hentry","category-ukategorisert","tag-kunngjoringer"],"_links":{"self":[{"href":"https:\/\/stansgar.katolsk.no\/index.php?rest_route=\/wp\/v2\/posts\/60","targetHints":{"allow":["GET"]}}],"collection":[{"href":"https:\/\/stansgar.katolsk.no\/index.php?rest_route=\/wp\/v2\/posts"}],"about":[{"href":"https:\/\/stansgar.katolsk.no\/index.php?rest_route=\/wp\/v2\/types\/post"}],"author":[{"embeddable":true,"href":"https:\/\/stansgar.katolsk.no\/index.php?rest_route=\/wp\/v2\/users\/3"}],"replies":[{"embeddable":true,"href":"https:\/\/stansgar.katolsk.no\/index.php?rest_route=%2Fwp%2Fv2%2Fcomments&post=60"}],"version-history":[{"count":41,"href":"https:\/\/stansgar.katolsk.no\/index.php?rest_route=\/wp\/v2\/posts\/60\/revisions"}],"predecessor-version":[{"id":4362,"href":"https:\/\/stansgar.katolsk.no\/index.php?rest_route=\/wp\/v2\/posts\/60\/revisions\/4362"}],"wp:featuredmedia":[{"embeddable":true,"href":"https:\/\/stansgar.katolsk.no\/index.php?rest_route=\/wp\/v2\/media\/4357"}],"wp:attachment":[{"href":"https:\/\/stansgar.katolsk.no\/index.php?rest_route=%2Fwp%2Fv2%2Fmedia&parent=60"}],"wp:term":[{"taxonomy":"category","embeddable":true,"href":"https:\/\/stansgar.katolsk.no\/index.php?rest_route=%2Fwp%2Fv2%2Fcategories&post=60"},{"taxonomy":"post_tag","embeddable":true,"href":"https:\/\/stansgar.katolsk.no\/index.php?rest_route=%2Fwp%2Fv2%2Ftags&post=60"}],"curies":[{"name":"wp","href":"https:\/\/api.w.org\/{rel}","templated":true}]}}