{"id":5990,"date":"2019-05-06T15:18:34","date_gmt":"2019-05-06T13:18:34","guid":{"rendered":"http:\/\/stansgar.katolsk.no\/?p=5990"},"modified":"2019-05-06T16:11:42","modified_gmt":"2019-05-06T14:11:42","slug":"referat-fra-menighetsradsmote-24-04-19","status":"publish","type":"post","link":"https:\/\/stansgar.katolsk.no\/?p=5990","title":{"rendered":"Referat fra menighetsr\u00e5dsm\u00f8te 24.04.19"},"content":{"rendered":"<h1><span style=\"font-size: 16pt;\">St. Ansgar menighet<br \/>\nMenighetsr\u00e5dsm\u00f8te<\/span><\/h1>\n<h2>M\u00f8tereferat<\/h2>\n<p>24.04.19 kl. 1845<\/p>\n<div>\n<table style=\"border-collapse: collapse;\" border=\"0\">\n<colgroup>\n<col style=\"width: 138px;\" \/>\n<col style=\"width: 465px;\" \/><\/colgroup>\n<tbody valign=\"top\">\n<tr>\n<td>Til stede:<\/td>\n<td>P. Quang Tien Dang, P. Dawid Banas, Ane Ugland Alb\u00e6k, Luan Van Nguyen, Tinh Van Doan, John Arngrim Hunnes, Jocelyn Augland, Xuat Minh Dang, Kristian Teofilovic<\/td>\n<\/tr>\n<tr>\n<td>Ikke til stede:<\/td>\n<td>Joanna Rodziewicz, Wlodzimierz Dyzma, Daniel Habtay<\/td>\n<\/tr>\n<tr>\n<td>Neste m\u00f8te:<\/td>\n<td>15.05.19, kl. 1845, KIGA<\/td>\n<\/tr>\n<\/tbody>\n<\/table>\n<\/div>\n<p><strong>Sak 05\/19 Godkjenning av innkallelse og saksliste<br \/>\n<\/strong><\/p>\n<p style=\"margin-left: 18pt;\">Innkallelse og saksliste godkjent.<\/p>\n<p><strong>Sak 06\/19 Orientering fra Pastoralr\u00e5dsm\u00f8tet<br \/>\n<\/strong><\/p>\n<p style=\"margin-left: 18pt;\">Ane har som menighetsr\u00e5dsleder deltatt p\u00e5 Pastoralr\u00e5dsm\u00f8tet i OKB 6. til 7. april 2019. Blant de viktigste sakene som ble tatt opp var:<\/p>\n<ul style=\"margin-left: 72pt;\">\n<li>Medlemsregistersaken: Dette har preget og kommer til \u00e5 prege OKB i en tid fremover. Det vil bli mindre penger til menighetene ettersom mer vil bli satt av til tilbakebetaling. Saken endte med tap i lagmannsretten og vil pr\u00f8ves i H\u00f8yesterett.<\/li>\n<li>Prestenes vilk\u00e5r, l\u00f8nn, osv.: Prestene har hittil hatt relativ lav l\u00f8nn men med h\u00f8y grad av betaling i naturalia. Men grunnet beregning av pensjon etter l\u00f8nnsinntekt arbeides det med en l\u00f8sning hvor l\u00f8nnen \u00f8kes samtidig som man betaler h\u00f8yere husleie.<\/li>\n<li>Evangelisering: Dette har v\u00e6rt hovedtemaet p\u00e5 m\u00f8tet. Biskopen hadde s\u00e6rlig fokus p\u00e5 fire punkter: Liturgi, Forkynnelse, Katekese og Caritas. I grupper har man diskutert hvordan man kan sette fokus p\u00e5 evangelisering; av ideer kan disse nevnes: rette st\u00f8rre fokus mot de som kommer sjelden til kirken (1. kommunion, konfirmasjon, osv.), hvordan inkludere ungdommer, inkludere voksne i katekesen, samt mer fellesskap mellom grupper i meninghetene.<\/li>\n<li>D\u00e5psfornyelse: Biskopen har foresl\u00e5tt \u00e5 holde d\u00e5psfornyelse 29.09.19 i hele OKB.<\/li>\n<li>Caritas: Caritas er tildelt Operasjon Dagsverk i 2019. De har ogs\u00e5 orientert om \u00f8konomi (ca. 100 mil. i omsetning i 2018) og deres ressurssentre i byer hvor det tilbys norskoppl\u00e6ring, jobbs\u00f8kerkurs, tolk, juridisk bistand, osv.<\/li>\n<\/ul>\n<p><strong>Sak 07\/19 L\u00f8nn\/stillingsbr\u00f8k til menighetens ansatte<br \/>\n<\/strong><\/p>\n<p style=\"margin-left: 18pt;\">Bakgrunn for saken: Menighetssekret\u00e6r rapporterer \u00f8kt arbiedspress og foresl\u00e5r \u00f8kt stillingsprosent. Og OKB orienterer om at l\u00f8nnen til menighetens ansatte ikke har endret seg siden 2013, noe som inneb\u00e6rer en reall\u00f8nnsnedgang.<\/p>\n<p style=\"margin-left: 18pt;\">Vedtak: Stillingsprosentene beholdes som i dag samtidig som flere oppgaver vil bli delegert til frivillige.<\/p>\n<p style=\"margin-left: 18pt;\">L\u00f8nn \u00f8kes i samsvar med reall\u00f8nnsvekst.<\/p>\n<p><strong>Sak 08\/19 Orientering om m\u00f8teplan med representanter fra gruppene i menigheten<br \/>\n<\/strong><\/p>\n<p style=\"margin-left: 18pt;\">Vedtak: Det skal holdes et m\u00f8te med representanter fra de ulike gruppene i menigheten for \u00e5 f\u00e5 oversikt over deres \u00f8nsker, behov og aktiviteter. I tillegg vil vi orientere om hvordan gruppene f\u00f8rer regnskap. Vi \u00f8nsker dialog og innspill p\u00e5 hvordan vi kan samarbeide for \u00e5 fremme fellesskap p\u00e5 tvers av ulik nasjonalitet, kultur og spr\u00e5k. Og hvordan menigheten kan hjelpe de nasjonale gruppene.<\/p>\n<p><strong>Sak 09\/19 Oversikt over menighetens aktiviteter i l\u00f8pet av \u00e5ret<br \/>\n<\/strong><\/p>\n<p style=\"margin-left: 18pt;\">Saken utsettes (til 12.06.19).<\/p>\n<p><strong>Sak 10\/19 Fellesarrangementer i menigheten<br \/>\n<\/strong><\/p>\n<p style=\"margin-left: 18pt;\">Vedtak: Neste fellesarrangement vil holdes<\/p>\n<ul style=\"margin-left: 72pt;\">\n<li>17.05.19: 17. mai med messe og mat etter borgertoget.<\/li>\n<li>23.06.19: Corpus Christi med felles messe kl. 1100 og prosesjon.<\/li>\n<li>25.08.19: Internasjonal dag med felles messe kl. 1100.<\/li>\n<li>12.10.19: Mariaprosesjon.<\/li>\n<\/ul>\n<p>P\u00e5 neste menighetsr\u00e5dm\u00f8te vil representanter for de ulike gruppene i menigheten bli med for \u00e5 planlegge internasjonal dag.<\/p>\n<p style=\"margin-left: 18pt;\"><strong>Sak 03\/19 M\u00f8teplan v\u00e5ren 2019<br \/>\n<\/strong><\/p>\n<p style=\"margin-left: 18pt;\">Vedtak: Neste menighetsr\u00e5dm\u00f8te holdes<\/p>\n<ul style=\"margin-left: 72pt;\">\n<li>15.05.19 kl. 1845. Fra kl. 2000 slutter representanter for de ulike gruppene i menigheten seg til m\u00f8tet.<\/li>\n<li>12.06.19 kl. 1845.<\/li>\n<\/ul>\n<p><strong>Sak 11\/19 Eventuelt<br \/>\n<\/strong><\/p>\n<p style=\"margin-left: 18pt;\"><em>Vasking av KIGA:<br \/>\n<\/em><\/p>\n<p style=\"margin-left: 36pt;\">Mange bruker Kiga uten \u00e5 rydde og vaske etter seg. Vi lager derfor regler for bruk av KIGA mtp. vasking. Fra etter sommerferien m\u00e5 de som har l\u00e5nt menighetssalen betale en sum hvis reglene ikke overholdes.<\/p>\n<p style=\"margin-left: 18pt;\"><em>Delegering av ulike oppgaver:<br \/>\n<\/em><\/p>\n<p style=\"margin-left: 18pt;\">Medlemmer i menighetsr\u00e5det tar p\u00e5 seg ansvar for ulike oppgaver, blant annet:<\/p>\n<ul style=\"margin-left: 72pt;\">\n<li>Ane: Politis\u00f8knader, kommunikasjonsstrategi<\/li>\n<li>Tinh: Katekese<\/li>\n<li>Jocelyn: Renhold<\/li>\n<li>Kristian: Hjelp til sekret\u00e6roppgaver<\/li>\n<li>Luan: Kj\u00f8kken, bestilling og arrangementer<\/li>\n<li>John Arngrim: \u00d8konomi<\/li>\n<li>Xuat: Liturgi<\/li>\n<li>Wlodzimierz (ikke til stede): Hjelp til oppsett av telt osv. ved arrangementer, samt liturgiske installasjoner?<\/li>\n<\/ul>\n<p><em>Natteravn:<br \/>\n<\/em><\/p>\n<p style=\"margin-left: 36pt;\">Vi har blitt spurt om \u00e5 stille som natteravn 27.04.19. Hittil har \u00e9n fra menigheten meldt seg som frivillig.<\/p>\n<p>Kristian Teofilovic<br \/>\nSign.<\/p>\n","protected":false},"excerpt":{"rendered":"<p>St. Ansgar menighet Menighetsr\u00e5dsm\u00f8te M\u00f8tereferat 24.04.19 kl. 1845 Til stede: P. Quang Tien Dang, P. Dawid Banas, Ane Ugland Alb\u00e6k, Luan Van Nguyen, Tinh Van Doan, John Arngrim Hunnes, Jocelyn Augland, Xuat Minh Dang, Kristian Teofilovic Ikke til stede: Joanna&#8230;<br \/><a class=\"read-more-button\" href=\"https:\/\/stansgar.katolsk.no\/?p=5990\">Read more<\/a><\/p>\n","protected":false},"author":2,"featured_media":0,"comment_status":"open","ping_status":"open","sticky":false,"template":"","format":"standard","meta":{"footnotes":""},"categories":[204],"tags":[],"class_list":["post-5990","post","type-post","status-publish","format-standard","hentry","category-ukategorisert-nb"],"_links":{"self":[{"href":"https:\/\/stansgar.katolsk.no\/index.php?rest_route=\/wp\/v2\/posts\/5990","targetHints":{"allow":["GET"]}}],"collection":[{"href":"https:\/\/stansgar.katolsk.no\/index.php?rest_route=\/wp\/v2\/posts"}],"about":[{"href":"https:\/\/stansgar.katolsk.no\/index.php?rest_route=\/wp\/v2\/types\/post"}],"author":[{"embeddable":true,"href":"https:\/\/stansgar.katolsk.no\/index.php?rest_route=\/wp\/v2\/users\/2"}],"replies":[{"embeddable":true,"href":"https:\/\/stansgar.katolsk.no\/index.php?rest_route=%2Fwp%2Fv2%2Fcomments&post=5990"}],"version-history":[{"count":3,"href":"https:\/\/stansgar.katolsk.no\/index.php?rest_route=\/wp\/v2\/posts\/5990\/revisions"}],"predecessor-version":[{"id":5998,"href":"https:\/\/stansgar.katolsk.no\/index.php?rest_route=\/wp\/v2\/posts\/5990\/revisions\/5998"}],"wp:attachment":[{"href":"https:\/\/stansgar.katolsk.no\/index.php?rest_route=%2Fwp%2Fv2%2Fmedia&parent=5990"}],"wp:term":[{"taxonomy":"category","embeddable":true,"href":"https:\/\/stansgar.katolsk.no\/index.php?rest_route=%2Fwp%2Fv2%2Fcategories&post=5990"},{"taxonomy":"post_tag","embeddable":true,"href":"https:\/\/stansgar.katolsk.no\/index.php?rest_route=%2Fwp%2Fv2%2Ftags&post=5990"}],"curies":[{"name":"wp","href":"https:\/\/api.w.org\/{rel}","templated":true}]}}