{"id":598,"date":"2015-01-26T08:05:00","date_gmt":"2015-01-26T07:05:00","guid":{"rendered":"http:\/\/stansgar.katolsk.no\/index.php\/2015\/01\/26\/frre-messer-i-ves\/"},"modified":"2018-10-12T09:12:42","modified_gmt":"2018-10-12T07:12:42","slug":"frre-messer-i-ves","status":"publish","type":"post","link":"https:\/\/stansgar.katolsk.no\/?p=598","title":{"rendered":"F\u00e6rre messer i vest."},"content":{"rendered":"<p>I v\u00e5r blir det ikke messer i vestfylket en gang pr m\u00e5neds, slik det har v\u00e6rt i mange \u00e5r. Dette skyldes flere forhold. Menigheten har n\u00e5 f\u00e6rre prester, og siden menigheten \u00f8ker mye i og rett rundt Kristiansand, har de mye \u00e5 bruke kreftene p\u00e5 der. I Farsund og Flekkefjord har det v\u00e6rt nedgang i oppm\u00f8te til messene. Derfor har sognepresten bestemt at v\u00e5ren 2015 blir det<b> kun messe i Farsund og Flekkefjord 7.mars, 6.april(2.p\u00e5skedag) og 30.mai.&nbsp;<\/b><br \/>\nOrdningen vil bli evaluert med tanke p\u00e5 h\u00f8sten. Dersom katolikker i vest kjenner sin bes\u00f8kelsestid og m\u00f8ter opp til disse messene \u00f8ker sjansen for at vi igjen kan f\u00e5 flere messer her.<\/p>\n<p>I Lyngdal har det v\u00e6rt noen messer de siste \u00e5rene, kanskje blir det en \u00f8kning her i 2015. Katolikker i Farsund og Flekkefjord oppfordres til \u00e5 m\u00f8te opp til disse messene ogs\u00e5.<\/p>\n","protected":false},"excerpt":{"rendered":"<p>I v\u00e5r blir det ikke messer i vestfylket en gang pr m\u00e5neds, slik det har v\u00e6rt i mange \u00e5r. Dette skyldes flere forhold. Menigheten har n\u00e5 f\u00e6rre prester, og siden menigheten \u00f8ker mye i og rett rundt Kristiansand, har de&#8230;<br \/><a class=\"read-more-button\" href=\"https:\/\/stansgar.katolsk.no\/?p=598\">Read more<\/a><\/p>\n","protected":false},"author":3,"featured_media":0,"comment_status":"open","ping_status":"open","sticky":false,"template":"","format":"standard","meta":{"footnotes":""},"categories":[1],"tags":[55,18,19,52],"class_list":["post-598","post","type-post","status-publish","format-standard","hentry","category-ukategorisert","tag-farsund","tag-flekkefjord","tag-lyngdal","tag-messe"],"_links":{"self":[{"href":"https:\/\/stansgar.katolsk.no\/index.php?rest_route=\/wp\/v2\/posts\/598","targetHints":{"allow":["GET"]}}],"collection":[{"href":"https:\/\/stansgar.katolsk.no\/index.php?rest_route=\/wp\/v2\/posts"}],"about":[{"href":"https:\/\/stansgar.katolsk.no\/index.php?rest_route=\/wp\/v2\/types\/post"}],"author":[{"embeddable":true,"href":"https:\/\/stansgar.katolsk.no\/index.php?rest_route=\/wp\/v2\/users\/3"}],"replies":[{"embeddable":true,"href":"https:\/\/stansgar.katolsk.no\/index.php?rest_route=%2Fwp%2Fv2%2Fcomments&post=598"}],"version-history":[{"count":1,"href":"https:\/\/stansgar.katolsk.no\/index.php?rest_route=\/wp\/v2\/posts\/598\/revisions"}],"predecessor-version":[{"id":2524,"href":"https:\/\/stansgar.katolsk.no\/index.php?rest_route=\/wp\/v2\/posts\/598\/revisions\/2524"}],"wp:attachment":[{"href":"https:\/\/stansgar.katolsk.no\/index.php?rest_route=%2Fwp%2Fv2%2Fmedia&parent=598"}],"wp:term":[{"taxonomy":"category","embeddable":true,"href":"https:\/\/stansgar.katolsk.no\/index.php?rest_route=%2Fwp%2Fv2%2Fcategories&post=598"},{"taxonomy":"post_tag","embeddable":true,"href":"https:\/\/stansgar.katolsk.no\/index.php?rest_route=%2Fwp%2Fv2%2Ftags&post=598"}],"curies":[{"name":"wp","href":"https:\/\/api.w.org\/{rel}","templated":true}]}}