{"id":581,"date":"2015-03-02T10:11:00","date_gmt":"2015-03-02T09:11:00","guid":{"rendered":"http:\/\/stansgar.katolsk.no\/index.php\/2015\/03\/02\/nytt-fra-menighetsradet-februar-2015\/"},"modified":"2018-10-12T09:12:41","modified_gmt":"2018-10-12T07:12:41","slug":"nytt-fra-menighetsradet-februar-2015","status":"publish","type":"post","link":"https:\/\/stansgar.katolsk.no\/?p=581","title":{"rendered":"Nytt fra menighetsr\u00e5det februar 2015"},"content":{"rendered":"<div class=\"MsoNormal\">\n<\/div>\n<div class=\"MsoNormal\">\n<b style=\"mso-bidi-font-weight: normal;\">&nbsp;Medlemsregistreringen<\/b><\/div>\n<div class=\"MsoNormal\">\n&nbsp;&nbsp;&nbsp;<br \/>\nDet har v\u00e6rt mye br\u00e5k i media. Vi har f\u00e5tt to ukers utsettelse p\u00e5 &nbsp;&nbsp;<\/div>\n<div class=\"MsoNormal\">\n&nbsp;&nbsp;&nbsp; registreringen, og Ragnhild,<br \/>\nLuan og Knut Arne jobber p\u00e5 spreng.<\/div>\n<div class=\"MsoNormal\">\n<\/div>\n<div class=\"MsoNormal\">\n<b style=\"mso-bidi-font-weight: normal;\">&nbsp;Stella Maris<\/b><\/div>\n<div class=\"MsoNormal\">\n<b style=\"mso-bidi-font-weight: normal;\">&nbsp;&nbsp;&nbsp; <\/b>Befaring med Hai Nam Vy,<br \/>\nto til fra Oslo og to fra PKentrepren\u00f8r. &nbsp;<\/div>\n<div class=\"MsoNormal\">\n&nbsp;&nbsp;&nbsp; De fra Oslo har ikke sett<br \/>\nstedet f\u00f8r, og ble imponerte. De mente at &nbsp;<\/div>\n<div class=\"MsoNormal\">\n&nbsp;&nbsp;&nbsp; vi absolutt m\u00e5 beholde stedet.\n<\/div>\n<div class=\"MsoNormal\">\n&nbsp;&nbsp;&nbsp;<br \/>\nAnbud fra PK: 2 mill inkl mva, 1 mill hovedhuset. Mye av&nbsp; <\/div>\n<div class=\"MsoNormal\">\n&nbsp;&nbsp;&nbsp; arbeidet kan gj\u00f8res p\u00e5 dugnad.<br \/>\n&nbsp;Det arbeides videre med kontakter i&nbsp; <\/div>\n<div class=\"MsoNormal\">\n&nbsp;&nbsp; &nbsp;Tyskland (vedr\u00f8rende fretidig utleie av<br \/>\nstedet) og med \u00e5 skrive&nbsp; <\/div>\n<div class=\"MsoNormal\">\n&nbsp;&nbsp; &nbsp;s\u00f8knader om \u00f8konomisk st\u00f8tte fra bl.a<br \/>\nTyskland.<\/div>\n<div class=\"MsoNormal\">\n<\/div>\n<div class=\"MsoNormal\">\n<b style=\"mso-bidi-font-weight: normal;\">&nbsp;&nbsp;Info<br \/>\nfra jubileumskomit\u00e9en<\/b><\/div>\n<div class=\"MsoListParagraphCxSpFirst\" style=\"margin-left: 90.0pt; mso-add-space: auto; mso-list: l0 level1 lfo1; text-indent: -18.0pt;\">\n\u00b7&nbsp;&nbsp;&nbsp;&nbsp;&nbsp;<br \/>\nmesse, grillfest og<br \/>\nunderholdning 2.pinsedag 25.5 p\u00e5 Stella Maris<\/div>\n<div class=\"MsoListParagraphCxSpMiddle\" style=\"margin-left: 90.0pt; mso-add-space: auto; mso-list: l0 level1 lfo1; text-indent: -18.0pt;\">\n\u00b7&nbsp;&nbsp;&nbsp;&nbsp;&nbsp;<br \/>\n7. Juni, Kristi Legeme<br \/>\nog blodsfest. Leie Domkirken, prosesjon gjennom byen. Grillfest \u00e0 la<br \/>\nInternasjonal Dag. <\/div>\n<div class=\"MsoListParagraphCxSpMiddle\" style=\"margin-left: 90.0pt; mso-add-space: auto; mso-list: l0 level1 lfo1; text-indent: -18.0pt;\">\n\u00b7&nbsp;&nbsp;&nbsp;&nbsp;&nbsp;<br \/>\n15.august Kirkevigsel.<br \/>\nFestmesse, invitere tidligere prester og diverse andre gjester. Festmiddag for<br \/>\nbiskopen og de inviterte prestene. Det er ikke ledig p\u00e5 Festningen, og andre<br \/>\nlokaler er ikke s\u00e5 aktuelle. Vi g\u00e5r inn for \u00e5 stenge gata og ha \u00e0 la<br \/>\nInternasjonal Dag denne dagen ogs\u00e5.<\/div>\n<div class=\"MsoListParagraphCxSpMiddle\" style=\"margin-left: 90.0pt; mso-add-space: auto; mso-list: l0 level1 lfo1; text-indent: -18.0pt;\">\n\u00b7&nbsp;&nbsp;&nbsp;&nbsp;&nbsp;<br \/>\n14.september Feiring av<br \/>\nmenighetens stiftelsesdag. Avslutning av jubileums\u00e5ret. Messe, mottagelse med bobler<br \/>\nfor alle etter messen, &nbsp;middag for menighetsr\u00e5d<br \/>\nog jubileumskomit\u00e9en etterp\u00e5.<\/div>\n<div class=\"MsoListParagraphCxSpLast\" style=\"margin-left: 90.0pt; mso-add-space: auto; mso-list: l0 level1 lfo1; text-indent: -18.0pt;\">\n\u00b7&nbsp;&nbsp;&nbsp;&nbsp;&nbsp;<br \/>\nBanner, med enten<br \/>\ntegning av St. Ansgar, eller av kirket\u00e5rnet. Tekst: St.Ansgar menighet 125 \u00e5r<br \/>\nover bildet, \u00e5rstallene under.<\/div>\n<div class=\"MsoNormal\">\n<\/div>\n<div class=\"MsoNormal\">\n<b style=\"mso-bidi-font-weight: normal;\">&nbsp;Krusifiks<\/b><\/div>\n<div class=\"MsoNormal\">\n&nbsp;&nbsp;&nbsp;<br \/>\nVi<b style=\"mso-bidi-font-weight: normal;\"> <\/b>bestiller et San<br \/>\nDamianokors med utsk\u00e5ret korpus fra &nbsp;<\/div>\n<div class=\"MsoNormal\">\n&nbsp; &nbsp;&nbsp;Italia. Pris: 40 000. Vi har allerede mottatt<br \/>\ngaver til dette form\u00e5let, &nbsp;&nbsp;&nbsp;<\/div>\n<div class=\"MsoNormal\">\n&nbsp;&nbsp;&nbsp; s\u00e5 finansieringen er i orden.<\/div>\n<div class=\"MsoNormal\">\n&nbsp;&nbsp;&nbsp;&nbsp;&nbsp;&nbsp;&nbsp;&nbsp;&nbsp;&nbsp;&nbsp;&nbsp;&nbsp;&nbsp;&nbsp;&nbsp;&nbsp;&nbsp;&nbsp; &nbsp;<\/div>\n<div class=\"MsoNormal\">\n<\/div>\n<div class=\"MsoNormal\">\n<b style=\"mso-bidi-font-weight: normal;\">Retrett<\/b><\/div>\n<div class=\"MsoNormal\">\n&nbsp;&nbsp;&nbsp; Noen \u00f8nsker retrett i<br \/>\nfastetiden. P. Frode skal snakke med prester &nbsp;<\/div>\n<div class=\"MsoNormal\">\n&nbsp;&nbsp;&nbsp; han kjenner om \u00e5 holde en<br \/>\nretrettdag her. Mer info kommer<\/div>\n<div class=\"MsoNormal\">\n<\/div>\n<div class=\"MsoNormal\">\n<\/div>\n<div class=\"MsoNormal\">\n<b style=\"mso-bidi-font-weight: normal;\">Diverse<\/b><\/div>\n<div class=\"MsoListParagraphCxSpFirst\" style=\"margin-left: 90.0pt; mso-add-space: auto; mso-list: l0 level1 lfo1; text-indent: -18.0pt;\">\n\u00b7&nbsp;&nbsp;&nbsp;&nbsp;&nbsp;<br \/>\nForum for tro og<br \/>\nlivssyn. Tore sitter i ledergruppa, men \u00f8nsker avl\u00f8sning. P. Frode overtar.<\/div>\n<div class=\"MsoListParagraphCxSpMiddle\" style=\"margin-left: 90.0pt; mso-add-space: auto; mso-list: l0 level1 lfo1; text-indent: -18.0pt;\">\n\u00b7&nbsp;&nbsp;&nbsp;&nbsp;&nbsp;<br \/>\n8.mars synger synger<br \/>\nKristiansand Kammer-og Operakor i h\u00f8ymessen.<\/div>\n<p><\/p>\n<div class=\"MsoListParagraphCxSpLast\" style=\"margin-left: 90.0pt; mso-add-space: auto; mso-list: l0 level1 lfo1; text-indent: -18.0pt;\">\n\u00b7&nbsp;&nbsp;&nbsp;&nbsp;&nbsp;<br \/>\nTo vietnamesiske<br \/>\nbuddhister &nbsp;har gitt oss gaver(20<br \/>\n000\/2000). Takkebrev sendes dem<\/div>\n","protected":false},"excerpt":{"rendered":"<p>&nbsp;Medlemsregistreringen &nbsp;&nbsp;&nbsp; Det har v\u00e6rt mye br\u00e5k i media. Vi har f\u00e5tt to ukers utsettelse p\u00e5 &nbsp;&nbsp; &nbsp;&nbsp;&nbsp; registreringen, og Ragnhild, Luan og Knut Arne jobber p\u00e5 spreng. &nbsp;Stella Maris &nbsp;&nbsp;&nbsp; Befaring med Hai Nam Vy, to til fra Oslo&#8230;<br \/><a class=\"read-more-button\" href=\"https:\/\/stansgar.katolsk.no\/?p=581\">Read more<\/a><\/p>\n","protected":false},"author":3,"featured_media":0,"comment_status":"open","ping_status":"open","sticky":false,"template":"","format":"standard","meta":{"footnotes":""},"categories":[1],"tags":[24],"class_list":["post-581","post","type-post","status-publish","format-standard","hentry","category-ukategorisert","tag-menighetsrad"],"_links":{"self":[{"href":"https:\/\/stansgar.katolsk.no\/index.php?rest_route=\/wp\/v2\/posts\/581","targetHints":{"allow":["GET"]}}],"collection":[{"href":"https:\/\/stansgar.katolsk.no\/index.php?rest_route=\/wp\/v2\/posts"}],"about":[{"href":"https:\/\/stansgar.katolsk.no\/index.php?rest_route=\/wp\/v2\/types\/post"}],"author":[{"embeddable":true,"href":"https:\/\/stansgar.katolsk.no\/index.php?rest_route=\/wp\/v2\/users\/3"}],"replies":[{"embeddable":true,"href":"https:\/\/stansgar.katolsk.no\/index.php?rest_route=%2Fwp%2Fv2%2Fcomments&post=581"}],"version-history":[{"count":1,"href":"https:\/\/stansgar.katolsk.no\/index.php?rest_route=\/wp\/v2\/posts\/581\/revisions"}],"predecessor-version":[{"id":2502,"href":"https:\/\/stansgar.katolsk.no\/index.php?rest_route=\/wp\/v2\/posts\/581\/revisions\/2502"}],"wp:attachment":[{"href":"https:\/\/stansgar.katolsk.no\/index.php?rest_route=%2Fwp%2Fv2%2Fmedia&parent=581"}],"wp:term":[{"taxonomy":"category","embeddable":true,"href":"https:\/\/stansgar.katolsk.no\/index.php?rest_route=%2Fwp%2Fv2%2Fcategories&post=581"},{"taxonomy":"post_tag","embeddable":true,"href":"https:\/\/stansgar.katolsk.no\/index.php?rest_route=%2Fwp%2Fv2%2Ftags&post=581"}],"curies":[{"name":"wp","href":"https:\/\/api.w.org\/{rel}","templated":true}]}}