{"id":577,"date":"2015-03-06T07:44:00","date_gmt":"2015-03-06T06:44:00","guid":{"rendered":"http:\/\/stansgar.katolsk.no\/index.php\/2015\/03\/06\/klar-for-arets-frste-messe-i-vestfylke\/"},"modified":"2018-10-12T09:12:41","modified_gmt":"2018-10-12T07:12:41","slug":"klar-for-arets-frste-messe-i-vestfylke","status":"publish","type":"post","link":"https:\/\/stansgar.katolsk.no\/?p=577","title":{"rendered":"Klar for \u00e5rets f\u00f8rste messe i vestfylket!"},"content":{"rendered":"<p><a href=\"https:\/\/lh4.googleusercontent.com\/-fxhOvZ2X4Jc\/TY0XnpxQxvI\/AAAAAAAADbw\/i6Br8MwCfsM\/s1600\/messeFarsund.jpg\" imageanchor=\"1\" style=\"margin-left: 1em; margin-right: 1em;\"><img loading=\"lazy\" decoding=\"async\" border=\"0\" height=\"240\" r6=\"true\" src=\"https:\/\/lh4.googleusercontent.com\/-fxhOvZ2X4Jc\/TY0XnpxQxvI\/AAAAAAAADbw\/i6Br8MwCfsM\/s320\/messeFarsund.jpg\" width=\"320\" \/><\/a><\/p>\n<p>\nL\u00f8rdag 7.3 er det messer i vestfylket, kl. 12.00 i Farsund (Kirketorgets kapell) og kl. 16.00 i Flekkefjord(Nygaten 7).<\/p>\n<p>Les&nbsp;<a href=\"http:\/\/stansgar.katolsk.no\/index.php\/2015\/01\/26\/frre-messer-i-ves\/\" target=\"_blank\">her<\/a>&nbsp;om hvorfor det er f\u00e6rre messer i vest i v\u00e5r, og se for\u00f8vrig sogneprestens brev til alle katolikker i Farsund, Lyngdal og Flekkefjord.<\/p>\n<p>\nVelkommen!<\/p>\n<p><b>Msza sw. w Farsund (Kirketorgets kapell) o godz.12 w sobota 7.3<\/p>\n<p>Msza sw. we Flekkefjord (Nygaten 7 przy posterunku policji) o godz.16 w  sobota 7.3<\/b><\/p>\n","protected":false},"excerpt":{"rendered":"<p>L\u00f8rdag 7.3 er det messer i vestfylket, kl. 12.00 i Farsund (Kirketorgets kapell) og kl. 16.00 i Flekkefjord(Nygaten 7). Les&nbsp;her&nbsp;om hvorfor det er f\u00e6rre messer i vest i v\u00e5r, og se for\u00f8vrig sogneprestens brev til alle katolikker i Farsund, Lyngdal&#8230;<br \/><a class=\"read-more-button\" href=\"https:\/\/stansgar.katolsk.no\/?p=577\">Read more<\/a><\/p>\n","protected":false},"author":3,"featured_media":2497,"comment_status":"open","ping_status":"open","sticky":false,"template":"","format":"standard","meta":{"footnotes":""},"categories":[1],"tags":[55,18,52],"class_list":["post-577","post","type-post","status-publish","format-standard","has-post-thumbnail","hentry","category-ukategorisert","tag-farsund","tag-flekkefjord","tag-messe"],"_links":{"self":[{"href":"https:\/\/stansgar.katolsk.no\/index.php?rest_route=\/wp\/v2\/posts\/577","targetHints":{"allow":["GET"]}}],"collection":[{"href":"https:\/\/stansgar.katolsk.no\/index.php?rest_route=\/wp\/v2\/posts"}],"about":[{"href":"https:\/\/stansgar.katolsk.no\/index.php?rest_route=\/wp\/v2\/types\/post"}],"author":[{"embeddable":true,"href":"https:\/\/stansgar.katolsk.no\/index.php?rest_route=\/wp\/v2\/users\/3"}],"replies":[{"embeddable":true,"href":"https:\/\/stansgar.katolsk.no\/index.php?rest_route=%2Fwp%2Fv2%2Fcomments&post=577"}],"version-history":[{"count":2,"href":"https:\/\/stansgar.katolsk.no\/index.php?rest_route=\/wp\/v2\/posts\/577\/revisions"}],"predecessor-version":[{"id":3748,"href":"https:\/\/stansgar.katolsk.no\/index.php?rest_route=\/wp\/v2\/posts\/577\/revisions\/3748"}],"wp:featuredmedia":[{"embeddable":true,"href":"https:\/\/stansgar.katolsk.no\/index.php?rest_route=\/wp\/v2\/media\/2497"}],"wp:attachment":[{"href":"https:\/\/stansgar.katolsk.no\/index.php?rest_route=%2Fwp%2Fv2%2Fmedia&parent=577"}],"wp:term":[{"taxonomy":"category","embeddable":true,"href":"https:\/\/stansgar.katolsk.no\/index.php?rest_route=%2Fwp%2Fv2%2Fcategories&post=577"},{"taxonomy":"post_tag","embeddable":true,"href":"https:\/\/stansgar.katolsk.no\/index.php?rest_route=%2Fwp%2Fv2%2Ftags&post=577"}],"curies":[{"name":"wp","href":"https:\/\/api.w.org\/{rel}","templated":true}]}}