{"id":575,"date":"2015-03-12T14:57:00","date_gmt":"2015-03-12T13:57:00","guid":{"rendered":"http:\/\/stansgar.katolsk.no\/index.php\/2015\/03\/12\/sett-av-tid-til-retre\/"},"modified":"2018-10-12T09:12:41","modified_gmt":"2018-10-12T07:12:41","slug":"sett-av-tid-til-retre","status":"publish","type":"post","link":"https:\/\/stansgar.katolsk.no\/?p=575","title":{"rendered":"Sett av tid til retrett!"},"content":{"rendered":"<div class=\"separator\" style=\"clear: both; text-align: center;\">\n<a href=\"http:\/\/wkc.org\/wp-content\/uploads\/2011\/11\/Monastery.jpg\" imageanchor=\"1\" style=\"margin-left: 1em; margin-right: 1em;\"><img loading=\"lazy\" decoding=\"async\" border=\"0\" src=\"http:\/\/wkc.org\/wp-content\/uploads\/2011\/11\/Monastery.jpg\" height=\"300\" width=\"400\" \/><\/a><\/div>\n<div class=\"MsoNormal\" style=\"color: #222222; font-family: Georgia, Utopia, 'Palatino Linotype', Palatino, serif; font-size: 11pt; line-height: 16.866666793823242px; margin: 0cm 0cm 10pt;\">\n<b><br \/><\/b><\/div>\n<div class=\"MsoNormal\" style=\"color: #222222; font-family: Georgia, Utopia, 'Palatino Linotype', Palatino, serif; font-size: 11pt; line-height: 16.866666793823242px; margin: 0cm 0cm 10pt;\">\n<b><br \/><\/b><\/div>\n<div class=\"MsoNormal\" style=\"color: #222222; font-family: Georgia, Utopia, 'Palatino Linotype', Palatino, serif; font-size: 11pt; line-height: 16.866666793823242px; margin: 0cm 0cm 10pt;\">\n<b style=\"font-family: Times, 'Times New Roman', serif; font-size: 14pt; line-height: 21.466665267944336px;\">I fastetiden b\u00f8r vi trekke oss litt tilbake fra det vanlige livet og sette av tid til ettertanke og b\u00f8nn. Kirken tilbyr oss hjelp til dette, ved \u00e5 arrangere &nbsp;retretter.&nbsp;<\/b><\/div>\n<div class=\"MsoNormal\" style=\"color: #222222; font-family: Georgia, Utopia, 'Palatino Linotype', Palatino, serif; font-size: 11pt; line-height: 16.866666793823242px; margin: 0cm 0cm 10pt;\">\n<b style=\"font-family: Times, 'Times New Roman', serif; font-size: 14pt; line-height: 21.466665267944336px;\"><br \/><\/b><\/div>\n<div class=\"MsoNormal\" style=\"color: #222222; font-family: Georgia, Utopia, 'Palatino Linotype', Palatino, serif; font-size: 11pt; line-height: 16.866666793823242px; margin: 0cm 0cm 10pt;\">\n<b style=\"font-family: Times, 'Times New Roman', serif; font-size: 14pt; line-height: 21.466665267944336px;\"><u>&nbsp;St.Ansgar menighet inviterer til fasterett 13.- 15. mars, b\u00e5de p\u00e5 norsk og p\u00e5 polsk.<\/u><\/b><\/div>\n<div class=\"MsoNormal\" style=\"color: #222222; font-family: Georgia, Utopia, 'Palatino Linotype', Palatino, serif; font-size: 11pt; line-height: 16.866666793823242px; margin: 0cm 0cm 10pt;\">\n<\/div>\n<div class=\"MsoNormal\" style=\"color: #222222; font-family: Georgia, Utopia, 'Palatino Linotype', Palatino, serif; font-size: 11pt; line-height: 16.866666793823242px; margin: 0cm 0cm 10pt;\">\n<b style=\"font-family: Times, 'Times New Roman', serif; font-size: 14pt; line-height: 21.466665267944336px;\"><br \/><\/b><\/div>\n<div class=\"MsoNormal\" style=\"color: #222222; font-family: Georgia, Utopia, 'Palatino Linotype', Palatino, serif; font-size: 11pt; line-height: 16.866666793823242px; margin: 0cm 0cm 10pt;\">\nPater Pawel Lewandowski holder retrett p\u00e5 polsk. Se eget oppslag i kirken, eller kontakt prestene for info.<u><\/u><\/div>\n<div class=\"MsoNormal\" style=\"color: #222222; font-family: Georgia, Utopia, 'Palatino Linotype', Palatino, serif; font-size: 11pt; line-height: 16.866666793823242px; margin: 0cm 0cm 10pt;\">\n<\/div>\n<div class=\"MsoNormal\" style=\"color: #222222; font-family: Georgia, Utopia, 'Palatino Linotype', Palatino, serif; font-size: 11pt; line-height: 16.866666793823242px; margin: 0cm 0cm 10pt;\">\nPater Reidar Voith holder retrett p\u00e5 norsk. Han vil feire messen og korsveien fredag 13. mars kl. 18. Deretter, ca kl. 19 blir det foredrag i KIGA og anledning til skriftem\u00e5l. p. Reidar vil v\u00e6re tilgjengelig for individuelle samtaler l\u00f8rdag og vil feire h\u00f8ymessen s\u00f8ndag 15. mars med anledning til skriftem\u00e5l etterp\u00e5.<\/div>\n","protected":false},"excerpt":{"rendered":"<p>I fastetiden b\u00f8r vi trekke oss litt tilbake fra det vanlige livet og sette av tid til ettertanke og b\u00f8nn. Kirken tilbyr oss hjelp til dette, ved \u00e5 arrangere &nbsp;retretter.&nbsp; &nbsp;St.Ansgar menighet inviterer til fasterett 13.- 15. mars, b\u00e5de p\u00e5&#8230;<br \/><a class=\"read-more-button\" href=\"https:\/\/stansgar.katolsk.no\/?p=575\">Read more<\/a><\/p>\n","protected":false},"author":3,"featured_media":0,"comment_status":"open","ping_status":"open","sticky":false,"template":"","format":"standard","meta":{"footnotes":""},"categories":[1],"tags":[35,30],"class_list":["post-575","post","type-post","status-publish","format-standard","hentry","category-ukategorisert","tag-fastetiden","tag-retrett"],"_links":{"self":[{"href":"https:\/\/stansgar.katolsk.no\/index.php?rest_route=\/wp\/v2\/posts\/575","targetHints":{"allow":["GET"]}}],"collection":[{"href":"https:\/\/stansgar.katolsk.no\/index.php?rest_route=\/wp\/v2\/posts"}],"about":[{"href":"https:\/\/stansgar.katolsk.no\/index.php?rest_route=\/wp\/v2\/types\/post"}],"author":[{"embeddable":true,"href":"https:\/\/stansgar.katolsk.no\/index.php?rest_route=\/wp\/v2\/users\/3"}],"replies":[{"embeddable":true,"href":"https:\/\/stansgar.katolsk.no\/index.php?rest_route=%2Fwp%2Fv2%2Fcomments&post=575"}],"version-history":[{"count":1,"href":"https:\/\/stansgar.katolsk.no\/index.php?rest_route=\/wp\/v2\/posts\/575\/revisions"}],"predecessor-version":[{"id":2494,"href":"https:\/\/stansgar.katolsk.no\/index.php?rest_route=\/wp\/v2\/posts\/575\/revisions\/2494"}],"wp:attachment":[{"href":"https:\/\/stansgar.katolsk.no\/index.php?rest_route=%2Fwp%2Fv2%2Fmedia&parent=575"}],"wp:term":[{"taxonomy":"category","embeddable":true,"href":"https:\/\/stansgar.katolsk.no\/index.php?rest_route=%2Fwp%2Fv2%2Fcategories&post=575"},{"taxonomy":"post_tag","embeddable":true,"href":"https:\/\/stansgar.katolsk.no\/index.php?rest_route=%2Fwp%2Fv2%2Ftags&post=575"}],"curies":[{"name":"wp","href":"https:\/\/api.w.org\/{rel}","templated":true}]}}