{"id":569,"date":"2015-03-21T22:16:00","date_gmt":"2015-03-21T21:16:00","guid":{"rendered":"http:\/\/stansgar.katolsk.no\/index.php\/2015\/03\/21\/kunngjringer-22-mars-2015\/"},"modified":"2018-10-12T09:12:40","modified_gmt":"2018-10-12T07:12:40","slug":"kunngjringer-22-mars-2015","status":"publish","type":"post","link":"https:\/\/stansgar.katolsk.no\/?p=569","title":{"rendered":"Kunngj\u00f8ringer 22. mars 2015"},"content":{"rendered":"<div class=\"MsoNormal\" style=\"color: #222222; font-size: 11pt; line-height: 16.866666793823242px; margin: 0cm 0cm 10pt;\">\n<\/div>\n<div class=\"MsoNormal\" style=\"color: #222222; font-size: 11pt; line-height: 16.866666793823242px; margin: 0cm 0cm 10pt;\">\n<b>Denne uken er det messe mandag til fredag kl. 18.00. &nbsp;<\/b><\/p>\n<div class=\"MsoNormal\" style=\"font-size: 11pt; margin: 0cm 0cm 10pt;\">\n<\/div>\n<div class=\"MsoNormal\" style=\"font-size: 11pt; margin: 0cm 0cm 10pt;\">\n<b>Mandag 23. mars<\/b> er det tradisjonell latinsk messe etter 1962 messeboken kl.18.00<\/div>\n<div class=\"MsoNormal\" style=\"font-size: 11pt; margin: 0cm 0cm 10pt;\">\n<\/div>\n<\/div>\n<div class=\"MsoNormal\" style=\"color: #222222; font-size: 11pt; line-height: 16.866666793823242px; margin: 0cm 0cm 10pt;\">\n<b>Tirsdag 24. mars<\/b> er det sakramentstilbedelse etter messen i ca en halv time, fra kl. 18.30 til 19.00.<u><\/u><u><\/u><\/div>\n<div class=\"MsoNormal\" style=\"color: #222222; font-size: 11pt; line-height: 16.866666793823242px; margin: 0cm 0cm 10pt;\">\n<\/div>\n<div class=\"MsoNormal\" style=\"color: #222222; font-size: 11pt; line-height: 16.866666793823242px; margin: 0cm 0cm 10pt;\">\n<b>Onsdag 25. mars<\/b> er h\u00f8ytiden for Herrens Bebudelse. H\u00f8ymesse kl. 18.00.<u><\/u><u><\/u><\/div>\n<div class=\"MsoNormal\" style=\"color: #222222; font-size: 11pt; line-height: 16.866666793823242px; margin: 0cm 0cm 10pt;\">\n<\/div>\n<div class=\"MsoNormal\" style=\"color: #222222; font-size: 11pt; line-height: 16.866666793823242px; margin: 0cm 0cm 10pt;\">\n<b>Torsdag 26. mars<\/b> er det messe kl.11. Etter messen, ca 11.30 er det lunsj i menighetssalen. Alle er velkommen. Det er ogs\u00e5 messe kl. 18.00 denne dagen.<u><\/u><u><\/u><\/div>\n<div class=\"MsoNormal\" style=\"color: #222222; font-size: 11pt; line-height: 16.866666793823242px; margin: 0cm 0cm 10pt;\">\n<\/div>\n<div class=\"MsoNormal\" style=\"color: #222222; font-size: 11pt; line-height: 16.866666793823242px; margin: 0cm 0cm 10pt;\">\n<b>Torsdag 26. mars<\/b> er det ny kurskveld i serien \u2019Katolisisme\u2019, fra kl. 18.45 til kl. 21.00.<u><\/u><u><\/u><\/div>\n<div class=\"MsoNormal\" style=\"color: #222222; font-size: 11pt; line-height: 16.866666793823242px; margin: 0cm 0cm 10pt;\">\n<\/div>\n<div class=\"MsoNormal\" style=\"color: #222222; font-size: 11pt; line-height: 16.866666793823242px; margin: 0cm 0cm 10pt;\">\n<b>Fredag 27. mars<\/b> er det skriftem\u00e5l kl. 17.15 til 17.45. Messe kl. 18.00 og korsveiandakt kl. 18.30 til 19.00.<u><\/u><u><\/u><\/div>\n<div class=\"MsoNormal\" style=\"color: #222222; font-size: 11pt; line-height: 16.866666793823242px; margin: 0cm 0cm 10pt;\">\n<\/div>\n<div class=\"MsoNormal\" style=\"color: #222222; font-size: 11pt; line-height: 16.866666793823242px; margin: 0cm 0cm 10pt;\">\n<b>L\u00f8rdag 28. mars<\/b> er det messe p\u00e5 tagalog kl. 14.00.<u><\/u><u><\/u><\/div>\n<div class=\"MsoNormal\" style=\"color: #222222; font-size: 11pt; line-height: 16.866666793823242px; margin: 0cm 0cm 10pt;\">\n<\/div>\n<div class=\"MsoNormal\" style=\"color: #222222; font-size: 11pt; line-height: 16.866666793823242px; margin: 0cm 0cm 10pt;\">\n<b>Fra palmes\u00f8ndag til p\u00e5skedag arrangeres det en rosenkransaksjon for bisped\u00f8mmet. Planen er at noen ber rosenkransen et eller annet sted kontinuerlig dag og natt i denne perioden. Se&nbsp;&nbsp;<a href=\"http:\/\/www.katolsk.no\/nyheter\/2015\/03\/rosenkransaksjon-for-okb\" target=\"_blank\">her<\/a>&nbsp;for mer info og p\u00e5melding. Gi beskjed om hvilken time du vil be for bisped\u00f8mmet v\u00e5rt!<\/b><u><\/u><u><\/u><\/div>\n<div class=\"MsoNormal\" style=\"color: #222222; font-size: 11pt; line-height: 16.866666793823242px; margin: 0cm 0cm 10pt;\">\n<\/div>\n<div class=\"MsoNormal\" style=\"color: #222222; font-size: 11pt; line-height: 16.866666793823242px; margin: 0cm 0cm 10pt;\">\n<b>S\u00f8ndag 29. mars <\/b>er Palmes\u00f8ndag og innledning til Den Stille Uke. Se oppslag og egne ark for programmet for Den Stille Uke og P\u00e5sken. Programmet legges snart ut p\u00e5 bloggen.<\/div>\n","protected":false},"excerpt":{"rendered":"<p>Denne uken er det messe mandag til fredag kl. 18.00. &nbsp; Mandag 23. mars er det tradisjonell latinsk messe etter 1962 messeboken kl.18.00 Tirsdag 24. mars er det sakramentstilbedelse etter messen i ca en halv time, fra kl. 18.30 til&#8230;<br \/><a class=\"read-more-button\" href=\"https:\/\/stansgar.katolsk.no\/?p=569\">Read more<\/a><\/p>\n","protected":false},"author":3,"featured_media":0,"comment_status":"open","ping_status":"open","sticky":false,"template":"","format":"standard","meta":{"footnotes":""},"categories":[1],"tags":[3],"class_list":["post-569","post","type-post","status-publish","format-standard","hentry","category-ukategorisert","tag-kunngjoringer"],"_links":{"self":[{"href":"https:\/\/stansgar.katolsk.no\/index.php?rest_route=\/wp\/v2\/posts\/569","targetHints":{"allow":["GET"]}}],"collection":[{"href":"https:\/\/stansgar.katolsk.no\/index.php?rest_route=\/wp\/v2\/posts"}],"about":[{"href":"https:\/\/stansgar.katolsk.no\/index.php?rest_route=\/wp\/v2\/types\/post"}],"author":[{"embeddable":true,"href":"https:\/\/stansgar.katolsk.no\/index.php?rest_route=\/wp\/v2\/users\/3"}],"replies":[{"embeddable":true,"href":"https:\/\/stansgar.katolsk.no\/index.php?rest_route=%2Fwp%2Fv2%2Fcomments&post=569"}],"version-history":[{"count":1,"href":"https:\/\/stansgar.katolsk.no\/index.php?rest_route=\/wp\/v2\/posts\/569\/revisions"}],"predecessor-version":[{"id":2486,"href":"https:\/\/stansgar.katolsk.no\/index.php?rest_route=\/wp\/v2\/posts\/569\/revisions\/2486"}],"wp:attachment":[{"href":"https:\/\/stansgar.katolsk.no\/index.php?rest_route=%2Fwp%2Fv2%2Fmedia&parent=569"}],"wp:term":[{"taxonomy":"category","embeddable":true,"href":"https:\/\/stansgar.katolsk.no\/index.php?rest_route=%2Fwp%2Fv2%2Fcategories&post=569"},{"taxonomy":"post_tag","embeddable":true,"href":"https:\/\/stansgar.katolsk.no\/index.php?rest_route=%2Fwp%2Fv2%2Ftags&post=569"}],"curies":[{"name":"wp","href":"https:\/\/api.w.org\/{rel}","templated":true}]}}