{"id":564,"date":"2015-03-26T15:21:00","date_gmt":"2015-03-26T14:21:00","guid":{"rendered":"http:\/\/stansgar.katolsk.no\/index.php\/2015\/03\/26\/nytt-fra-menighetsradet-mars-2015\/"},"modified":"2018-10-12T09:12:40","modified_gmt":"2018-10-12T07:12:40","slug":"nytt-fra-menighetsradet-mars-2015","status":"publish","type":"post","link":"https:\/\/stansgar.katolsk.no\/?p=564","title":{"rendered":"Nytt fra menighetsr\u00e5det mars 2015"},"content":{"rendered":"<div class=\"MsoNormal\" style=\"mso-layout-grid-align: none; mso-pagination: none; text-autospace: none;\">\n<b style=\"mso-bidi-font-weight: normal;\">&nbsp;&nbsp;&nbsp;&nbsp;&nbsp;&nbsp;&nbsp;&nbsp;&nbsp;&nbsp;&nbsp;&nbsp;&nbsp;&nbsp;&nbsp;&nbsp;&nbsp;&nbsp;&nbsp;&nbsp;&nbsp;&nbsp;&nbsp;&nbsp;&nbsp;&nbsp;&nbsp;&nbsp;&nbsp;&nbsp;&nbsp;<\/b><\/div>\n<div class=\"MsoNormal\" style=\"mso-layout-grid-align: none; mso-pagination: none; text-autospace: none;\">\n<\/div>\n<div class=\"MsoNormal\" style=\"mso-layout-grid-align: none; mso-pagination: none; text-autospace: none;\">\n<b>&nbsp;Generelt<\/b><\/div>\n<div class=\"MsoListParagraphCxSpFirst\" style=\"margin-left: 98.0pt; mso-add-space: auto; mso-layout-grid-align: none; mso-pagination: none; text-autospace: none;\">\n<\/div>\n<div class=\"MsoListParagraphCxSpMiddle\" style=\"margin-left: 98.0pt; mso-add-space: auto; mso-layout-grid-align: none; mso-list: l0 level1 lfo1; mso-pagination: none; text-autospace: none; text-indent: -18.0pt;\">\n\u00b7&nbsp;&nbsp;&nbsp;&nbsp;&nbsp;<br \/>\nBarnegruppe startes opp en fredag i m\u00e5neden. Fra 17.april<br \/>\nblir det evangelieforklaring for barn i h\u00f8ymessen hver s\u00f8ndag. <\/div>\n<div class=\"MsoListParagraphCxSpMiddle\" style=\"margin-left: 98.0pt; mso-add-space: auto; mso-layout-grid-align: none; mso-list: l0 level1 lfo1; mso-pagination: none; text-autospace: none; text-indent: -18.0pt;\">\n\u00b7&nbsp;&nbsp;&nbsp;&nbsp;&nbsp;<br \/>\nNytt krusifiks er ankommet, og det har f\u00e5tt sv\u00e6rt<br \/>\npositive reaksjoner. Det ble velsignet etter h\u00f8ymessen s\u00f8ndag 22.3.<\/div>\n<div class=\"MsoListParagraphCxSpMiddle\" style=\"margin-left: 98.0pt; mso-add-space: auto; mso-layout-grid-align: none; mso-list: l0 level1 lfo1; mso-pagination: none; text-autospace: none; text-indent: -18.0pt;\">\n\u00b7&nbsp;&nbsp;&nbsp;&nbsp;&nbsp;<br \/>\nNytt alter er under bestilling, i svart granitt. Det<br \/>\nlages i Kina. <\/div>\n<div class=\"MsoListParagraphCxSpLast\" style=\"margin-left: 98.0pt; mso-add-space: auto; mso-layout-grid-align: none; mso-pagination: none; text-autospace: none;\">\n<\/div>\n<div class=\"MsoNormal\" style=\"mso-layout-grid-align: none; mso-pagination: none; text-autospace: none;\">\n<\/div>\n<div class=\"MsoNormal\" style=\"mso-layout-grid-align: none; mso-pagination: none; text-autospace: none;\">\n<b style=\"mso-bidi-font-weight: normal;\">&nbsp;Stella Maris<\/b><\/div>\n<div class=\"MsoNormal\" style=\"mso-layout-grid-align: none; mso-pagination: none; text-autospace: none;\">\n&nbsp;&nbsp;&nbsp;&nbsp;&nbsp;&nbsp;&nbsp;&nbsp;&nbsp;&nbsp;&nbsp;&nbsp;&nbsp;&nbsp;&nbsp;&nbsp;&nbsp;&nbsp;&nbsp; Grete og Hilmar har v\u00e6rt i<br \/>\nTyskland, der de ble tatt h\u00e5nd&nbsp;&nbsp; <\/div>\n<div class=\"MsoNormal\" style=\"mso-layout-grid-align: none; mso-pagination: none; text-autospace: none;\">\n&nbsp;&nbsp;&nbsp;&nbsp;&nbsp;&nbsp;&nbsp;&nbsp;&nbsp;&nbsp;&nbsp;&nbsp;&nbsp;&nbsp;&nbsp;&nbsp;&nbsp;&nbsp;&nbsp; om av p. Jansen og p.<br \/>\nHaunschild.<\/div>\n<div class=\"MsoNormal\" style=\"mso-layout-grid-align: none; mso-pagination: none; text-autospace: none;\">\n&nbsp;&nbsp;&nbsp;&nbsp;&nbsp;&nbsp;&nbsp;&nbsp;&nbsp;&nbsp;&nbsp;&nbsp;&nbsp;&nbsp;&nbsp;&nbsp;&nbsp;&nbsp;&nbsp; De var i m\u00f8te med p. Assenmacher(leder<br \/>\nfor &nbsp;<\/div>\n<div class=\"MsoNormal\" style=\"mso-layout-grid-align: none; mso-pagination: none; text-autospace: none;\">\n&nbsp;&nbsp;&nbsp;&nbsp;&nbsp;&nbsp;&nbsp;&nbsp;&nbsp;&nbsp;&nbsp;&nbsp;&nbsp;&nbsp;&nbsp;&nbsp;&nbsp;&nbsp;&nbsp; St.Ansgarwerk i K\u00f6ln). De<br \/>\nmener de fikk godt resultat, &nbsp;<\/div>\n<div class=\"MsoNormal\" style=\"mso-layout-grid-align: none; mso-pagination: none; text-autospace: none;\">\n&nbsp;&nbsp;&nbsp;&nbsp;&nbsp;&nbsp;&nbsp;&nbsp;&nbsp;&nbsp;&nbsp;&nbsp;&nbsp;&nbsp;&nbsp;&nbsp;&nbsp;&nbsp;&nbsp; ingen endelig beslutning er<br \/>\ntatt, men det virker som vi&nbsp; <\/div>\n<div class=\"MsoNormal\" style=\"mso-layout-grid-align: none; mso-pagination: none; text-autospace: none;\">\n&nbsp;&nbsp;&nbsp;&nbsp;&nbsp;&nbsp;&nbsp;&nbsp;&nbsp;&nbsp;&nbsp;&nbsp;&nbsp;&nbsp;&nbsp;&nbsp;&nbsp;&nbsp;&nbsp; f\u00e5r god hjelp til \u00e5 finansiere renoveringen av hovedhuset. Vi &nbsp;<\/div>\n<div class=\"MsoNormal\" style=\"mso-layout-grid-align: none; mso-pagination: none; text-autospace: none;\">\n&nbsp;&nbsp;&nbsp;&nbsp;&nbsp;&nbsp;&nbsp;&nbsp;&nbsp;&nbsp;&nbsp;&nbsp;&nbsp;&nbsp;&nbsp;&nbsp;&nbsp;&nbsp;&nbsp; har ikke f\u00e5tt endelig svar<br \/>\nenn\u00e5, men Grete f\u00f8lger opp dette.<\/div>\n<div class=\"MsoNormal\" style=\"mso-layout-grid-align: none; mso-pagination: none; text-autospace: none;\">\n<\/div>\n<div class=\"MsoNormal\" style=\"mso-layout-grid-align: none; mso-pagination: none; text-autospace: none;\">\n<\/div>\n<div class=\"MsoNormal\" style=\"mso-layout-grid-align: none; mso-pagination: none; text-autospace: none;\">\n<\/div>\n<div class=\"MsoNormal\" style=\"mso-layout-grid-align: none; mso-pagination: none; text-autospace: none;\">\n<\/div>\n<div class=\"MsoNormal\" style=\"mso-layout-grid-align: none; mso-pagination: none; text-autospace: none;\">\n<b style=\"mso-bidi-font-weight: normal;\">&nbsp;<br \/>\n\u00d8konomien<\/b><\/div>\n<div class=\"MsoNormal\" style=\"mso-layout-grid-align: none; mso-pagination: none; text-autospace: none;\">\n&nbsp;&nbsp;&nbsp;&nbsp;&nbsp;&nbsp;&nbsp; &nbsp;&nbsp;&nbsp;&nbsp;&nbsp;&nbsp;&nbsp;&nbsp;&nbsp;&nbsp;&nbsp;&nbsp;Regnskapet for 2014 og budsjett for<br \/>\n2015 foreligger. De &nbsp;<\/div>\n<div class=\"MsoNormal\" style=\"mso-layout-grid-align: none; mso-pagination: none; text-autospace: none;\">\n&nbsp;&nbsp;&nbsp;&nbsp;&nbsp;&nbsp;&nbsp;&nbsp;&nbsp;&nbsp;&nbsp;&nbsp;&nbsp;&nbsp;&nbsp;&nbsp;&nbsp;&nbsp;&nbsp; som \u00f8nsker \u00e5 se n\u00e6rmere p\u00e5<br \/>\ndette kan kontakte Tore.&nbsp; <\/div>\n<div class=\"MsoNormal\" style=\"mso-layout-grid-align: none; mso-pagination: none; text-autospace: none;\">\n&nbsp;&nbsp;&nbsp;&nbsp;&nbsp;&nbsp; &nbsp;&nbsp;&nbsp;&nbsp;&nbsp;&nbsp;&nbsp;&nbsp;&nbsp;&nbsp;&nbsp;&nbsp;&nbsp;Driftsregnskapet ligger p\u00e5<br \/>\nbloggen.<\/div>\n<div class=\"MsoNormal\" style=\"mso-layout-grid-align: none; mso-pagination: none; text-autospace: none;\">\n&nbsp;&nbsp;&nbsp; <\/div>\n<div class=\"MsoNormal\" style=\"mso-layout-grid-align: none; mso-pagination: none; text-autospace: none;\">\n<\/div>\n<div class=\"MsoNormal\" style=\"mso-layout-grid-align: none; mso-pagination: none; text-autospace: none;\">\n<\/div>\n<div class=\"MsoNormal\" style=\"mso-layout-grid-align: none; mso-pagination: none; text-autospace: none;\">\n&nbsp;&nbsp;&nbsp;&nbsp;&nbsp;&nbsp;&nbsp;&nbsp;&nbsp;&nbsp;&nbsp;&nbsp;&nbsp;&nbsp; <\/div>\n<div class=\"MsoNormal\" style=\"mso-layout-grid-align: none; mso-pagination: none; text-autospace: none;\">\n<\/div>\n<div class=\"MsoNormal\">\n<\/div>\n<p><\/p>\n<div class=\"MsoListParagraph\" style=\"margin-left: 98.0pt; mso-add-space: auto;\">\n<\/div>\n","protected":false},"excerpt":{"rendered":"<p>&nbsp;&nbsp;&nbsp;&nbsp;&nbsp;&nbsp;&nbsp;&nbsp;&nbsp;&nbsp;&nbsp;&nbsp;&nbsp;&nbsp;&nbsp;&nbsp;&nbsp;&nbsp;&nbsp;&nbsp;&nbsp;&nbsp;&nbsp;&nbsp;&nbsp;&nbsp;&nbsp;&nbsp;&nbsp;&nbsp;&nbsp; &nbsp;Generelt \u00b7&nbsp;&nbsp;&nbsp;&nbsp;&nbsp; Barnegruppe startes opp en fredag i m\u00e5neden. Fra 17.april blir det evangelieforklaring for barn i h\u00f8ymessen hver s\u00f8ndag. \u00b7&nbsp;&nbsp;&nbsp;&nbsp;&nbsp; Nytt krusifiks er ankommet, og det har f\u00e5tt sv\u00e6rt positive reaksjoner. Det ble velsignet etter h\u00f8ymessen s\u00f8ndag 22.3&#8230;.<br \/><a class=\"read-more-button\" href=\"https:\/\/stansgar.katolsk.no\/?p=564\">Read more<\/a><\/p>\n","protected":false},"author":3,"featured_media":0,"comment_status":"open","ping_status":"open","sticky":false,"template":"","format":"standard","meta":{"footnotes":""},"categories":[1],"tags":[24],"class_list":["post-564","post","type-post","status-publish","format-standard","hentry","category-ukategorisert","tag-menighetsrad"],"_links":{"self":[{"href":"https:\/\/stansgar.katolsk.no\/index.php?rest_route=\/wp\/v2\/posts\/564","targetHints":{"allow":["GET"]}}],"collection":[{"href":"https:\/\/stansgar.katolsk.no\/index.php?rest_route=\/wp\/v2\/posts"}],"about":[{"href":"https:\/\/stansgar.katolsk.no\/index.php?rest_route=\/wp\/v2\/types\/post"}],"author":[{"embeddable":true,"href":"https:\/\/stansgar.katolsk.no\/index.php?rest_route=\/wp\/v2\/users\/3"}],"replies":[{"embeddable":true,"href":"https:\/\/stansgar.katolsk.no\/index.php?rest_route=%2Fwp%2Fv2%2Fcomments&post=564"}],"version-history":[{"count":1,"href":"https:\/\/stansgar.katolsk.no\/index.php?rest_route=\/wp\/v2\/posts\/564\/revisions"}],"predecessor-version":[{"id":2479,"href":"https:\/\/stansgar.katolsk.no\/index.php?rest_route=\/wp\/v2\/posts\/564\/revisions\/2479"}],"wp:attachment":[{"href":"https:\/\/stansgar.katolsk.no\/index.php?rest_route=%2Fwp%2Fv2%2Fmedia&parent=564"}],"wp:term":[{"taxonomy":"category","embeddable":true,"href":"https:\/\/stansgar.katolsk.no\/index.php?rest_route=%2Fwp%2Fv2%2Fcategories&post=564"},{"taxonomy":"post_tag","embeddable":true,"href":"https:\/\/stansgar.katolsk.no\/index.php?rest_route=%2Fwp%2Fv2%2Ftags&post=564"}],"curies":[{"name":"wp","href":"https:\/\/api.w.org\/{rel}","templated":true}]}}