{"id":563,"date":"2015-03-26T17:35:00","date_gmt":"2015-03-26T16:35:00","guid":{"rendered":"http:\/\/stansgar.katolsk.no\/index.php\/2015\/03\/26\/be-rosenkrans-for-bispedmme\/"},"modified":"2018-10-12T09:12:40","modified_gmt":"2018-10-12T07:12:40","slug":"be-rosenkrans-for-bispedmme","status":"publish","type":"post","link":"https:\/\/stansgar.katolsk.no\/?p=563","title":{"rendered":"Be rosenkrans for bisped\u00f8mmet!"},"content":{"rendered":"<p><\/p>\n<div class=\"separator\" style=\"clear: both; text-align: center;\">\n<a href=\"http:\/\/www.fatima.org\/essentials\/requests\/images\/rosary02.jpg\" imageanchor=\"1\" style=\"margin-left: 1em; margin-right: 1em;\"><img loading=\"lazy\" decoding=\"async\" border=\"0\" src=\"http:\/\/www.fatima.org\/essentials\/requests\/images\/rosary02.jpg\" height=\"400\" width=\"286\" \/><\/a><\/div>\n<div class=\"separator\" style=\"clear: both; text-align: center;\">\n<\/div>\n<div class=\"separator\" style=\"clear: both; text-align: center;\">\n<b><br \/><\/b><\/div>\n<p>\n<b>V\u00e5rt bisped\u00f8mme har v\u00e6rt, og er fortsatt, ute i hardt v\u00e6r. Ofte kan vi troende f\u00f8le oss hjelpel\u00f8se i slike situasjoner &#8211; det er s\u00e5 lite vi kan gj\u00f8re, alle problemene foreg\u00e5r langt unna der vi befinner oss. VI kan imidlertid pr\u00f8ve \u00e5 se saken fra en litt annen vinkel, og tenke at dette er en pr\u00f8velse som kan snus til noe godt. I Kirken b\u00e6rer vi hverandre, gjennom b\u00f8nnen, &nbsp;i glede som i sorg. La oss se p\u00e5 det som skjer som en anledning der vi alle kan gj\u00f8re felles bot for synder beg\u00e5tt av oss alle, tidligere generasjoner inkludert. &nbsp;La oss forst\u00e5 at vi, som de kloke jomfruene, alltid m\u00e5 v\u00e6re v\u00e5kne og forberedt p\u00e5 Hans komme, n\u00e5 som P\u00e5sken n\u00e6rmer seg.&nbsp;<\/b><br \/>\n<em style=\"color: #222222; font-family: arial, sans-serif; font-size: 12.8px;\"><br \/><\/em><\/p>\n<div class=\"separator\" style=\"clear: both; text-align: center;\">\n<a href=\"http:\/\/www.pyreneanway.com\/images\/virgins.jpg\" imageanchor=\"1\" style=\"margin-left: 1em; margin-right: 1em;\"><img loading=\"lazy\" decoding=\"async\" border=\"0\" src=\"http:\/\/www.pyreneanway.com\/images\/virgins.jpg\" height=\"212\" width=\"320\" \/><\/a><\/div>\n<p><em style=\"color: #222222; font-family: arial, sans-serif; font-size: 12.8px;\"><br \/><\/em><br \/>\n<b><br \/><\/b><br \/>\n<b>En god m\u00e5te \u00e5 oppn\u00e5 dette p\u00e5 er \u00e5 delta i b\u00f8nneaksjonen&nbsp;troende i bisped\u00f8mmet har tatt initiativ til. Det oppfordres til en b\u00f8nnevakt, der rosenkransen bes kontinuerlig fra Palmes\u00f8ndag til 1. p\u00e5skedag. Man kan registrere seg og si fra hvilken time man \u00f8nsker \u00e5 be, og s\u00e5 samordnes dette slik at det forh\u00e5pentligvis bes hver time hele denne perioden. Meld fra til din sogneprest, eller direkte p\u00e5 &nbsp;<a href=\"mailto:rosenkrans2015@gmail.com\" target=\"_blank\">rosenkrans2015@gmail.com<\/a>. Les mer om aksjonen&nbsp;<a href=\"http:\/\/www.katolsk.no\/nyheter\/2015\/03\/rosenkransaksjon-for-okb\" target=\"_blank\">her<\/a>.<\/b><\/p>\n","protected":false},"excerpt":{"rendered":"<p>V\u00e5rt bisped\u00f8mme har v\u00e6rt, og er fortsatt, ute i hardt v\u00e6r. Ofte kan vi troende f\u00f8le oss hjelpel\u00f8se i slike situasjoner &#8211; det er s\u00e5 lite vi kan gj\u00f8re, alle problemene foreg\u00e5r langt unna der vi befinner oss. VI kan&#8230;<br \/><a class=\"read-more-button\" href=\"https:\/\/stansgar.katolsk.no\/?p=563\">Read more<\/a><\/p>\n","protected":false},"author":3,"featured_media":2478,"comment_status":"open","ping_status":"open","sticky":false,"template":"","format":"standard","meta":{"footnotes":""},"categories":[1],"tags":[48,97,5],"class_list":["post-563","post","type-post","status-publish","format-standard","has-post-thumbnail","hentry","category-ukategorisert","tag-bonn","tag-okb","tag-rosenkrans"],"_links":{"self":[{"href":"https:\/\/stansgar.katolsk.no\/index.php?rest_route=\/wp\/v2\/posts\/563","targetHints":{"allow":["GET"]}}],"collection":[{"href":"https:\/\/stansgar.katolsk.no\/index.php?rest_route=\/wp\/v2\/posts"}],"about":[{"href":"https:\/\/stansgar.katolsk.no\/index.php?rest_route=\/wp\/v2\/types\/post"}],"author":[{"embeddable":true,"href":"https:\/\/stansgar.katolsk.no\/index.php?rest_route=\/wp\/v2\/users\/3"}],"replies":[{"embeddable":true,"href":"https:\/\/stansgar.katolsk.no\/index.php?rest_route=%2Fwp%2Fv2%2Fcomments&post=563"}],"version-history":[{"count":1,"href":"https:\/\/stansgar.katolsk.no\/index.php?rest_route=\/wp\/v2\/posts\/563\/revisions"}],"predecessor-version":[{"id":2477,"href":"https:\/\/stansgar.katolsk.no\/index.php?rest_route=\/wp\/v2\/posts\/563\/revisions\/2477"}],"wp:featuredmedia":[{"embeddable":true,"href":"https:\/\/stansgar.katolsk.no\/index.php?rest_route=\/wp\/v2\/media\/2478"}],"wp:attachment":[{"href":"https:\/\/stansgar.katolsk.no\/index.php?rest_route=%2Fwp%2Fv2%2Fmedia&parent=563"}],"wp:term":[{"taxonomy":"category","embeddable":true,"href":"https:\/\/stansgar.katolsk.no\/index.php?rest_route=%2Fwp%2Fv2%2Fcategories&post=563"},{"taxonomy":"post_tag","embeddable":true,"href":"https:\/\/stansgar.katolsk.no\/index.php?rest_route=%2Fwp%2Fv2%2Ftags&post=563"}],"curies":[{"name":"wp","href":"https:\/\/api.w.org\/{rel}","templated":true}]}}