{"id":559,"date":"2015-03-28T22:15:00","date_gmt":"2015-03-28T21:15:00","guid":{"rendered":"http:\/\/stansgar.katolsk.no\/index.php\/2015\/03\/28\/kunngjringer-29-mars-2015\/"},"modified":"2018-10-12T09:12:40","modified_gmt":"2018-10-12T07:12:40","slug":"kunngjringer-29-mars-2015","status":"publish","type":"post","link":"https:\/\/stansgar.katolsk.no\/?p=559","title":{"rendered":"Kunngj\u00f8ringer 29. mars 2015"},"content":{"rendered":"<div class=\"MsoNormal\" style=\"color: #222222; font-size: 11pt; line-height: 16.866666793823242px; margin: 0cm 0cm 10pt;\">\n<\/div>\n<div class=\"MsoNormal\" style=\"color: #222222; font-size: 11pt; line-height: 16.866666793823242px; margin: 0cm 0cm 10pt;\">\nProgrammet for Den Stille uke og p\u00e5skens hellige tre dager er trykket p\u00e5 et eget ark som kan f\u00e5s i kirken. Dere finner ogs\u00e5 programmet p\u00e5 &nbsp;<a href=\"http:\/\/stansgar.katolsk.no\/index.php\/2015\/03\/28\/den-stille-uke-og-paske-2015-i-st-ansgar\/\" target=\"_blank\">menighetens blogg<\/a>.<u><\/u><\/div>\n<div class=\"MsoNormal\" style=\"color: #222222; font-size: 11pt; line-height: 16.866666793823242px; margin: 0cm 0cm 10pt;\">\nUkens program er som f\u00f8lger:<u><\/u><\/div>\n<div class=\"MsoNormal\" style=\"color: #222222; font-size: 11pt; line-height: 16.866666793823242px; margin: 0cm 0cm 10pt;\">\n<b>Onsdag 1. april<\/b> er det messe p\u00e5 norsk kl. 18.00. Rosenkrans p\u00e5 engelsk etter messen.<u><\/u><u><\/u><\/div>\n<div class=\"MsoNormal\" style=\"color: #222222; font-size: 11pt; line-height: 16.866666793823242px; margin: 0cm 0cm 10pt;\">\n<b>Torsdag 2. april er Skj\u00e6rtorsdag.<\/b> Messe p\u00e5 vietnamesisk kl. 16.30 og p\u00e5 norsk kl. 19.00. Tilbedelse og skriftem\u00e5l utover kvelden. Felles rosenkrans kl.20.45.<u><\/u><u><\/u><\/div>\n<div class=\"MsoNormal\" style=\"color: #222222; font-size: 11pt; line-height: 16.866666793823242px; margin: 0cm 0cm 10pt;\">\n<b>Fredag 3. april er Langfredag<\/b>. Kl. 10.00 er det Matutin og Laudes. Det er en h\u00f8ytidelig sunget morgenb\u00f8nn fra kirkens tradisjon, spesielt anbefalt p\u00e5 langfredag og p\u00e5skeaften. Kl.11.00 er det skriftem\u00e5l. Det blir langfredagsliturgi&nbsp; p\u00e5 vietnamesisk kl. 13.00 og p\u00e5 norsk kl. 15.00. Kl. 17.00 blir det \u00f8kumenisk korsvandring gjennom byen med start fra St. Ansgar kirke.<u><\/u><u><\/u><\/div>\n<div class=\"MsoNormal\" style=\"color: #222222; font-size: 11pt; line-height: 16.866666793823242px; margin: 0cm 0cm 10pt;\">\n<b>L\u00f8rdag 4. april<\/b> er det Matutin og Laudes kl. 10.00. Velsignelse av p\u00e5skemat kl. 12.00 og p\u00e5skevigilie kl. 21.00<u><\/u><u><\/u><\/div>\n<div class=\"MsoNormal\" style=\"color: #222222; font-size: 11pt; line-height: 16.866666793823242px; margin: 0cm 0cm 10pt;\">\n<b>S\u00f8ndag 5. april er 1. p\u00e5skedag<\/b>. Da er det vanlige s\u00f8ndagsmessetider her samt ogs\u00e5 messe p\u00e5 Stella Maris kl. 14.00<u><\/u><u><\/u><\/div>\n<div class=\"MsoNormal\" style=\"color: #222222; font-size: 11pt; line-height: 16.866666793823242px; margin: 0cm 0cm 10pt;\">\n<b>Fra palmes\u00f8ndag til p\u00e5skedag<\/b> arrangeres det en rosenkransaksjon for Oslo katolske bisped\u00f8mme som er i en vanskelig situasjon akkurat n\u00e5. Hele perioden er n\u00e5 dekket, b\u00e5de dag og natt! Men jo flere som ber jo bedre, s\u00e5 be rosenkransen for v\u00e5rt bisped\u00f8mme denne uken du ogs\u00e5.<u><\/u><u><\/u><\/div>\n<div class=\"MsoNormal\" style=\"color: #222222; font-size: 11pt; line-height: 16.866666793823242px; margin: 0cm 0cm 10pt;\">\n<b>S\u00f8ndag 12. april<\/b> starter St. Ansgar menighet evangelieforklaring for barn i h\u00f8ymessen. Sm\u00e5 barn opp til 1.kommunionsalder er velkommen til ungdomskjelleren under lesningene og prekenen. Barna og deres voksne hjelpere kommer tilbake til kirken til offertoriet og resten av messen. Vi h\u00e5per dette tilbudet vil v\u00e6re til glede og hjelp for alle sm\u00e5barnsfamilier i menigheten.<\/div>\n","protected":false},"excerpt":{"rendered":"<p>Programmet for Den Stille uke og p\u00e5skens hellige tre dager er trykket p\u00e5 et eget ark som kan f\u00e5s i kirken. Dere finner ogs\u00e5 programmet p\u00e5 &nbsp;menighetens blogg. Ukens program er som f\u00f8lger: Onsdag 1. april er det messe p\u00e5&#8230;<br \/><a class=\"read-more-button\" href=\"https:\/\/stansgar.katolsk.no\/?p=559\">Read more<\/a><\/p>\n","protected":false},"author":3,"featured_media":0,"comment_status":"open","ping_status":"open","sticky":false,"template":"","format":"standard","meta":{"footnotes":""},"categories":[1],"tags":[3],"class_list":["post-559","post","type-post","status-publish","format-standard","hentry","category-ukategorisert","tag-kunngjoringer"],"_links":{"self":[{"href":"https:\/\/stansgar.katolsk.no\/index.php?rest_route=\/wp\/v2\/posts\/559","targetHints":{"allow":["GET"]}}],"collection":[{"href":"https:\/\/stansgar.katolsk.no\/index.php?rest_route=\/wp\/v2\/posts"}],"about":[{"href":"https:\/\/stansgar.katolsk.no\/index.php?rest_route=\/wp\/v2\/types\/post"}],"author":[{"embeddable":true,"href":"https:\/\/stansgar.katolsk.no\/index.php?rest_route=\/wp\/v2\/users\/3"}],"replies":[{"embeddable":true,"href":"https:\/\/stansgar.katolsk.no\/index.php?rest_route=%2Fwp%2Fv2%2Fcomments&post=559"}],"version-history":[{"count":2,"href":"https:\/\/stansgar.katolsk.no\/index.php?rest_route=\/wp\/v2\/posts\/559\/revisions"}],"predecessor-version":[{"id":3746,"href":"https:\/\/stansgar.katolsk.no\/index.php?rest_route=\/wp\/v2\/posts\/559\/revisions\/3746"}],"wp:attachment":[{"href":"https:\/\/stansgar.katolsk.no\/index.php?rest_route=%2Fwp%2Fv2%2Fmedia&parent=559"}],"wp:term":[{"taxonomy":"category","embeddable":true,"href":"https:\/\/stansgar.katolsk.no\/index.php?rest_route=%2Fwp%2Fv2%2Fcategories&post=559"},{"taxonomy":"post_tag","embeddable":true,"href":"https:\/\/stansgar.katolsk.no\/index.php?rest_route=%2Fwp%2Fv2%2Ftags&post=559"}],"curies":[{"name":"wp","href":"https:\/\/api.w.org\/{rel}","templated":true}]}}