{"id":537,"date":"2015-05-19T11:52:00","date_gmt":"2015-05-19T09:52:00","guid":{"rendered":"http:\/\/stansgar.katolsk.no\/index.php\/2015\/05\/19\/kunngjringer-17-mai-2015\/"},"modified":"2018-10-12T09:12:39","modified_gmt":"2018-10-12T07:12:39","slug":"kunngjringer-17-mai-2015","status":"publish","type":"post","link":"https:\/\/stansgar.katolsk.no\/?p=537","title":{"rendered":"Kunngj\u00f8ringer 17. mai 2015"},"content":{"rendered":"<div class=\"MsoNormal\" style=\"color: #222222; font-size: 11pt; line-height: 16.866666793823242px; margin: 0cm 0cm 10pt;\">\n<\/div>\n<div class=\"MsoNormal\" style=\"color: #222222; font-size: 11pt; line-height: 16.866666793823242px; margin: 0cm 0cm 10pt;\">\n<b>Tirsdag til fredag er det messe kl. 18.00<\/b><u><\/u><u><\/u><\/div>\n<div class=\"MsoNormal\" style=\"color: #222222; font-size: 11pt; line-height: 16.866666793823242px; margin: 0cm 0cm 10pt;\">\n<b><br \/><\/b><\/div>\n<div class=\"MsoNormal\" style=\"color: #222222; font-size: 11pt; line-height: 16.866666793823242px; margin: 0cm 0cm 10pt;\">\n<b>Onsdag 20. mai kl. 18.30<\/b> er det rosenkransandakt p\u00e5 norsk.&nbsp;&nbsp;<u><\/u><u><\/u><\/div>\n<div class=\"MsoNormal\" style=\"color: #222222; font-size: 11pt; line-height: 16.866666793823242px; margin: 0cm 0cm 10pt;\">\n<\/div>\n<div class=\"MsoNormal\" style=\"color: #222222; font-size: 11pt; line-height: 16.866666793823242px; margin: 0cm 0cm 10pt;\">\n<b>Torsdag 21. mai<\/b> blir det requiemmesse for Mathilde Mercedez Meza kl. 11.<u><\/u><u><\/u><\/div>\n<div class=\"MsoNormal\" style=\"color: #222222; font-size: 11pt; line-height: 16.866666793823242px; margin: 0cm 0cm 10pt;\">\n<\/div>\n<div class=\"MsoNormal\" style=\"color: #222222; font-size: 11pt; line-height: 16.866666793823242px; margin: 0cm 0cm 10pt;\">\n<b>Fredag 22. mai<\/b> blir det igjen juniorklubb for alle i 3. til 7. klasse. P\u00e5melding innen onsdag 20. mai. Se oppslag med n\u00e6rmere opplysninger.<u><\/u><u><\/u><\/div>\n<div class=\"MsoNormal\" style=\"color: #222222; font-size: 11pt; line-height: 16.866666793823242px; margin: 0cm 0cm 10pt;\">\n<\/div>\n<div class=\"MsoNormal\" style=\"color: #222222; font-size: 11pt; line-height: 16.866666793823242px; margin: 0cm 0cm 10pt;\">\n<b>L\u00f8rdag 23. mai<\/b> er det messe p\u00e5 tagalog kl. 14 og p\u00e5 fransk kl. 16<u><\/u><u><\/u><\/div>\n<div class=\"MsoNormal\" style=\"color: #222222; font-size: 11pt; line-height: 16.866666793823242px; margin: 0cm 0cm 10pt;\">\n<\/div>\n<div class=\"MsoNormal\" style=\"color: #222222; font-size: 11pt; line-height: 16.866666793823242px; margin: 0cm 0cm 10pt;\">\n<b>S\u00f8ndag 24.mai<\/b> er det messe p\u00e5 Stella Maris kl. 14<u><\/u><u><\/u><\/div>\n<div class=\"MsoNormal\" style=\"color: #222222; font-size: 11pt; line-height: 16.866666793823242px; margin: 0cm 0cm 10pt;\">\n<\/div>\n<div class=\"MsoNormal\" style=\"color: #222222; font-size: 11pt; line-height: 16.866666793823242px; margin: 0cm 0cm 10pt;\">\n<b>Mandag 25. mai er 2. pinsedag.<\/b> Denne dagen blir det ingen messe i St. Ansgar kirke. Denne dagen inviterer St. Ansgar menighet alle til Stella Maris i Mandal. Det blir <b>messe kl.11(merk tiden!)<\/b> og deretter grilling og hyggelig samv\u00e6r. Ta med mat og drikke og campingstoler. Griller finnes p\u00e5 Stella Maris. Det blir underholdning og loddsalg. Velkommen til en koselig dag sammen p\u00e5 Stella Maris.&nbsp;&nbsp;<u><\/u><u><\/u><\/div>\n<div class=\"MsoNormal\" style=\"color: #222222; font-size: 11pt; line-height: 16.866666793823242px; margin: 0cm 0cm 10pt;\">\n<\/div>\n<div class=\"MsoNormal\" style=\"color: #222222; font-size: 11pt; line-height: 16.866666793823242px; margin: 0cm 0cm 10pt;\">\n<b>L\u00f8rdag 20. juni til l\u00f8rdag 27. juni <\/b>blir det leir for barn i alderen 8 \u2013 12 \u00e5r p\u00e5 Stella Maris i Mandal. Se oppslag i gangen og brosjyre med informasjon p\u00e5 norsk, polsk, vietnamesisk og engelsk. Menigheten tilbyr st\u00f8tte og s\u00f8skenrabatt. For mer informasjon kontakt pater Frode<u><\/u><u><\/u><\/div>\n<div class=\"MsoNormal\" style=\"color: #222222; font-size: 11pt; line-height: 16.866666793823242px; margin: 0cm 0cm 10pt;\">\n<\/div>\n<div class=\"MsoNormal\" style=\"color: #222222; font-size: 11pt; line-height: 16.866666793823242px; margin: 0cm 0cm 10pt;\">\nI forbindelse med jubileums\u00e5ret i menigheten skal det kj\u00f8pes inn<b> ti nye messehagler.<\/b> Hvis det er familier eller enkeltpersoner som kan tenke seg \u00e5 betale for en av dem som en gave til kirken tas det imot med takk. En messehagel koster 3200 kroner.<u><\/u><u><\/u><\/div>\n<div>\n<\/div>\n","protected":false},"excerpt":{"rendered":"<p>Tirsdag til fredag er det messe kl. 18.00 Onsdag 20. mai kl. 18.30 er det rosenkransandakt p\u00e5 norsk.&nbsp;&nbsp; Torsdag 21. mai blir det requiemmesse for Mathilde Mercedez Meza kl. 11. Fredag 22. mai blir det igjen juniorklubb for alle i&#8230;<br \/><a class=\"read-more-button\" href=\"https:\/\/stansgar.katolsk.no\/?p=537\">Read more<\/a><\/p>\n","protected":false},"author":3,"featured_media":0,"comment_status":"open","ping_status":"open","sticky":false,"template":"","format":"standard","meta":{"footnotes":""},"categories":[1],"tags":[],"class_list":["post-537","post","type-post","status-publish","format-standard","hentry","category-ukategorisert"],"_links":{"self":[{"href":"https:\/\/stansgar.katolsk.no\/index.php?rest_route=\/wp\/v2\/posts\/537","targetHints":{"allow":["GET"]}}],"collection":[{"href":"https:\/\/stansgar.katolsk.no\/index.php?rest_route=\/wp\/v2\/posts"}],"about":[{"href":"https:\/\/stansgar.katolsk.no\/index.php?rest_route=\/wp\/v2\/types\/post"}],"author":[{"embeddable":true,"href":"https:\/\/stansgar.katolsk.no\/index.php?rest_route=\/wp\/v2\/users\/3"}],"replies":[{"embeddable":true,"href":"https:\/\/stansgar.katolsk.no\/index.php?rest_route=%2Fwp%2Fv2%2Fcomments&post=537"}],"version-history":[{"count":1,"href":"https:\/\/stansgar.katolsk.no\/index.php?rest_route=\/wp\/v2\/posts\/537\/revisions"}],"predecessor-version":[{"id":2434,"href":"https:\/\/stansgar.katolsk.no\/index.php?rest_route=\/wp\/v2\/posts\/537\/revisions\/2434"}],"wp:attachment":[{"href":"https:\/\/stansgar.katolsk.no\/index.php?rest_route=%2Fwp%2Fv2%2Fmedia&parent=537"}],"wp:term":[{"taxonomy":"category","embeddable":true,"href":"https:\/\/stansgar.katolsk.no\/index.php?rest_route=%2Fwp%2Fv2%2Fcategories&post=537"},{"taxonomy":"post_tag","embeddable":true,"href":"https:\/\/stansgar.katolsk.no\/index.php?rest_route=%2Fwp%2Fv2%2Ftags&post=537"}],"curies":[{"name":"wp","href":"https:\/\/api.w.org\/{rel}","templated":true}]}}