{"id":5316,"date":"2019-04-24T12:07:07","date_gmt":"2019-04-24T10:07:07","guid":{"rendered":"http:\/\/stansgar.katolsk.no\/?p=5316"},"modified":"2019-04-24T21:57:10","modified_gmt":"2019-04-24T19:57:10","slug":"fra-menighetsradets-leder","status":"publish","type":"post","link":"https:\/\/stansgar.katolsk.no\/?p=5316","title":{"rendered":"Fra Menighetsr\u00e5dets leder"},"content":{"rendered":"<p><img loading=\"lazy\" decoding=\"async\" class=\"size-medium wp-image-5319 alignright\" src=\"http:\/\/stansgar.katolsk.no\/wp-content\/uploads\/2019\/04\/Menighetsr\u00e5dsleder-p\u00e5aske-2019-300x225.jpg\" alt=\"\" width=\"300\" height=\"225\" srcset=\"https:\/\/stansgar.katolsk.no\/wp-content\/uploads\/2019\/04\/Menighetsr\u00e5dsleder-p\u00e5aske-2019-300x225.jpg 300w, https:\/\/stansgar.katolsk.no\/wp-content\/uploads\/2019\/04\/Menighetsr\u00e5dsleder-p\u00e5aske-2019-768x576.jpg 768w, https:\/\/stansgar.katolsk.no\/wp-content\/uploads\/2019\/04\/Menighetsr\u00e5dsleder-p\u00e5aske-2019-1024x768.jpg 1024w, https:\/\/stansgar.katolsk.no\/wp-content\/uploads\/2019\/04\/Menighetsr\u00e5dsleder-p\u00e5aske-2019-956x717.jpg 956w, https:\/\/stansgar.katolsk.no\/wp-content\/uploads\/2019\/04\/Menighetsr\u00e5dsleder-p\u00e5aske-2019.jpg 2016w\" sizes=\"auto, (max-width: 300px) 100vw, 300px\" \/>Tusen takk for en flott p\u00e5skeh\u00f8ytid!<\/p>\n<p>Kj\u00e6re dere. Aller f\u00f8rst vil jeg si tusen takk til alle som har bidratt til at dette har blitt den mest stemningsfulle p\u00e5skefeiringen jeg har v\u00e6rt med p\u00e5 i St. Ansgar noen gang! Nydelige dekorasjoner og mye fin symbolikk skaper stemning og f\u00f8lelser som bidrar til at vi lettere forst\u00e5r og blir en del av p\u00e5skebudskapet. I \u00e5r har vi ogs\u00e5 f\u00e5tt mange nye tilskudd til p\u00e5skesymbolikken: nytt fastetidsalter, nye korsvei-ikoner, ny Jesu grav, og nye lilla kleder til \u00e5 dekke krusifikser og statuer. Spesielt hyggelig er det at ogs\u00e5 barna har f\u00e5tt v\u00e6re synlige i kirkerommet med sitt eget fastetidsalter og inntog i kirken etter evangelieforklaringen. Og vakre blomster til oppstandelsen som forsterker f\u00f8lelsen av glede og fornyelse. Tusen takk til alle dere som har bidratt til kirkens utsmykning.<\/p>\n<p>I tillegg vil jeg takke alle som har bidratt til de mange flotte arrangementene vi har hatt i p\u00e5skefeiringen. Vi har hatt en fantastisk p\u00e5skekatekese med barna hvor alle barna gikk i palmeprosesjon rundt kirka og hadde korsveiandakt inni kirka. H\u00f8ydepunktet var likevel barnas p\u00e5skespill hvor de spilte p\u00e5skefortellingen p\u00e5 helt nye spesialtilpassede scener i katekesemessen. Det var nydelig og r\u00f8rende \u00e5 se barna fra mange nasjoner spille Jesu lidelseshistorie sammen. Til og med de minste barna satt helt stille under hele skuespillet. Det var ogs\u00e5 flott at mange voksne hadde funnet veien til kirka denne dagen. Jeg anbefaler de av dere som gikk glipp av det \u00e5 komme p\u00e5 barnas p\u00e5skespill neste \u00e5r.<\/p>\n<p>Vi har hatt retretter p\u00e5 flere spr\u00e5k, og for b\u00e5de voksne og barn. Langfredag hadde vi v\u00e5r vanlige \u00f8kumeniske korsvandring i byen og jeg blir b\u00e5de glad og stolt over \u00e5 v\u00e6re katolikk da, for jeg tror de fleste i korsvandringen kom fra v\u00e5r menighet. Det er vidunderlig at vi har s\u00e5nn et mangfold blant v\u00e5re medlemmer. Og vi har hatt andre arrangementer som felles p\u00e5skem\u00e5ltid etter p\u00e5skevigilien, mange hyggelige kirkekaffesamlinger med mer. Tusen takk til alle som har st\u00e5tt p\u00e5 og gitt av sin tid til disse arrangementene som bygger fellesskap.<\/p>\n<p>Og takk til alle dere som kommer og fyller kirken og som deltar p\u00e5 arrangementer. Dere er viktige for \u00e5 skape engasjement og fellesskapsf\u00f8lelse. N\u00e5r vi er mange samlet synliggj\u00f8r det \u00abv\u00e5r kirkes tro\u00bb og jeg synes det blir s\u00e5 tydelig at vi alle sammen er en del av verdenskirken.<\/p>\n<p>Jeg er stolt av \u00e5 v\u00e6re en del av en s\u00e5 flott og spennende menighet og jeg gleder meg til \u00e5 f\u00e5 enda bedre kjennskap til alt det gode arbeidet som gj\u00f8res i alle de ulike gruppene v\u00e5re. Menighetslivet best\u00e5r av fellesskap i tro og b\u00f8nn i kirkerommet, men det er ogs\u00e5 givende \u00e5 f\u00e5 delta i andre menighetsaktiviteter hvor vi kan gi av v\u00e5r tid til kirken. Alle har noe \u00e5 bidra med og det finnes en plass til alle som \u00f8nsker det. Har du anledning til \u00e5 hjelpe med noe eller \u00f8nsker \u00e5 bli med p\u00e5 sosiale aktiviteter for \u00e5 bli bedre kjent, s\u00e5 ta gjerne kontakt med meg eller noen andre i menighetsr\u00e5det. Vi trenger dere alle!<\/p>\n<p>Jeg \u00f8nsker dere alle en fortsatt velsignet p\u00e5sketid!<\/p>\n<p>Beste hilsen Ane<\/p>\n<p>Menighetsr\u00e5dsleder<\/p>\n<p><img decoding=\"async\" src=\"cid:40142D66913A3D459AC2DC0C4185C579@eurprd05.prod.outlook.com\" alt=\"\" \/><\/p>\n","protected":false},"excerpt":{"rendered":"<p>Tusen takk for en flott p\u00e5skeh\u00f8ytid! Kj\u00e6re dere. Aller f\u00f8rst vil jeg si tusen takk til alle som har bidratt til at dette har blitt den mest stemningsfulle p\u00e5skefeiringen jeg har v\u00e6rt med p\u00e5 i St. Ansgar noen gang! Nydelige&#8230;<br \/><a class=\"read-more-button\" href=\"https:\/\/stansgar.katolsk.no\/?p=5316\">Read more<\/a><\/p>\n","protected":false},"author":2,"featured_media":0,"comment_status":"open","ping_status":"open","sticky":false,"template":"","format":"standard","meta":{"footnotes":""},"categories":[204],"tags":[],"class_list":["post-5316","post","type-post","status-publish","format-standard","hentry","category-ukategorisert-nb"],"_links":{"self":[{"href":"https:\/\/stansgar.katolsk.no\/index.php?rest_route=\/wp\/v2\/posts\/5316","targetHints":{"allow":["GET"]}}],"collection":[{"href":"https:\/\/stansgar.katolsk.no\/index.php?rest_route=\/wp\/v2\/posts"}],"about":[{"href":"https:\/\/stansgar.katolsk.no\/index.php?rest_route=\/wp\/v2\/types\/post"}],"author":[{"embeddable":true,"href":"https:\/\/stansgar.katolsk.no\/index.php?rest_route=\/wp\/v2\/users\/2"}],"replies":[{"embeddable":true,"href":"https:\/\/stansgar.katolsk.no\/index.php?rest_route=%2Fwp%2Fv2%2Fcomments&post=5316"}],"version-history":[{"count":5,"href":"https:\/\/stansgar.katolsk.no\/index.php?rest_route=\/wp\/v2\/posts\/5316\/revisions"}],"predecessor-version":[{"id":5322,"href":"https:\/\/stansgar.katolsk.no\/index.php?rest_route=\/wp\/v2\/posts\/5316\/revisions\/5322"}],"wp:attachment":[{"href":"https:\/\/stansgar.katolsk.no\/index.php?rest_route=%2Fwp%2Fv2%2Fmedia&parent=5316"}],"wp:term":[{"taxonomy":"category","embeddable":true,"href":"https:\/\/stansgar.katolsk.no\/index.php?rest_route=%2Fwp%2Fv2%2Fcategories&post=5316"},{"taxonomy":"post_tag","embeddable":true,"href":"https:\/\/stansgar.katolsk.no\/index.php?rest_route=%2Fwp%2Fv2%2Ftags&post=5316"}],"curies":[{"name":"wp","href":"https:\/\/api.w.org\/{rel}","templated":true}]}}