{"id":5282,"date":"2019-04-12T21:59:05","date_gmt":"2019-04-12T19:59:05","guid":{"rendered":"http:\/\/stansgar.katolsk.no\/?p=5282"},"modified":"2019-04-12T22:02:35","modified_gmt":"2019-04-12T20:02:35","slug":"triduum-paschalne-i-wielkanoc-2019","status":"publish","type":"post","link":"https:\/\/stansgar.katolsk.no\/?p=5282","title":{"rendered":"Triduum Paschalne i Wielkanoc 2019"},"content":{"rendered":"<p style=\"text-align: center;\"><span style=\"color: red; font-size: 22pt;\"><strong><span style=\"font-family: Times New Roman;\"><em>Og\u0142oszenia duszpasterstwa polskiego<br \/>\nw parafii \u015bw. Ansgara w Kristiansand<\/em><\/span><span style=\"font-family: Times New Roman;\"><br \/>\n<\/span><\/strong><\/span><\/p>\n<p style=\"text-align: center;\"><span style=\"color: black;\"><span style=\"font-family: Times New Roman; font-size: 18pt;\"><strong>Triduum Paschalne i Wielkanoc 2019<\/strong><\/span><span style=\"color: #00000a; font-family: Times New Roman; font-size: 12pt;\"><br \/>\n<\/span><\/span><\/p>\n<p><span style=\"color: #002060; font-family: Times New Roman;\"><span style=\"font-size: 22pt;\"><strong><em><span style=\"text-decoration: underline;\">Wielki Czwartek <\/span>(18.04.2019)<\/em><\/strong><\/span><span style=\"color: #00000a; font-size: 12pt;\"><br \/>\n<\/span><\/span><\/p>\n<p><span style=\"color: black; font-family: Times New Roman; font-size: 14pt;\">12.00 &#8211; 14.00 okazja do spowiedzi \u015bw. w j\u0119z. polskim<span style=\"color: #00000a;\"><br \/>\n<\/span><\/span><\/p>\n<p><span style=\"color: black; font-family: Times New Roman;\"><span style=\"font-size: 12pt;\">\u2013 <\/span><span style=\"font-size: 16pt;\"><strong>18.00 Msza \u015bwi\u0119ta Wieczerzy Pa\u0144skiej w j\u0119z. norweskim<\/strong><\/span><span style=\"color: #00000a; font-size: 12pt;\"><br \/>\n<\/span><\/span><\/p>\n<p><span style=\"color: black; font-family: Times New Roman;\"><span style=\"font-size: 14pt;\">22.00 do 22.45 nabo\u017ce\u0144stwo i adoracja Naj\u015bw. Sakramentu \u2013 w j\u0119z. polskim<\/span><span style=\"color: #00000a; font-size: 12pt;\"><br \/>\n<\/span><\/span><\/p>\n<p><span style=\"color: #c00000; font-family: Times New Roman;\"><span style=\"font-size: 22pt;\"><strong><em><span style=\"text-decoration: underline;\">Wielki Pi\u0105tek <\/span>(19.04.2019) \u2013 przypada post \u015bcis\u0142y<\/em><\/strong><\/span><span style=\"color: #00000a; font-size: 12pt;\"><br \/>\n<\/span><\/span><\/p>\n<p><span style=\"color: black; font-family: Times New Roman; font-size: 14pt;\">10.00 &#8211; 12.00 okazja do spowiedzi \u015bw. po polsku<span style=\"color: #00000a;\"><br \/>\n<\/span><\/span><\/p>\n<p><span style=\"color: #00000a; font-family: Times New Roman;\"><span style=\"font-size: 16pt;\"><strong>15.00 Ceremonie Wielkiego Pi\u0105tku (po norwesku)<\/strong><\/span><span style=\"font-size: 12pt;\"><br \/>\n<\/span><\/span><\/p>\n<p><span style=\"color: #00000a; font-family: Times New Roman;\"><span style=\"font-size: 16pt;\"><strong>17.00 Ekumeniczna Droga Krzyzowa ulicami miasta<\/strong><\/span><span style=\"font-size: 12pt;\"><br \/>\n<\/span><\/span><\/p>\n<p><span style=\"color: black; font-family: Times New Roman;\"><span style=\"font-size: 14pt;\">20.30 &#8211; 21.00 Adoracja Krzy\u017ca, modlitwy i czuwanie przy Grobie Pa\u0144skim w j\u0119z. polskim<\/span><span style=\"color: #00000a; font-size: 12pt;\"><br \/>\n<\/span><\/span><\/p>\n<p><span style=\"color: black; font-family: Times New Roman;\"><span style=\"font-size: 14pt;\">21.00 \u2013 22.00 okazja do spowiedzi \u015bw. po polsku <\/span><span style=\"color: #00000a; font-size: 12pt;\"><br \/>\n<\/span><\/span><\/p>\n<p><span style=\"color: #7030a0; font-family: Times New Roman;\"><span style=\"font-size: 22pt;\"><strong><em><span style=\"text-decoration: underline;\">Wielka Sobota <\/span>(20.04.2019)<\/em><\/strong><\/span><span style=\"color: #00000a; font-size: 12pt;\"><br \/>\n<\/span><\/span><\/p>\n<p><span style=\"color: black; font-family: Times New Roman;\"><span style=\"font-size: 14pt;\">12.00, 13.00, 14.00 &#8211; \u015awi\u0119cenie pokarm\u00f3w wielkanocnych<\/span><span style=\"color: #00000a; font-size: 12pt;\"><br \/>\n<\/span><\/span><\/p>\n<p><span style=\"color: black; font-family: Times New Roman; font-size: 14pt;\">Zach\u0119camy do Adoracji Krzy\u017ca i modlitwy przy Grobie Pa\u0144skim<span style=\"color: #00000a;\"><br \/>\n<\/span><\/span><\/p>\n<p><span style=\"color: black; font-family: Times New Roman;\"><span style=\"font-size: 16pt;\"><strong>21.00 Wigilia Paschalna (po norwesku)<\/strong><\/span><span style=\"color: #00000a; font-size: 8pt;\"><br \/>\n<\/span><\/span><\/p>\n<p><span style=\"color: black; font-family: Times New Roman;\"><span style=\"font-size: 22pt; background-color: yellow;\"><strong><em><span style=\"text-decoration: underline;\">Niedziela Zmartwychwstania Pa\u0144skiego <\/span>(21.04.2019)<\/em><\/strong><\/span><span style=\"color: #00000a; font-size: 12pt;\"><br \/>\n<\/span><\/span><\/p>\n<p><span style=\"color: #00000a; font-family: Times New Roman;\"><span style=\"font-size: 16pt;\"><strong>9.00. Msza \u015bw. w j\u0119z. polskim<\/strong><\/span><span style=\"font-size: 12pt;\"><br \/>\n<\/span><\/span><\/p>\n<p><span style=\"color: #00000a; font-family: Times New Roman;\"><strong><span style=\"font-size: 22pt; background-color: yellow;\"><em><span style=\"text-decoration: underline;\">Poniedzia\u0142ek Wielkanocny<\/span> (22.04.2019)<\/em><\/span><span style=\"font-size: 8pt; text-decoration: underline;\"><br \/>\n<\/span><\/strong><span style=\"color: black;\"><span style=\"font-size: 16pt;\"><strong>9.00. Msza \u015bw. w j\u0119z. polskim<\/strong><\/span><span style=\"color: #00000a; font-size: 12pt;\"><br \/>\n<\/span><\/span><\/span><\/p>\n<p><span style=\"color: black; font-family: Times New Roman;\"><strong><span style=\"font-size: 16pt;\">14.00 Messe i St. Katarina kapellet p\u00e5 Lista <\/span><span style=\"font-size: 12pt;\">(po norwesku odprawia ks. Dawid)<\/span><span style=\"font-size: 16pt;\"><br \/>\n<\/span><\/strong><\/span><\/p>\n<p><span style=\"color: black; font-family: Times New Roman;\"><strong><span style=\"font-size: 16pt;\">17.00 Messe p\u00e5 Stella Maris <\/span><span style=\"font-size: 12pt;\">(po norwesku odprawia ks. Dawid)<\/span><span style=\"font-size: 16pt;\"><br \/>\n<\/span><\/strong><\/span><\/p>\n<p style=\"text-align: center;\"><span style=\"color: black; font-family: Times New Roman; font-size: 20pt;\"><strong>\u017byczymy Wszystkim Parafianom i Go\u015bciom owocnego prze\u017cywania<br \/>\n<\/strong><\/span><\/p>\n<p style=\"text-align: center;\"><span style=\"color: black; font-family: Times New Roman; font-size: 20pt;\"><strong>Triduum Paschalnego i Radosnych \u015awi\u0105t Zmartwychwstania Pa\u0144skiego.<br \/>\n<\/strong><\/span><\/p>\n<p style=\"text-align: center;\"><span style=\"color: black; font-family: Times New Roman; font-size: 20pt;\"><strong>Weso\u0142ego Alleluja!!!<br \/>\n<\/strong><\/span><\/p>\n<p style=\"text-align: right;\"><span style=\"color: black; font-family: Blackadder ITC; font-size: 16pt;\"><em>Wasi Duszpasterze<\/em><\/span><\/p>\n","protected":false},"excerpt":{"rendered":"<p>Og\u0142oszenia duszpasterstwa polskiego w parafii \u015bw. Ansgara w Kristiansand Triduum Paschalne i Wielkanoc 2019 Wielki Czwartek (18.04.2019) 12.00 &#8211; 14.00 okazja do spowiedzi \u015bw. w j\u0119z. polskim \u2013 18.00 Msza \u015bwi\u0119ta Wieczerzy Pa\u0144skiej w j\u0119z. norweskim 22.00 do 22.45 nabo\u017ce\u0144stwo&#8230;<br \/><a class=\"read-more-button\" href=\"https:\/\/stansgar.katolsk.no\/?p=5282\">Read more<\/a><\/p>\n","protected":false},"author":2,"featured_media":1755,"comment_status":"open","ping_status":"open","sticky":false,"template":"","format":"standard","meta":{"footnotes":""},"categories":[204],"tags":[],"class_list":["post-5282","post","type-post","status-publish","format-standard","has-post-thumbnail","hentry","category-ukategorisert-nb"],"_links":{"self":[{"href":"https:\/\/stansgar.katolsk.no\/index.php?rest_route=\/wp\/v2\/posts\/5282","targetHints":{"allow":["GET"]}}],"collection":[{"href":"https:\/\/stansgar.katolsk.no\/index.php?rest_route=\/wp\/v2\/posts"}],"about":[{"href":"https:\/\/stansgar.katolsk.no\/index.php?rest_route=\/wp\/v2\/types\/post"}],"author":[{"embeddable":true,"href":"https:\/\/stansgar.katolsk.no\/index.php?rest_route=\/wp\/v2\/users\/2"}],"replies":[{"embeddable":true,"href":"https:\/\/stansgar.katolsk.no\/index.php?rest_route=%2Fwp%2Fv2%2Fcomments&post=5282"}],"version-history":[{"count":2,"href":"https:\/\/stansgar.katolsk.no\/index.php?rest_route=\/wp\/v2\/posts\/5282\/revisions"}],"predecessor-version":[{"id":5284,"href":"https:\/\/stansgar.katolsk.no\/index.php?rest_route=\/wp\/v2\/posts\/5282\/revisions\/5284"}],"wp:featuredmedia":[{"embeddable":true,"href":"https:\/\/stansgar.katolsk.no\/index.php?rest_route=\/wp\/v2\/media\/1755"}],"wp:attachment":[{"href":"https:\/\/stansgar.katolsk.no\/index.php?rest_route=%2Fwp%2Fv2%2Fmedia&parent=5282"}],"wp:term":[{"taxonomy":"category","embeddable":true,"href":"https:\/\/stansgar.katolsk.no\/index.php?rest_route=%2Fwp%2Fv2%2Fcategories&post=5282"},{"taxonomy":"post_tag","embeddable":true,"href":"https:\/\/stansgar.katolsk.no\/index.php?rest_route=%2Fwp%2Fv2%2Ftags&post=5282"}],"curies":[{"name":"wp","href":"https:\/\/api.w.org\/{rel}","templated":true}]}}