{"id":528,"date":"2015-06-02T20:57:00","date_gmt":"2015-06-02T18:57:00","guid":{"rendered":"http:\/\/stansgar.katolsk.no\/index.php\/2015\/06\/02\/corpus-christi-i-stansgar\/"},"modified":"2018-10-12T09:12:39","modified_gmt":"2018-10-12T07:12:39","slug":"corpus-christi-i-stansgar","status":"publish","type":"post","link":"https:\/\/stansgar.katolsk.no\/?p=528","title":{"rendered":"Corpus Christi i St.Ansgar"},"content":{"rendered":"<table align=\"center\" cellpadding=\"0\" cellspacing=\"0\" class=\"tr-caption-container\" style=\"margin-left: auto; margin-right: auto; text-align: center;\">\n<tbody>\n<tr>\n<td style=\"text-align: center;\"><a href=\"http:\/\/www.katolsk.no\/nyheter\/2013\/06\/CCbergen2013.JPG\/image_preview\" imageanchor=\"1\" style=\"margin-left: auto; margin-right: auto;\"><img loading=\"lazy\" decoding=\"async\" border=\"0\" src=\"http:\/\/www.katolsk.no\/nyheter\/2013\/06\/CCbergen2013.JPG\/image_preview\" height=\"266\" width=\"400\" \/><\/a><\/td>\n<\/tr>\n<tr>\n<td class=\"tr-caption\" style=\"text-align: center;\">Corpus Christiprosesjon i Bergen i 2013 &#8211; m\u00e5tte den bli minst like lang hos oss i \u00e5r!<\/p>\n<\/td>\n<\/tr>\n<\/tbody>\n<\/table>\n<p><b>S\u00f8ndag 7. juni&nbsp;<\/b>feier St. Ansgar menighet Kristi Legemsfest med en felles messe i Kristiansand Domkirke kl. 14.00. Det er ogs\u00e5 1.kommunion under denne messen.<\/p>\n<p>Etter messen blir det sakramentsprosesjon gjennom byen til St. Ansgar kirke. Til slutt blir det kirkekaffe\/fellesm\u00e5ltid i St. Ansgar. Alle som vil delta bes om \u00e5 ta med litt mat eller kake til \u00e5 sette p\u00e5 et fellesbord, s\u00e5 hygger vi oss sammen!<br \/>\n<br style=\"color: #222222;\" \/>Mat kan evt leveres inn i St.Ansgar f\u00f8r messen i Domkirken.<br style=\"color: #222222; font-family: Georgia, Utopia, 'Palatino Linotype', Palatino, serif; font-size: 15px; line-height: 16.866666793823242px;\" \/>Sett av dagen og bli med p\u00e5 en fin markering sammen med hele menigheten. Det blir ingen andre messer denne dagen.&nbsp;<\/p>\n","protected":false},"excerpt":{"rendered":"<p>Corpus Christiprosesjon i Bergen i 2013 &#8211; m\u00e5tte den bli minst like lang hos oss i \u00e5r! S\u00f8ndag 7. juni&nbsp;feier St. Ansgar menighet Kristi Legemsfest med en felles messe i Kristiansand Domkirke kl. 14.00. Det er ogs\u00e5 1.kommunion under denne&#8230;<br \/><a class=\"read-more-button\" href=\"https:\/\/stansgar.katolsk.no\/?p=528\">Read more<\/a><\/p>\n","protected":false},"author":3,"featured_media":0,"comment_status":"open","ping_status":"open","sticky":false,"template":"","format":"standard","meta":{"footnotes":""},"categories":[1],"tags":[21,22],"class_list":["post-528","post","type-post","status-publish","format-standard","hentry","category-ukategorisert","tag-corpus-christi","tag-kristi-legemsfest"],"_links":{"self":[{"href":"https:\/\/stansgar.katolsk.no\/index.php?rest_route=\/wp\/v2\/posts\/528","targetHints":{"allow":["GET"]}}],"collection":[{"href":"https:\/\/stansgar.katolsk.no\/index.php?rest_route=\/wp\/v2\/posts"}],"about":[{"href":"https:\/\/stansgar.katolsk.no\/index.php?rest_route=\/wp\/v2\/types\/post"}],"author":[{"embeddable":true,"href":"https:\/\/stansgar.katolsk.no\/index.php?rest_route=\/wp\/v2\/users\/3"}],"replies":[{"embeddable":true,"href":"https:\/\/stansgar.katolsk.no\/index.php?rest_route=%2Fwp%2Fv2%2Fcomments&post=528"}],"version-history":[{"count":1,"href":"https:\/\/stansgar.katolsk.no\/index.php?rest_route=\/wp\/v2\/posts\/528\/revisions"}],"predecessor-version":[{"id":2412,"href":"https:\/\/stansgar.katolsk.no\/index.php?rest_route=\/wp\/v2\/posts\/528\/revisions\/2412"}],"wp:attachment":[{"href":"https:\/\/stansgar.katolsk.no\/index.php?rest_route=%2Fwp%2Fv2%2Fmedia&parent=528"}],"wp:term":[{"taxonomy":"category","embeddable":true,"href":"https:\/\/stansgar.katolsk.no\/index.php?rest_route=%2Fwp%2Fv2%2Fcategories&post=528"},{"taxonomy":"post_tag","embeddable":true,"href":"https:\/\/stansgar.katolsk.no\/index.php?rest_route=%2Fwp%2Fv2%2Ftags&post=528"}],"curies":[{"name":"wp","href":"https:\/\/api.w.org\/{rel}","templated":true}]}}