{"id":5221,"date":"2019-03-31T14:48:44","date_gmt":"2019-03-31T12:48:44","guid":{"rendered":"http:\/\/stansgar.katolsk.no\/?p=5221"},"modified":"2019-03-31T14:53:46","modified_gmt":"2019-03-31T12:53:46","slug":"messetider-i-den-stille-uke-og-pasken-2019-i-st-ansgar-menighet-kristiansand","status":"publish","type":"post","link":"https:\/\/stansgar.katolsk.no\/?p=5221","title":{"rendered":"Messetider, Den stille uke og p\u00e5sken 2019"},"content":{"rendered":"<p><span style=\"font-size:14pt; background-color:white\"><strong>L\u00f8rdag 13. april<\/strong>: <\/span><span style=\"font-size:1pt\"><br \/>\n\t\t<\/span><\/p>\n<p style=\"background: white\"><span style=\"font-size:14pt\">kl. 13.00\u00a0\u00a0\u00a0\u00a0Palmevigsel, prosesjon og messe &#8211; P\u00e5skespill ved katekesen<br \/>\n<\/span><\/p>\n<p style=\"background: white\">\n\u00a0<\/p>\n<p style=\"background: white\"><span style=\"font-size:14pt\"><strong>S\u00f8ndag 14. april: Palmes\u00f8ndag<\/strong><br \/>\n\t\t<\/span><\/p>\n<p style=\"background: white\"><span style=\"font-size:14pt\">kl. 09.00\u00a0\u00a0\u00a0\u00a0Palmevigsel, prosesjon og messe p\u00e5 polsk<br \/>\n<\/span><\/p>\n<p style=\"background: white\"><span style=\"font-size:14pt\">kl. 11.00\u00a0\u00a0\u00a0\u00a0Palmevigsel, prosesjon og messe p\u00e5 norsk<br \/>\n<\/span><\/p>\n<p style=\"background: white\"><span style=\"font-size:14pt\">kl. 13.00\u00a0\u00a0\u00a0\u00a0Palmevigsel, prosesjon og messe p\u00e5 vietnamesisk<br \/>\n<\/span><\/p>\n<p style=\"background: white\"><span style=\"font-size:14pt\">kl. 17.00<strong>\u00a0\u00a0\u00a0\u00a0<\/strong>Palmevigsel, prosesjon og messe p\u00e5 Stella Maris, Mandal<br \/>\n<\/span><\/p>\n<p style=\"background: white\">\n\u00a0<\/p>\n<p style=\"background: white\"><span style=\"font-size:14pt\"><strong>Torsdag 18. april: Skj\u00e6rtorsdag<\/strong><br \/>\n\t\t<\/span><\/p>\n<p style=\"background: white\"><span style=\"font-size:14pt\">kl. 15.00\u00a0\u00a0\u00a0\u00a0Messe p\u00e5 vietnamesisk<br \/>\n<\/span><\/p>\n<p style=\"background: white\"><span style=\"font-size:14pt\">kl. 18.00\u00a0\u00a0\u00a0\u00a0Messe p\u00e5 norsk, deretter tilbedelse og skriftem\u00e5l inntil midnatt.<br \/>\n<\/span><\/p>\n<p style=\"background: white\">\n\u00a0<\/p>\n<p style=\"background: white\"><span style=\"font-size:14pt\"><strong>Fredag 19. april: Langfredag (faste- og abstinensdag)<\/strong><br \/>\n\t\t<\/span><\/p>\n<p style=\"background: white\"><span style=\"font-size:14pt\">kl. 12.00\u00a0\u00a0\u00a0\u00a0Langfredagsliturgi p\u00e5 vietnamesisk<br \/>\n<\/span><\/p>\n<p style=\"background: white\"><span style=\"font-size:14pt\">kl. 15.00\u00a0\u00a0\u00a0\u00a0Langfredagsliturgi p\u00e5 norsk<br \/>kl. 17.00\u00a0\u00a0\u00a0\u00a0\u00d8kumenisk korsvei gjennom byen.\u00a0<br \/>\n<\/span><\/p>\n<p>\n\u00a0<\/p>\n<p style=\"background: white\"><span style=\"font-size:14pt\"><strong>L\u00f8rdag 20. april: P\u00e5skeaften<\/strong><br \/>\n\t\t<\/span><\/p>\n<p style=\"background: white\"><span style=\"font-size:14pt\">kl. 12.00\u00a0\u00a0\u00a0\u00a0Velsignelse av p\u00e5skemat p\u00e5 polsk<br \/>\n<\/span><\/p>\n<p style=\"background: white\"><span style=\"font-size:14pt\">kl. 13.00\u00a0\u00a0\u00a0\u00a0Velsignelse av p\u00e5skemat p\u00e5 polsk<br \/>\n<\/span><\/p>\n<p style=\"background: white\"><span style=\"font-size:14pt\">kl. 14.00\u00a0\u00a0\u00a0\u00a0Velsignelse av p\u00e5skemat p\u00e5 polsk<br \/>\n<\/span><\/p>\n<p style=\"background: white\"><span style=\"font-size:14pt\">kl. 17.00\u00a0\u00a0\u00a0\u00a0P\u00e5skevigilie p\u00e5 vietnamesisk<br \/>\n<\/span><\/p>\n<p style=\"background: white\"><span style=\"font-size:14pt\">kl. 21.00\u00a0\u00a0\u00a0\u00a0P\u00e5skevigilie p\u00e5 norsk. Etter messen er alle velkommen til hyggelig samv\u00e6r i menighetslokalet. <span style=\"color:#4f81bd\"><br \/>\n\t\t\t<\/span><\/span><\/p>\n<p style=\"background: white\"><span style=\"font-size:14pt\"><span style=\"color:#4f81bd\"><br \/><\/span><strong>S\u00f8ndag 21. april: P\u00e5skes\u00f8ndag<\/strong><br \/>\n\t\t<\/span><\/p>\n<p style=\"background: white\"><span style=\"font-size:14pt\">kl. 09.00\u00a0\u00a0\u00a0\u00a0Messe p\u00e5 polsk<br \/>\n<\/span><\/p>\n<p style=\"background: white\"><span style=\"font-size:14pt\">kl. 11.00\u00a0\u00a0\u00a0\u00a0P\u00e5skedagens h\u00f8ymesse p\u00e5\u00a0norsk<br \/>\n<\/span><\/p>\n<p style=\"background: white\"><span style=\"font-size:14pt\">kl. 13.00\u00a0\u00a0\u00a0\u00a0P\u00e5skedagens h\u00f8ymesse p\u00e5 vietnamesisk<br \/>\n<\/span><\/p>\n<p style=\"background: white\">\n\u00a0<\/p>\n<p style=\"background: white\">\n\u00a0<\/p>\n<p style=\"background: white\"><span style=\"font-size:14pt\"><strong>Mandag 22. april: 2. p\u00e5skedag<br \/>\n<\/strong><\/span><\/p>\n<p style=\"background: white\">\n\u00a0<\/p>\n<p style=\"background: white\"><span style=\"font-size:14pt\">kl. 09.00\u00a0\u00a0\u00a0\u00a0Messe p\u00e5 polsk<br \/>\n<\/span><\/p>\n<p style=\"background: white\"><span style=\"font-size:14pt\">kl. 11.00\u00a0\u00a0\u00a0\u00a0Messe p\u00e5 norsk<br \/>\n<\/span><\/p>\n<p style=\"background: white\"><span style=\"font-size:14pt\">kl. 14.00\u00a0\u00a0\u00a0\u00a0Messe i Sta. Katarina kapellet p\u00e5 Lista<span style=\"color:#4f81bd\"><strong><br \/>\n\t\t\t\t<\/strong><\/span><\/span><\/p>\n<p style=\"background: white\"><span style=\"font-size:14pt\">kl. 17.00\u00a0\u00a0\u00a0\u00a0Messe p\u00e5 Stella Maris<br \/>\n<\/span><\/p>\n<p style=\"background: white\">\n\u00a0<\/p>\n<p style=\"background: white\"><span style=\"font-size:14pt\"><strong>L\u00f8rdag 27. april<br \/>\n<\/strong><\/span><\/p>\n<p style=\"background: white\">\n\u00a0<\/p>\n<p style=\"background: white\"><span style=\"font-size:14pt\">kl. 14.00\u00a0\u00a0\u00a0\u00a0Messe i Lyngdal<span style=\"color:#4f81bd\"><strong><br \/>\n\t\t\t\t<\/strong><\/span><\/span><\/p>\n<p style=\"background: white\"><span style=\"font-size:14pt\">kl. 17.00\u00a0\u00a0\u00a0\u00a0Messe i Flekkefjord<br \/>\n<\/span><\/p>\n<p style=\"background: white\">\n\u00a0<\/p>\n<p style=\"background: white\"><span style=\"font-size:14pt\"><br \/>\n\t\t<\/span>\u00a0<\/p>\n","protected":false},"excerpt":{"rendered":"<p>L\u00f8rdag 13. april: kl. 13.00\u00a0\u00a0\u00a0\u00a0Palmevigsel, prosesjon og messe &#8211; P\u00e5skespill ved katekesen \u00a0 S\u00f8ndag 14. april: Palmes\u00f8ndag kl. 09.00\u00a0\u00a0\u00a0\u00a0Palmevigsel, prosesjon og messe p\u00e5 polsk kl. 11.00\u00a0\u00a0\u00a0\u00a0Palmevigsel, prosesjon og messe p\u00e5 norsk kl. 13.00\u00a0\u00a0\u00a0\u00a0Palmevigsel, prosesjon og messe p\u00e5 vietnamesisk kl. 17.00\u00a0\u00a0\u00a0\u00a0Palmevigsel,&#8230;<br \/><a class=\"read-more-button\" href=\"https:\/\/stansgar.katolsk.no\/?p=5221\">Read more<\/a><\/p>\n","protected":false},"author":2,"featured_media":0,"comment_status":"open","ping_status":"open","sticky":false,"template":"","format":"standard","meta":{"footnotes":""},"categories":[204],"tags":[],"class_list":["post-5221","post","type-post","status-publish","format-standard","hentry","category-ukategorisert-nb"],"_links":{"self":[{"href":"https:\/\/stansgar.katolsk.no\/index.php?rest_route=\/wp\/v2\/posts\/5221","targetHints":{"allow":["GET"]}}],"collection":[{"href":"https:\/\/stansgar.katolsk.no\/index.php?rest_route=\/wp\/v2\/posts"}],"about":[{"href":"https:\/\/stansgar.katolsk.no\/index.php?rest_route=\/wp\/v2\/types\/post"}],"author":[{"embeddable":true,"href":"https:\/\/stansgar.katolsk.no\/index.php?rest_route=\/wp\/v2\/users\/2"}],"replies":[{"embeddable":true,"href":"https:\/\/stansgar.katolsk.no\/index.php?rest_route=%2Fwp%2Fv2%2Fcomments&post=5221"}],"version-history":[{"count":7,"href":"https:\/\/stansgar.katolsk.no\/index.php?rest_route=\/wp\/v2\/posts\/5221\/revisions"}],"predecessor-version":[{"id":5228,"href":"https:\/\/stansgar.katolsk.no\/index.php?rest_route=\/wp\/v2\/posts\/5221\/revisions\/5228"}],"wp:attachment":[{"href":"https:\/\/stansgar.katolsk.no\/index.php?rest_route=%2Fwp%2Fv2%2Fmedia&parent=5221"}],"wp:term":[{"taxonomy":"category","embeddable":true,"href":"https:\/\/stansgar.katolsk.no\/index.php?rest_route=%2Fwp%2Fv2%2Fcategories&post=5221"},{"taxonomy":"post_tag","embeddable":true,"href":"https:\/\/stansgar.katolsk.no\/index.php?rest_route=%2Fwp%2Fv2%2Ftags&post=5221"}],"curies":[{"name":"wp","href":"https:\/\/api.w.org\/{rel}","templated":true}]}}