{"id":5166,"date":"2019-03-15T16:24:57","date_gmt":"2019-03-15T15:24:57","guid":{"rendered":"http:\/\/stansgar.katolsk.no\/?p=5166"},"modified":"2019-03-15T16:25:30","modified_gmt":"2019-03-15T15:25:30","slug":"besok-fra-okb","status":"publish","type":"post","link":"https:\/\/stansgar.katolsk.no\/?p=5166","title":{"rendered":"Bes\u00f8k fra Oslo Katolske Bisped\u00f8mme(OKB)"},"content":{"rendered":"<p><span style=\"font-family:Arial; font-size:12pt\">Kj\u00e6re troende<br \/>\n<\/span><\/p>\n<p>\n\u00a0<\/p>\n<p><span style=\"font-family:Arial; font-size:12pt\">Som menigheten kjenner til var en gruppe fra OKB p\u00e5 bes\u00f8k i St. Ansgar i januar for \u00e5 snakke med en del representanter fra menigheten, kartlegge situasjonen i menigheten og gi r\u00e5d.<br \/>\n<\/span><\/p>\n<p><span style=\"font-family:Arial; font-size:12pt\">I tiden etterp\u00e5 har jeg arbeidet sammen med gruppen med \u00e5 f\u00f8lge opp r\u00e5dene som er gitt. Det har ogs\u00e5 v\u00e6rt menighetsr\u00e5dsvalg og det nye menighetsr\u00e5det er i gang. \u00a0Gruppen fra OKB (Anne-Mette Ringdal og Huan Nguyen) kommer tilbake til St. Ansgar 20. og 21. mars for \u00e5 snakke med meg, menighetskontoret, og menighetsr\u00e5det om de anbefalingene som er gitt, og hva som kan gj\u00f8res fremover.<br \/>\n<\/span><\/p>\n<p>\n\u00a0<\/p>\n<p><span style=\"font-family:Arial; font-size:12pt\">Om noen som ikke tidligere har hatt kontakt med de to fra OKB og \u00f8nsker \u00e5 snakke med dem kan det meldes til <a href=\"mailto:Anne-Mette.Ringdal@katolsk.no\">Anne-Mette.Ringdal@katolsk.no<\/a><br \/>\n\t\t<\/span><\/p>\n<p>\n\u00a0<\/p>\n<p><span style=\"font-family:Arial; font-size:12pt\">Med vennlig hilsen<br \/>\n<\/span><\/p>\n<p>\n\u00a0<\/p>\n<p>\n\u00a0<\/p>\n<p><span style=\"font-family:Arial; font-size:12pt\">P. Tien Quang Dang<br \/>\n<\/span><\/p>\n<p><span style=\"font-family:Arial; font-size:12pt\">Sogneadministrator<br \/>\n<\/span><\/p>\n<p><span style=\"font-family:Arial; font-size:12pt\">St. Ansgar menighet<br \/>\n<\/span><\/p>\n","protected":false},"excerpt":{"rendered":"<p>Kj\u00e6re troende \u00a0 Som menigheten kjenner til var en gruppe fra OKB p\u00e5 bes\u00f8k i St. Ansgar i januar for \u00e5 snakke med en del representanter fra menigheten, kartlegge situasjonen i menigheten og gi r\u00e5d. I tiden etterp\u00e5 har jeg&#8230;<br \/><a class=\"read-more-button\" href=\"https:\/\/stansgar.katolsk.no\/?p=5166\">Read more<\/a><\/p>\n","protected":false},"author":2,"featured_media":0,"comment_status":"open","ping_status":"open","sticky":false,"template":"","format":"standard","meta":{"footnotes":""},"categories":[204],"tags":[],"class_list":["post-5166","post","type-post","status-publish","format-standard","hentry","category-ukategorisert-nb"],"_links":{"self":[{"href":"https:\/\/stansgar.katolsk.no\/index.php?rest_route=\/wp\/v2\/posts\/5166","targetHints":{"allow":["GET"]}}],"collection":[{"href":"https:\/\/stansgar.katolsk.no\/index.php?rest_route=\/wp\/v2\/posts"}],"about":[{"href":"https:\/\/stansgar.katolsk.no\/index.php?rest_route=\/wp\/v2\/types\/post"}],"author":[{"embeddable":true,"href":"https:\/\/stansgar.katolsk.no\/index.php?rest_route=\/wp\/v2\/users\/2"}],"replies":[{"embeddable":true,"href":"https:\/\/stansgar.katolsk.no\/index.php?rest_route=%2Fwp%2Fv2%2Fcomments&post=5166"}],"version-history":[{"count":2,"href":"https:\/\/stansgar.katolsk.no\/index.php?rest_route=\/wp\/v2\/posts\/5166\/revisions"}],"predecessor-version":[{"id":5168,"href":"https:\/\/stansgar.katolsk.no\/index.php?rest_route=\/wp\/v2\/posts\/5166\/revisions\/5168"}],"wp:attachment":[{"href":"https:\/\/stansgar.katolsk.no\/index.php?rest_route=%2Fwp%2Fv2%2Fmedia&parent=5166"}],"wp:term":[{"taxonomy":"category","embeddable":true,"href":"https:\/\/stansgar.katolsk.no\/index.php?rest_route=%2Fwp%2Fv2%2Fcategories&post=5166"},{"taxonomy":"post_tag","embeddable":true,"href":"https:\/\/stansgar.katolsk.no\/index.php?rest_route=%2Fwp%2Fv2%2Ftags&post=5166"}],"curies":[{"name":"wp","href":"https:\/\/api.w.org\/{rel}","templated":true}]}}