{"id":5160,"date":"2019-03-10T21:36:36","date_gmt":"2019-03-10T20:36:36","guid":{"rendered":"http:\/\/stansgar.katolsk.no\/?p=5160"},"modified":"2019-03-10T21:38:00","modified_gmt":"2019-03-10T20:38:00","slug":"fastetidens-monstervei","status":"publish","type":"post","link":"https:\/\/stansgar.katolsk.no\/?p=5160","title":{"rendered":"Fastetidens m\u00f8nstervei"},"content":{"rendered":"<p><span style=\"font-family:Arial; font-size:20pt\"><strong>Vend om og tro p\u00e5 Evangeliet<br \/>\n<\/strong><\/span><\/p>\n<p><img decoding=\"async\" align=\"left\" src=\"http:\/\/stansgar.katolsk.no\/wp-content\/uploads\/2019\/03\/031019_2036_Fastetidens1-1.jpg\" alt=\"\"\/><span style=\"font-family:Arial; font-size:12pt\"><br \/>\n\t\t<\/span><\/p>\n<p>\n\u00a0<\/p>\n<p>\n\u00a0<\/p>\n<p>\n\u00a0<\/p>\n<p>\n\u00a0<\/p>\n<p>\n\u00a0<\/p>\n<p>\n\u00a0<\/p>\n<p>\n\u00a0<\/p>\n<p>\n\u00a0<\/p>\n<p>\n\u00a0<\/p>\n<p>\n\u00a0<\/p>\n<p>\n\u00a0<\/p>\n<p>\n\u00a0<\/p>\n<p>\n\u00a0<\/p>\n<p>\n\u00a0<\/p>\n<p>\n\u00a0<\/p>\n<p>\n\u00a0<\/p>\n<p>\n\u00a0<\/p>\n<p>\n\u00a0<\/p>\n<p>\n\u00a0<\/p>\n<p>\n\u00a0<\/p>\n<p><span style=\"font-family:Arial; font-size:12pt\">De f\u00f8rti lysene p\u00e5 m\u00f8nsterveien p\u00e5 bildet symboliserer f\u00f8rti dager i fastetiden.<br \/>\n<\/span><\/p>\n<p><span style=\"font-family:Arial; font-size:12pt\">De minner oss om Jesu vei til Jerusalem. Der han led mye og ble sl\u00e5tt i hjel, og den tredje dagen sto Han opp. Jesus inviterer oss til \u00e5 gi avkall p\u00e5 v\u00e5rt eget, ta opp v\u00e5rt kors, og f\u00f8lge Ham. Hver dag blir et lys tent. Det hjelper oss til \u00e5 meditere over at jo h\u00f8yere opp vi klatrer med v\u00e5rt eget kors, desto mer forlater vi m\u00f8rket i denne jordiske verden. Jo mer vi n\u00e6rmer oss Jesus p\u00e5 korset, desto mer blir vi renset med Jesu lys inntil vi blir brent opp p\u00e5 Jesu kors, og vi forener oss med Jesus i hans d\u00f8d og oppstandelse.<br \/>\n<\/span><\/p>\n","protected":false},"excerpt":{"rendered":"<p>Vend om og tro p\u00e5 Evangeliet \u00a0 \u00a0 \u00a0 \u00a0 \u00a0 \u00a0 \u00a0 \u00a0 \u00a0 \u00a0 \u00a0 \u00a0 \u00a0 \u00a0 \u00a0 \u00a0 \u00a0 \u00a0 \u00a0 \u00a0 De f\u00f8rti lysene p\u00e5 m\u00f8nsterveien p\u00e5 bildet symboliserer f\u00f8rti dager i fastetiden. De minner&#8230;<br \/><a class=\"read-more-button\" href=\"https:\/\/stansgar.katolsk.no\/?p=5160\">Read more<\/a><\/p>\n","protected":false},"author":2,"featured_media":0,"comment_status":"open","ping_status":"open","sticky":false,"template":"","format":"standard","meta":{"footnotes":""},"categories":[204],"tags":[],"class_list":["post-5160","post","type-post","status-publish","format-standard","hentry","category-ukategorisert-nb"],"_links":{"self":[{"href":"https:\/\/stansgar.katolsk.no\/index.php?rest_route=\/wp\/v2\/posts\/5160","targetHints":{"allow":["GET"]}}],"collection":[{"href":"https:\/\/stansgar.katolsk.no\/index.php?rest_route=\/wp\/v2\/posts"}],"about":[{"href":"https:\/\/stansgar.katolsk.no\/index.php?rest_route=\/wp\/v2\/types\/post"}],"author":[{"embeddable":true,"href":"https:\/\/stansgar.katolsk.no\/index.php?rest_route=\/wp\/v2\/users\/2"}],"replies":[{"embeddable":true,"href":"https:\/\/stansgar.katolsk.no\/index.php?rest_route=%2Fwp%2Fv2%2Fcomments&post=5160"}],"version-history":[{"count":2,"href":"https:\/\/stansgar.katolsk.no\/index.php?rest_route=\/wp\/v2\/posts\/5160\/revisions"}],"predecessor-version":[{"id":5163,"href":"https:\/\/stansgar.katolsk.no\/index.php?rest_route=\/wp\/v2\/posts\/5160\/revisions\/5163"}],"wp:attachment":[{"href":"https:\/\/stansgar.katolsk.no\/index.php?rest_route=%2Fwp%2Fv2%2Fmedia&parent=5160"}],"wp:term":[{"taxonomy":"category","embeddable":true,"href":"https:\/\/stansgar.katolsk.no\/index.php?rest_route=%2Fwp%2Fv2%2Fcategories&post=5160"},{"taxonomy":"post_tag","embeddable":true,"href":"https:\/\/stansgar.katolsk.no\/index.php?rest_route=%2Fwp%2Fv2%2Ftags&post=5160"}],"curies":[{"name":"wp","href":"https:\/\/api.w.org\/{rel}","templated":true}]}}