{"id":5152,"date":"2019-03-06T14:07:31","date_gmt":"2019-03-06T13:07:31","guid":{"rendered":"http:\/\/stansgar.katolsk.no\/?p=5152"},"modified":"2019-03-06T14:08:46","modified_gmt":"2019-03-06T13:08:46","slug":"det-nye-menighetsradet","status":"publish","type":"post","link":"https:\/\/stansgar.katolsk.no\/?p=5152","title":{"rendered":"Det nye menighetsr\u00e5det"},"content":{"rendered":"<p><span style=\"font-size:12pt\">Kj\u00e6re troende,<br \/>\n<\/span><\/p>\n<p>\n\u00a0<\/p>\n<p><span style=\"font-size:12pt\">Det nye menighetsr\u00e5det for 2018 &#8211; 2020 ble konstituert tirsdag 5. mars. I sitt f\u00f8rste m\u00f8te ble f\u00f8lgende valgt:<br \/>\n<\/span><\/p>\n<p>\n\u00a0<\/p>\n<p><span style=\"font-size:12pt\">Formenn: \u00a0\u00a0\u00a0\u00a0P. Tien Quang Dang og p. Dawid Ban\u00e1s<br \/>\n<\/span><\/p>\n<p><span style=\"font-size:12pt\">Leder og PRO representant:\u00a0\u00a0\u00a0\u00a0Ane Ugland Alb\u00e6k<br \/>\n<\/span><\/p>\n<p><span style=\"font-size:12pt\">Nestleder:\u00a0\u00a0\u00a0\u00a0Luan Van Nguyen<br \/>\n<\/span><\/p>\n<p><span style=\"font-size:12pt\">Sekret\u00e6r:\u00a0\u00a0\u00a0\u00a0Kristian Teofilovic<br \/>\n<\/span><\/p>\n<p><span style=\"font-size:12pt\">Medlemmer:\u00a0\u00a0\u00a0\u00a0\u00a0\u00a0\u00a0\u00a0\u00a0\u00a0\u00a0\u00a0<br \/>\n<\/span><\/p>\n<p><span style=\"font-size:12pt\">Joanna Rodziewicz, Wlodzimierz Dyzma, Tinh Van Doan, John Arngrim Hunnes, Jocelyn Augland, Daniel Habtay, Xuat Minh Dang.<br \/>\n<\/span><\/p>\n<p>\n\u00a0<\/p>\n<p><span style=\"font-size:12pt\">Det nye menighetsr\u00e5det vil bli innstiftet i messen kl. 11.00, s\u00f8ndag 17. mars 2019.<br \/>\n<\/span><\/p>\n<p>\n\u00a0<\/p>\n<p><span style=\"font-size:12pt\">Gratulerer til alle valgte og \u00f8nsker et godt samarbeid i fremtiden.<br \/>\n\t\t<\/span><\/p>\n<p><span style=\"font-size:12pt\">Med vennlig hilsen<br \/>\n<\/span><\/p>\n<p>\n\u00a0<\/p>\n<p><span style=\"font-size:12pt\">P. Tien Quang Dang<br \/>\n<\/span><\/p>\n<p><span style=\"font-size:12pt\">Sogneadministrator<br \/>\n<\/span><\/p>\n<p><span style=\"font-size:12pt\">St. Ansgar menighet<\/span><\/p>\n","protected":false},"excerpt":{"rendered":"<p>Kj\u00e6re troende, \u00a0 Det nye menighetsr\u00e5det for 2018 &#8211; 2020 ble konstituert tirsdag 5. mars. I sitt f\u00f8rste m\u00f8te ble f\u00f8lgende valgt: \u00a0 Formenn: \u00a0\u00a0\u00a0\u00a0P. Tien Quang Dang og p. Dawid Ban\u00e1s Leder og PRO representant:\u00a0\u00a0\u00a0\u00a0Ane Ugland Alb\u00e6k Nestleder:\u00a0\u00a0\u00a0\u00a0Luan Van&#8230;<br \/><a class=\"read-more-button\" href=\"https:\/\/stansgar.katolsk.no\/?p=5152\">Read more<\/a><\/p>\n","protected":false},"author":2,"featured_media":0,"comment_status":"open","ping_status":"open","sticky":false,"template":"","format":"standard","meta":{"footnotes":""},"categories":[204],"tags":[],"class_list":["post-5152","post","type-post","status-publish","format-standard","hentry","category-ukategorisert-nb"],"_links":{"self":[{"href":"https:\/\/stansgar.katolsk.no\/index.php?rest_route=\/wp\/v2\/posts\/5152","targetHints":{"allow":["GET"]}}],"collection":[{"href":"https:\/\/stansgar.katolsk.no\/index.php?rest_route=\/wp\/v2\/posts"}],"about":[{"href":"https:\/\/stansgar.katolsk.no\/index.php?rest_route=\/wp\/v2\/types\/post"}],"author":[{"embeddable":true,"href":"https:\/\/stansgar.katolsk.no\/index.php?rest_route=\/wp\/v2\/users\/2"}],"replies":[{"embeddable":true,"href":"https:\/\/stansgar.katolsk.no\/index.php?rest_route=%2Fwp%2Fv2%2Fcomments&post=5152"}],"version-history":[{"count":2,"href":"https:\/\/stansgar.katolsk.no\/index.php?rest_route=\/wp\/v2\/posts\/5152\/revisions"}],"predecessor-version":[{"id":5154,"href":"https:\/\/stansgar.katolsk.no\/index.php?rest_route=\/wp\/v2\/posts\/5152\/revisions\/5154"}],"wp:attachment":[{"href":"https:\/\/stansgar.katolsk.no\/index.php?rest_route=%2Fwp%2Fv2%2Fmedia&parent=5152"}],"wp:term":[{"taxonomy":"category","embeddable":true,"href":"https:\/\/stansgar.katolsk.no\/index.php?rest_route=%2Fwp%2Fv2%2Fcategories&post=5152"},{"taxonomy":"post_tag","embeddable":true,"href":"https:\/\/stansgar.katolsk.no\/index.php?rest_route=%2Fwp%2Fv2%2Ftags&post=5152"}],"curies":[{"name":"wp","href":"https:\/\/api.w.org\/{rel}","templated":true}]}}