{"id":515,"date":"2015-07-27T07:43:00","date_gmt":"2015-07-27T05:43:00","guid":{"rendered":"http:\/\/stansgar.katolsk.no\/index.php\/2015\/07\/27\/kunngjringer-26-juli-2015\/"},"modified":"2018-10-12T09:12:38","modified_gmt":"2018-10-12T07:12:38","slug":"kunngjringer-26-juli-2015","status":"publish","type":"post","link":"https:\/\/stansgar.katolsk.no\/?p=515","title":{"rendered":"Kunngj\u00f8ringer 26. juli  2015"},"content":{"rendered":"<div>\n<div class=\"MsoNormal\">\n<b><br \/><\/b><\/div>\n<div class=\"MsoNormal\">\n&nbsp; <\/div>\n<div class=\"MsoNormal\">\n<\/div>\n<div class=\"MsoNormal\">\n<b>Mandag 27. juli<\/b> blir det messe kl. 18. Messen feires i den<br \/>\nekstraordin\u00e6re form, det vil si som en tradisjonell latinsk messe<br \/>\netter&nbsp; 1962- messeboken. Alle er hjertelig velkomne.<\/div>\n<div class=\"MsoNormal\">\n<\/div>\n<div class=\"MsoNormal\">\n<b>Onsdag<br \/>\n 29. juli er Olsok,<\/b> H\u00f8ytiden for Olav den Hellige \u2013 Norges vernehelgen.<br \/>\nH\u00f8ymesse kl. 18. Etter messen er alle invitert til olsokfeiring med<br \/>\nr\u00f8mmegr\u00f8t, spekemat og \u00f8l. Ute hvis fint v\u00e6r, ellers i menighetssalen.<br \/>\nFor \u00e5 beregne maten er det fint om dere melder dere p\u00e5 hos p.Frode innen<br \/>\n tirsdag. <\/div>\n<div class=\"MsoNormal\">\n<\/div>\n<div class=\"MsoNormal\">\n<b>&nbsp;Det blir ingen messe kl. 9.30 s\u00f8ndager i august m\u00e5ned.<\/b><\/div>\n<div class=\"MsoNormal\">\n<\/div>\n<div class=\"MsoNormal\">\nSom<br \/>\n mange sikkert har lagt merke til har vi f\u00e5tt en ny korsvei i kirken. En<br \/>\n stor takk til Jeannine Lyngsv\u00e5g som har arbeidet med disse i to \u00e5r!<br \/>\nObs! Bildene er ikke ferdig t\u00f8rket s\u00e5 ikke ta p\u00e5 dem!<\/div>\n<div class=\"MsoNormal\">\n<\/div>\n<\/div>\n","protected":false},"excerpt":{"rendered":"<p>&nbsp; Mandag 27. juli blir det messe kl. 18. Messen feires i den ekstraordin\u00e6re form, det vil si som en tradisjonell latinsk messe etter&nbsp; 1962- messeboken. Alle er hjertelig velkomne. Onsdag 29. juli er Olsok, H\u00f8ytiden for Olav den Hellige&#8230;<br \/><a class=\"read-more-button\" href=\"https:\/\/stansgar.katolsk.no\/?p=515\">Read more<\/a><\/p>\n","protected":false},"author":3,"featured_media":0,"comment_status":"open","ping_status":"open","sticky":false,"template":"","format":"standard","meta":{"footnotes":""},"categories":[1],"tags":[3],"class_list":["post-515","post","type-post","status-publish","format-standard","hentry","category-ukategorisert","tag-kunngjoringer"],"_links":{"self":[{"href":"https:\/\/stansgar.katolsk.no\/index.php?rest_route=\/wp\/v2\/posts\/515","targetHints":{"allow":["GET"]}}],"collection":[{"href":"https:\/\/stansgar.katolsk.no\/index.php?rest_route=\/wp\/v2\/posts"}],"about":[{"href":"https:\/\/stansgar.katolsk.no\/index.php?rest_route=\/wp\/v2\/types\/post"}],"author":[{"embeddable":true,"href":"https:\/\/stansgar.katolsk.no\/index.php?rest_route=\/wp\/v2\/users\/3"}],"replies":[{"embeddable":true,"href":"https:\/\/stansgar.katolsk.no\/index.php?rest_route=%2Fwp%2Fv2%2Fcomments&post=515"}],"version-history":[{"count":1,"href":"https:\/\/stansgar.katolsk.no\/index.php?rest_route=\/wp\/v2\/posts\/515\/revisions"}],"predecessor-version":[{"id":2398,"href":"https:\/\/stansgar.katolsk.no\/index.php?rest_route=\/wp\/v2\/posts\/515\/revisions\/2398"}],"wp:attachment":[{"href":"https:\/\/stansgar.katolsk.no\/index.php?rest_route=%2Fwp%2Fv2%2Fmedia&parent=515"}],"wp:term":[{"taxonomy":"category","embeddable":true,"href":"https:\/\/stansgar.katolsk.no\/index.php?rest_route=%2Fwp%2Fv2%2Fcategories&post=515"},{"taxonomy":"post_tag","embeddable":true,"href":"https:\/\/stansgar.katolsk.no\/index.php?rest_route=%2Fwp%2Fv2%2Ftags&post=515"}],"curies":[{"name":"wp","href":"https:\/\/api.w.org\/{rel}","templated":true}]}}