{"id":506,"date":"2015-08-10T08:17:00","date_gmt":"2015-08-10T06:17:00","guid":{"rendered":"http:\/\/stansgar.katolsk.no\/index.php\/2015\/08\/10\/kunngjringer-9-august-2015\/"},"modified":"2018-10-12T09:12:38","modified_gmt":"2018-10-12T07:12:38","slug":"kunngjringer-9-august-2015","status":"publish","type":"post","link":"https:\/\/stansgar.katolsk.no\/?p=506","title":{"rendered":"Kunngj\u00f8ringer 9. august  2015"},"content":{"rendered":"<div class=\"MsoNormal\" style=\"background-color: white; color: #222222; font-size: 11pt; line-height: 16.8666667938232px; margin: 0cm 0cm 10pt;\">\n<\/div>\n<div class=\"MsoNormal\" style=\"background-color: white; color: #222222; font-size: 11pt; line-height: 16.8666667938232px; margin: 0cm 0cm 10pt;\">\n<\/div>\n<div class=\"MsoNormal\" style=\"background-color: white; color: #222222; font-size: 11pt; line-height: 16.8666667938232px; margin: 0cm 0cm 10pt;\">\n<b>L\u00f8rdag 15. august<\/b> feirer vi Jomfru Marias opptagelse i himmelen. Denne dagen feirer vi ogs\u00e5 menighetens 125\u00e5rs jubileum og v\u00e5r nyombygde kirke. Det blir messe med biskop Bernt kl. 12.00 og deretter gatefest med salg av internasjonal mat. Det er ingen messe kl. 13.00 denne dagen.<\/div>\n<div class=\"MsoNormal\" style=\"background-color: white; color: #222222; font-size: 11pt; line-height: 16.8666667938232px; margin: 0cm 0cm 10pt;\">\nDet vil ikke bli plass til alle i kirken, men messen vil vises p\u00e5 skjerm utenfor i bakg\u00e5rden. Ta gjerne med campingstoler.<\/div>\n<div class=\"MsoNormal\" style=\"background-color: white; color: #222222; font-size: 11pt; line-height: 16.8666667938232px; margin: 0cm 0cm 10pt;\">\n<u><\/u>&nbsp;Til messen trenger vi flere til \u00e5 synge i koret. Koret vil \u00f8ve med organsist Helge Landmark fredag kl. 17.00-18.00 og l\u00f8rdag kl. 10.30. og det er bare \u00e5 m\u00f8te frem da.<\/div>\n<div class=\"MsoNormal\" style=\"background-color: white; color: #222222; font-size: 11pt; line-height: 16.8666667938232px; margin: 0cm 0cm 10pt;\">\n<u><\/u>&nbsp;S\u00e5 en melding til gruppene som st\u00e5r for matsalget etter messen. Kan en representant for hver gruppe ta kontakt med Luan Van Nguyen fra menighetsr\u00e5det.<\/div>\n","protected":false},"excerpt":{"rendered":"<p>L\u00f8rdag 15. august feirer vi Jomfru Marias opptagelse i himmelen. Denne dagen feirer vi ogs\u00e5 menighetens 125\u00e5rs jubileum og v\u00e5r nyombygde kirke. Det blir messe med biskop Bernt kl. 12.00 og deretter gatefest med salg av internasjonal mat. Det er&#8230;<br \/><a class=\"read-more-button\" href=\"https:\/\/stansgar.katolsk.no\/?p=506\">Read more<\/a><\/p>\n","protected":false},"author":3,"featured_media":0,"comment_status":"open","ping_status":"open","sticky":false,"template":"","format":"standard","meta":{"footnotes":""},"categories":[1],"tags":[3],"class_list":["post-506","post","type-post","status-publish","format-standard","hentry","category-ukategorisert","tag-kunngjoringer"],"_links":{"self":[{"href":"https:\/\/stansgar.katolsk.no\/index.php?rest_route=\/wp\/v2\/posts\/506","targetHints":{"allow":["GET"]}}],"collection":[{"href":"https:\/\/stansgar.katolsk.no\/index.php?rest_route=\/wp\/v2\/posts"}],"about":[{"href":"https:\/\/stansgar.katolsk.no\/index.php?rest_route=\/wp\/v2\/types\/post"}],"author":[{"embeddable":true,"href":"https:\/\/stansgar.katolsk.no\/index.php?rest_route=\/wp\/v2\/users\/3"}],"replies":[{"embeddable":true,"href":"https:\/\/stansgar.katolsk.no\/index.php?rest_route=%2Fwp%2Fv2%2Fcomments&post=506"}],"version-history":[{"count":1,"href":"https:\/\/stansgar.katolsk.no\/index.php?rest_route=\/wp\/v2\/posts\/506\/revisions"}],"predecessor-version":[{"id":2387,"href":"https:\/\/stansgar.katolsk.no\/index.php?rest_route=\/wp\/v2\/posts\/506\/revisions\/2387"}],"wp:attachment":[{"href":"https:\/\/stansgar.katolsk.no\/index.php?rest_route=%2Fwp%2Fv2%2Fmedia&parent=506"}],"wp:term":[{"taxonomy":"category","embeddable":true,"href":"https:\/\/stansgar.katolsk.no\/index.php?rest_route=%2Fwp%2Fv2%2Fcategories&post=506"},{"taxonomy":"post_tag","embeddable":true,"href":"https:\/\/stansgar.katolsk.no\/index.php?rest_route=%2Fwp%2Fv2%2Ftags&post=506"}],"curies":[{"name":"wp","href":"https:\/\/api.w.org\/{rel}","templated":true}]}}