{"id":5043,"date":"2019-01-18T13:04:31","date_gmt":"2019-01-18T12:04:31","guid":{"rendered":"http:\/\/stansgar.katolsk.no\/?p=5043"},"modified":"2019-01-23T23:35:46","modified_gmt":"2019-01-23T22:35:46","slug":"menighetsrads-valg-2019","status":"publish","type":"post","link":"https:\/\/stansgar.katolsk.no\/?p=5043","title":{"rendered":"Menighetsr\u00e5dsvalg 2019"},"content":{"rendered":"<p>Menighetsr\u00e5dsvalget 2019 n\u00e6rmer seg. S\u00f8ndag 10. februar og 17. februar velges menighetsr\u00e5d for de to neste \u00e5rene.<\/p>\n<p><img loading=\"lazy\" decoding=\"async\" class=\"alignnone wp-image-5054 size-full\" src=\"http:\/\/stansgar.katolsk.no\/wp-content\/uploads\/2019\/01\/1.png\" alt=\"\" width=\"1123\" height=\"794\" srcset=\"https:\/\/stansgar.katolsk.no\/wp-content\/uploads\/2019\/01\/1.png 1123w, https:\/\/stansgar.katolsk.no\/wp-content\/uploads\/2019\/01\/1-300x212.png 300w, https:\/\/stansgar.katolsk.no\/wp-content\/uploads\/2019\/01\/1-768x543.png 768w, https:\/\/stansgar.katolsk.no\/wp-content\/uploads\/2019\/01\/1-1024x724.png 1024w, https:\/\/stansgar.katolsk.no\/wp-content\/uploads\/2019\/01\/1-956x676.png 956w\" sizes=\"auto, (max-width: 1123px) 100vw, 1123px\" \/><\/p>\n<p><img loading=\"lazy\" decoding=\"async\" class=\"alignnone wp-image-5055 size-full\" src=\"http:\/\/stansgar.katolsk.no\/wp-content\/uploads\/2019\/01\/2.png\" alt=\"\" width=\"1123\" height=\"794\" srcset=\"https:\/\/stansgar.katolsk.no\/wp-content\/uploads\/2019\/01\/2.png 1123w, https:\/\/stansgar.katolsk.no\/wp-content\/uploads\/2019\/01\/2-300x212.png 300w, https:\/\/stansgar.katolsk.no\/wp-content\/uploads\/2019\/01\/2-768x543.png 768w, https:\/\/stansgar.katolsk.no\/wp-content\/uploads\/2019\/01\/2-1024x724.png 1024w, https:\/\/stansgar.katolsk.no\/wp-content\/uploads\/2019\/01\/2-956x676.png 956w\" sizes=\"auto, (max-width: 1123px) 100vw, 1123px\" \/><\/p>\n<p>Utydelig?? Last filen ned og se tydeligere, trykk p\u00e5 linken her <a href=\"http:\/\/stansgar.katolsk.no\/wp-content\/uploads\/2019\/01\/valg-2019.pdf\">Menighetsr\u00e5ds Valg 2019<\/a>.<\/p>\n","protected":false},"excerpt":{"rendered":"<p>Menighetsr\u00e5dsvalget 2019 n\u00e6rmer seg. S\u00f8ndag 10. februar og 17. februar velges menighetsr\u00e5d for de to neste \u00e5rene. Utydelig?? Last filen ned og se tydeligere, trykk p\u00e5 linken her Menighetsr\u00e5ds Valg 2019.<\/p>\n","protected":false},"author":5,"featured_media":0,"comment_status":"open","ping_status":"open","sticky":false,"template":"","format":"standard","meta":{"footnotes":""},"categories":[204],"tags":[],"class_list":["post-5043","post","type-post","status-publish","format-standard","hentry","category-ukategorisert-nb"],"_links":{"self":[{"href":"https:\/\/stansgar.katolsk.no\/index.php?rest_route=\/wp\/v2\/posts\/5043","targetHints":{"allow":["GET"]}}],"collection":[{"href":"https:\/\/stansgar.katolsk.no\/index.php?rest_route=\/wp\/v2\/posts"}],"about":[{"href":"https:\/\/stansgar.katolsk.no\/index.php?rest_route=\/wp\/v2\/types\/post"}],"author":[{"embeddable":true,"href":"https:\/\/stansgar.katolsk.no\/index.php?rest_route=\/wp\/v2\/users\/5"}],"replies":[{"embeddable":true,"href":"https:\/\/stansgar.katolsk.no\/index.php?rest_route=%2Fwp%2Fv2%2Fcomments&post=5043"}],"version-history":[{"count":11,"href":"https:\/\/stansgar.katolsk.no\/index.php?rest_route=\/wp\/v2\/posts\/5043\/revisions"}],"predecessor-version":[{"id":5064,"href":"https:\/\/stansgar.katolsk.no\/index.php?rest_route=\/wp\/v2\/posts\/5043\/revisions\/5064"}],"wp:attachment":[{"href":"https:\/\/stansgar.katolsk.no\/index.php?rest_route=%2Fwp%2Fv2%2Fmedia&parent=5043"}],"wp:term":[{"taxonomy":"category","embeddable":true,"href":"https:\/\/stansgar.katolsk.no\/index.php?rest_route=%2Fwp%2Fv2%2Fcategories&post=5043"},{"taxonomy":"post_tag","embeddable":true,"href":"https:\/\/stansgar.katolsk.no\/index.php?rest_route=%2Fwp%2Fv2%2Ftags&post=5043"}],"curies":[{"name":"wp","href":"https:\/\/api.w.org\/{rel}","templated":true}]}}