{"id":498,"date":"2015-09-03T12:52:00","date_gmt":"2015-09-03T10:52:00","guid":{"rendered":"http:\/\/stansgar.katolsk.no\/index.php\/2015\/09\/03\/nye-messetider-i-ves\/"},"modified":"2018-10-12T09:12:38","modified_gmt":"2018-10-12T07:12:38","slug":"nye-messetider-i-ves","status":"publish","type":"post","link":"https:\/\/stansgar.katolsk.no\/?p=498","title":{"rendered":"Nye messetider i vest"},"content":{"rendered":"<div class=\"separator\" style=\"clear: both; text-align: center;\">\n<a href=\"http:\/\/1.bp.blogspot.com\/-fxhOvZ2X4Jc\/TY0XnpxQxvI\/AAAAAAAADbw\/i6Br8MwCfsM\/s1600\/messeFarsund.jpg\" imageanchor=\"1\" style=\"margin-left: 1em; margin-right: 1em;\"><img loading=\"lazy\" decoding=\"async\" border=\"0\" height=\"240\" src=\"http:\/\/stansgar.katolsk.no\/wp-content\/uploads\/2015\/09\/messeFarsund.jpg\" width=\"320\" \/><\/a><\/div>\n<p>\nI h\u00f8st g\u00e5r vi igjen tilbake til \u00e5 ha messe hver m\u00e5ned i Farsund og Flekkefjord.&nbsp;<br \/>\nFor \u00e5 \u00f8ke tilgjengeligheten for dem som er p\u00e5 jobb l\u00f8rdag formiddag, starter messene i Farsund n\u00e5 <b>kl. 14.00<\/b>.&nbsp;<br \/>\nMessene i Flekkefjord starter<b> kl. 17<\/b>.&nbsp;<\/p>\n<p>\nH\u00f8stens messedatoer er:<br \/>\n<b>l\u00f8rdag 26\/9<\/b><br \/>\n<b>l\u00f8rdag 24\/10<\/b><br \/>\n<b>l\u00f8rdag 21\/11<\/b><br \/>\n<b>l\u00f8rdag 26\/12<\/b><\/p>\n<p>Velkommen!<\/p>\n","protected":false},"excerpt":{"rendered":"<p>I h\u00f8st g\u00e5r vi igjen tilbake til \u00e5 ha messe hver m\u00e5ned i Farsund og Flekkefjord.&nbsp; For \u00e5 \u00f8ke tilgjengeligheten for dem som er p\u00e5 jobb l\u00f8rdag formiddag, starter messene i Farsund n\u00e5 kl. 14.00.&nbsp; Messene i Flekkefjord starter kl&#8230;.<br \/><a class=\"read-more-button\" href=\"https:\/\/stansgar.katolsk.no\/?p=498\">Read more<\/a><\/p>\n","protected":false},"author":3,"featured_media":2370,"comment_status":"open","ping_status":"open","sticky":false,"template":"","format":"standard","meta":{"footnotes":""},"categories":[1],"tags":[55,18,52],"class_list":["post-498","post","type-post","status-publish","format-standard","has-post-thumbnail","hentry","category-ukategorisert","tag-farsund","tag-flekkefjord","tag-messe"],"_links":{"self":[{"href":"https:\/\/stansgar.katolsk.no\/index.php?rest_route=\/wp\/v2\/posts\/498","targetHints":{"allow":["GET"]}}],"collection":[{"href":"https:\/\/stansgar.katolsk.no\/index.php?rest_route=\/wp\/v2\/posts"}],"about":[{"href":"https:\/\/stansgar.katolsk.no\/index.php?rest_route=\/wp\/v2\/types\/post"}],"author":[{"embeddable":true,"href":"https:\/\/stansgar.katolsk.no\/index.php?rest_route=\/wp\/v2\/users\/3"}],"replies":[{"embeddable":true,"href":"https:\/\/stansgar.katolsk.no\/index.php?rest_route=%2Fwp%2Fv2%2Fcomments&post=498"}],"version-history":[{"count":1,"href":"https:\/\/stansgar.katolsk.no\/index.php?rest_route=\/wp\/v2\/posts\/498\/revisions"}],"predecessor-version":[{"id":2371,"href":"https:\/\/stansgar.katolsk.no\/index.php?rest_route=\/wp\/v2\/posts\/498\/revisions\/2371"}],"wp:featuredmedia":[{"embeddable":true,"href":"https:\/\/stansgar.katolsk.no\/index.php?rest_route=\/wp\/v2\/media\/2370"}],"wp:attachment":[{"href":"https:\/\/stansgar.katolsk.no\/index.php?rest_route=%2Fwp%2Fv2%2Fmedia&parent=498"}],"wp:term":[{"taxonomy":"category","embeddable":true,"href":"https:\/\/stansgar.katolsk.no\/index.php?rest_route=%2Fwp%2Fv2%2Fcategories&post=498"},{"taxonomy":"post_tag","embeddable":true,"href":"https:\/\/stansgar.katolsk.no\/index.php?rest_route=%2Fwp%2Fv2%2Ftags&post=498"}],"curies":[{"name":"wp","href":"https:\/\/api.w.org\/{rel}","templated":true}]}}