{"id":497,"date":"2015-09-03T12:59:00","date_gmt":"2015-09-03T10:59:00","guid":{"rendered":"http:\/\/stansgar.katolsk.no\/index.php\/2015\/09\/03\/arets-katekese\/"},"modified":"2018-10-12T09:12:38","modified_gmt":"2018-10-12T07:12:38","slug":"arets-katekese","status":"publish","type":"post","link":"https:\/\/stansgar.katolsk.no\/?p=497","title":{"rendered":"\u00c5rets katekese!"},"content":{"rendered":"<div class=\"MsoNormal\" style=\"line-height: 150%; margin-bottom: .0001pt; margin-bottom: 0cm; mso-layout-grid-align: none; text-autospace: none;\">\n<p><b>&nbsp;&nbsp;&nbsp;&nbsp;&nbsp;&nbsp;&nbsp;&nbsp;&nbsp;&nbsp;&nbsp;&nbsp;&nbsp;&nbsp;&nbsp;&nbsp;&nbsp;&nbsp;&nbsp;&nbsp;&nbsp;&nbsp;&nbsp;&nbsp;&nbsp;&nbsp;&nbsp;&nbsp;&nbsp;&nbsp;&nbsp;&nbsp;&nbsp;&nbsp;&nbsp;&nbsp;&nbsp;&nbsp;&nbsp;&nbsp;&nbsp;&nbsp;&nbsp;&nbsp;&nbsp;&nbsp;&nbsp;&nbsp;&nbsp;&nbsp;&nbsp;&nbsp;&nbsp;&nbsp;&nbsp;&nbsp;&nbsp;&nbsp;&nbsp;&nbsp;&nbsp;&nbsp;&nbsp;&nbsp;&nbsp;&nbsp;&nbsp;&nbsp;&nbsp;&nbsp;&nbsp;&nbsp;&nbsp;&nbsp;&nbsp;&nbsp;&nbsp;&nbsp;&nbsp;&nbsp;&nbsp;&nbsp;&nbsp;&nbsp;&nbsp;&nbsp;&nbsp;&nbsp;&nbsp;&nbsp;&nbsp;&nbsp;&nbsp;&nbsp;&nbsp;&nbsp;&nbsp;&nbsp;&nbsp;&nbsp;&nbsp;&nbsp;&nbsp;&nbsp;&nbsp;&nbsp;&nbsp;&nbsp;&nbsp;&nbsp;&nbsp;&nbsp;&nbsp;&nbsp;&nbsp;&nbsp;&nbsp;&nbsp;&nbsp;&nbsp;&nbsp;&nbsp;&nbsp;&nbsp;&nbsp;&nbsp;&nbsp; <\/b><\/div>\n<div class=\"MsoNormal\" style=\"line-height: 150%; margin-bottom: .0001pt; margin-bottom: 0cm; mso-layout-grid-align: none; text-autospace: none;\">\n<b>Velkommen<br \/>\ntil katekese\u00e5ret 2015\/2016 i St. Ansgar menighet!<\/b><\/div>\n<div class=\"MsoNormal\" style=\"line-height: 150%; margin-bottom: .0001pt; margin-bottom: 0cm; mso-layout-grid-align: none; text-autospace: none;\">\nKatekesen<br \/>\ner et tilbud om katolsk kristendomsundervisning for alle barn og ungdommer som<br \/>\ng\u00e5r i 1. \u2013 9. klasse. Her treffer barn og ungdommer andre katolske barn<br \/>\nungdommer og l\u00e6rer om katolsk tro, fortellinger fra Bibelen, messens liturgi,<br \/>\nkristne sanger samt at de f\u00e5r en bedre forst\u00e5else av h\u00f8ytidene i l\u00f8pet av<br \/>\nkirke\u00e5ret. Vi \u00f8nsker \u00e5 skape et godt sosialt milj\u00f8 slik at barna f\u00f8ler seg som<br \/>\nen del av fellesskapet i menigheten. Katekesen st\u00f8tter foreldrene i<br \/>\ntrosformidlingen til barna og bidrar til at barna kan utvikle sin religi\u00f8se identitet<br \/>\ni den katolske troen.<\/div>\n<div class=\"MsoNormal\" style=\"line-height: 150%; margin-bottom: .0001pt; margin-bottom: 0cm; mso-layout-grid-align: none; text-autospace: none;\">\n<\/div>\n<div class=\"MsoNormal\" style=\"line-height: 150%; margin-bottom: .0001pt; margin-bottom: 0cm; mso-layout-grid-align: none; text-autospace: none;\">\n<b style=\"mso-bidi-font-weight: normal;\">For 1. klasse til 7. klasse er katekesen p\u00e5<br \/>\nf\u00f8lgende l\u00f8rdager:<\/b><\/div>\n<div class=\"MsoNormal\" style=\"line-height: 150%; margin-bottom: .0001pt; margin-bottom: 0cm; mso-layout-grid-align: none; text-autospace: none;\">\n1. klasse<br \/>\ntil <b style=\"mso-bidi-font-weight: normal;\">4.<\/b> klasse klokka 10.00 \u2013 14.00.<\/div>\n<div class=\"MsoNormal\" style=\"line-height: 150%; margin-bottom: .0001pt; margin-bottom: 0cm; mso-layout-grid-align: none; text-autospace: none;\">\n<b style=\"mso-bidi-font-weight: normal;\">5.<\/b> klasse og 7.<br \/>\nklasse klokka 13.00. \u2013 17.00.<\/div>\n<div class=\"MsoNormal\" style=\"background: white; line-height: 150%; margin-bottom: .0001pt; margin-bottom: 0cm;\">\n<b style=\"mso-bidi-font-weight: normal;\">H\u00f8sten 2015<\/b>: 12. september, 10. oktober, 14. november og 12.desember.<\/div>\n<div class=\"MsoNormal\" style=\"background: white; line-height: 150%; margin-bottom: .0001pt; margin-bottom: 0cm;\">\n<b>V\u00e5ren 2016<\/b>: 9.<br \/>\njanuar, 13. februar, 12. mars, 9. april, 14. mai og 11. juni.<\/div>\n<div class=\"MsoNormal\" style=\"background: white; line-height: 150%; margin-bottom: .0001pt; margin-bottom: 0cm;\">\n<\/div>\n<div class=\"MsoNormal\" style=\"background: white; line-height: 150%; margin-bottom: .0001pt; margin-bottom: 0cm;\">\n<b>P\u00e5 grunn av mange barn i katekesen om formiddagen (plassmangel)<br \/>\nhar 5. klasse katekesen blitt flyttet til 13.00 &#8211; 17.00.<\/b><\/div>\n<div class=\"MsoNormal\" style=\"background: white; line-height: 150%; margin-bottom: .0001pt; margin-bottom: 0cm;\">\n<\/div>\n<div class=\"MsoNormal\" style=\"background: white; line-height: 150%; margin-bottom: .0001pt; margin-bottom: 0cm;\">\nI 2016 er det 1. kommunion 29.<br \/>\nmai.<\/div>\n<div class=\"MsoNormal\" style=\"background: white; line-height: 150%; margin-bottom: .0001pt; margin-bottom: 0cm;\">\n<\/div>\n<div class=\"MsoNormal\" style=\"background: white; line-height: 150%; margin-bottom: .0001pt; margin-bottom: 0cm;\">\n<b>Alle klassene deltar i en felles messe kl. 13 hver<br \/>\nkatekesel\u00f8rdag.<\/b><\/div>\n<div class=\"MsoNormal\" style=\"background: white; line-height: 150%; margin-bottom: .0001pt; margin-bottom: 0cm;\">\nForeldre, s\u00f8sken og andre er hjertelig velkommen til \u00e5<br \/>\nv\u00e6re med i denne messen! Messen er en viktig del av v\u00e5rt liv som katolikker og<br \/>\ner viktig i katekesen. Derfor ber vi om at barna og ungdommene deltar i <b style=\"mso-bidi-font-weight: normal;\">hele<\/b> <b style=\"mso-bidi-font-weight: normal;\">messen<\/b>.&nbsp; <\/div>\n<div class=\"MsoNormal\" style=\"background: white; line-height: 150%; margin-bottom: .0001pt; margin-bottom: 0cm;\">\n<\/div>\n<div class=\"MsoNormal\" style=\"background: white; line-height: 150%; margin-bottom: .0001pt; margin-bottom: 0cm;\">\n<b style=\"mso-bidi-font-weight: normal;\">Katekesen for 8.<br \/>\nklasse er to ganger i m\u00e5neden:<\/b><\/div>\n<div class=\"MsoNormal\" style=\"background: white; line-height: 150%; margin-bottom: .0001pt; margin-bottom: 0cm;\">\nDet er en torsdag klokka 17.00 \u2013 19.30 og l\u00f8rdag klokka<br \/>\n14.00 \u2013 17.00.&nbsp; <\/div>\n<div class=\"MsoNormal\" style=\"background: white; line-height: 150%; margin-bottom: .0001pt; margin-bottom: 0cm;\">\n<br \/>\n<b style=\"mso-bidi-font-weight: normal;\">H\u00f8sten 2015<\/b>: l\u00f8rdag 12.09., torsdag<br \/>\n24.09., l\u00f8rdag 10.10., torsdag 29.10., <\/div>\n<div class=\"MsoNormal\" style=\"background: white; line-height: 150%; margin-bottom: .0001pt; margin-bottom: 0cm;\">\nl\u00f8rdag 14.11., torsdag 26.11 og l\u00f8rdag 12. 12.<\/div>\n<div class=\"MsoNormal\" style=\"background: white; line-height: 150%; margin-bottom: .0001pt; margin-bottom: 0cm;\">\n<\/div>\n<div class=\"MsoNormal\" style=\"background: white; line-height: 150%; margin-bottom: .0001pt; margin-bottom: 0cm;\">\n<b>V\u00e5ren 2016<\/b>: l\u00f8rdag 9.<br \/>\n01., torsdag 21.01., l\u00f8rdag 13.02., torsdag 18.02., l\u00f8rdag 12.03., torsdag<br \/>\n31.03., l\u00f8rdag 9.04., torsdag 21.04., l\u00f8rdag 14.05., torsdag 26.05. og<\/div>\n<div class=\"MsoNormal\" style=\"background: white; line-height: 150%; margin-bottom: .0001pt; margin-bottom: 0cm;\">\nl\u00f8rdag 11. 06.<\/div>\n<div class=\"MsoNormal\" style=\"background: white; line-height: 150%; margin-bottom: .0001pt; margin-bottom: 0cm;\">\n<\/div>\n<div class=\"MsoNormal\" style=\"background: white; line-height: 150%; margin-bottom: .0001pt; margin-bottom: 0cm;\">\n<b>Katekese for 9. klasse er p\u00e5 onsdager og torsdager en gang<br \/>\ni m\u00e5neden:<\/b><\/div>\n<div class=\"MsoNormal\" style=\"background: white; line-height: 150%; margin-bottom: .0001pt; margin-bottom: 0cm;\">\n<b style=\"mso-bidi-font-weight: normal;\">Gruppe 1:<br \/>\nH\u00f8sten 2015:<\/b> onsdag 23.09., onsdag 28.10., onsdag 25.11. og onsdag 16. desember<\/div>\n<div class=\"MsoNormal\" style=\"background: white; line-height: 150%; margin-bottom: .0001pt; margin-bottom: 0cm;\">\n<b>V\u00e5ren 2016<\/b>: onsdag<br \/>\n20.01., onsdag 17.02., onsdag 30.03., onsdag 20.04., og <\/div>\n<div class=\"MsoNormal\" style=\"background: white; line-height: 150%; margin-bottom: .0001pt; margin-bottom: 0cm;\">\nonsdag 25.05. <\/div>\n<div class=\"MsoNormal\" style=\"background: white; line-height: 150%; margin-bottom: .0001pt; margin-bottom: 0cm;\">\n<\/div>\n<div class=\"MsoNormal\" style=\"background: white; line-height: 150%; margin-bottom: .0001pt; margin-bottom: 0cm;\">\n<b>Gruppe 2:<\/b><\/div>\n<div class=\"MsoNormal\" style=\"background: white; line-height: 150%; margin-bottom: .0001pt; margin-bottom: 0cm;\">\n<b style=\"mso-bidi-font-weight: normal;\">H\u00f8sten 2015<\/b>: torsdag 24.09.,<br \/>\ntorsdag 29.10., torsdag 26.11 og torsdag 17. desember<\/div>\n<div class=\"MsoNormal\" style=\"background: white; line-height: 150%; margin-bottom: .0001pt; margin-bottom: 0cm;\">\n<b>V\u00e5ren 2016<\/b>: torsdag<br \/>\n21.01., torsdag 18.02., torsdag 31.03., torsdag 21.04. og <\/div>\n<div class=\"MsoNormal\" style=\"background: white; line-height: 150%; margin-bottom: .0001pt; margin-bottom: 0cm;\">\ntorsdag 26.05. <\/div>\n<div class=\"MsoNormal\" style=\"background: white; line-height: 150%; margin-bottom: .0001pt; margin-bottom: 0cm;\">\n<\/div>\n<div class=\"MsoNormal\" style=\"background: white; line-height: 150%; margin-bottom: .0001pt; margin-bottom: 0cm;\">\nDet blir konfirmanttur til<br \/>\nStella Maris for 9. klasse 20.05. \u2013 22.05.2016<\/div>\n<div class=\"MsoNormal\" style=\"background: white; line-height: 150%; margin-bottom: .0001pt; margin-bottom: 0cm;\">\n<br \/>\nI 2016 er det konfirmasjon 3. september. <\/div>\n<div class=\"MsoNormal\" style=\"background: white; line-height: 150%; margin-bottom: .0001pt; margin-bottom: 0cm;\">\n<\/div>\n<div class=\"MsoNormal\" style=\"background: white; line-height: 150%; margin-bottom: .0001pt; margin-bottom: 0cm;\">\n<b style=\"mso-bidi-font-weight: normal;\">Kontingent for<br \/>\nkatekesen:<\/b><\/div>\n<div class=\"MsoNormal\" style=\"background: white; line-height: 150%; margin-bottom: .0001pt; margin-bottom: 0cm;\">\nKontingent for katekesen er 300 kr pr barn (maks 500,- pr<br \/>\nfamilie). For 9. klasse er det en egen kontingent p\u00e5 600 kroner som inkluderer<br \/>\nkonfirmanttur til Stella Maris. <\/div>\n<p><\/p>\n<div class=\"MsoNormal\" style=\"background: white; line-height: 150%; margin-bottom: .0001pt; margin-bottom: 0cm;\">\nDette kan betales kontant eller med kort, evt. med<br \/>\nnettbank til menighetens konto 3000.16.55864. <i>Husk \u00e5 merke betalingen med katekese og barnets navn og klasse.<\/i><\/div>\n","protected":false},"excerpt":{"rendered":"<p>&nbsp;&nbsp;&nbsp;&nbsp;&nbsp;&nbsp;&nbsp;&nbsp;&nbsp;&nbsp;&nbsp;&nbsp;&nbsp;&nbsp;&nbsp;&nbsp;&nbsp;&nbsp;&nbsp;&nbsp;&nbsp;&nbsp;&nbsp;&nbsp;&nbsp;&nbsp;&nbsp;&nbsp;&nbsp;&nbsp;&nbsp;&nbsp;&nbsp;&nbsp;&nbsp;&nbsp;&nbsp;&nbsp;&nbsp;&nbsp;&nbsp;&nbsp;&nbsp;&nbsp;&nbsp;&nbsp;&nbsp;&nbsp;&nbsp;&nbsp;&nbsp;&nbsp;&nbsp;&nbsp;&nbsp;&nbsp;&nbsp;&nbsp;&nbsp;&nbsp;&nbsp;&nbsp;&nbsp;&nbsp;&nbsp;&nbsp;&nbsp;&nbsp;&nbsp;&nbsp;&nbsp;&nbsp;&nbsp;&nbsp;&nbsp;&nbsp;&nbsp;&nbsp;&nbsp;&nbsp;&nbsp;&nbsp;&nbsp;&nbsp;&nbsp;&nbsp;&nbsp;&nbsp;&nbsp;&nbsp;&nbsp;&nbsp;&nbsp;&nbsp;&nbsp;&nbsp;&nbsp;&nbsp;&nbsp;&nbsp;&nbsp;&nbsp;&nbsp;&nbsp;&nbsp;&nbsp;&nbsp;&nbsp;&nbsp;&nbsp;&nbsp;&nbsp;&nbsp;&nbsp;&nbsp;&nbsp;&nbsp;&nbsp;&nbsp;&nbsp;&nbsp;&nbsp;&nbsp;&nbsp;&nbsp;&nbsp;&nbsp; Velkommen til katekese\u00e5ret 2015\/2016 i St. Ansgar menighet! Katekesen er et tilbud om katolsk kristendomsundervisning for alle barn og ungdommer som g\u00e5r i 1. \u2013 9. klasse. Her treffer barn og ungdommer andre katolske barn ungdommer og l\u00e6rer om&#8230;<br \/><a class=\"read-more-button\" href=\"https:\/\/stansgar.katolsk.no\/?p=497\">Read more<\/a><\/p>\n","protected":false},"author":3,"featured_media":0,"comment_status":"open","ping_status":"open","sticky":false,"template":"","format":"standard","meta":{"footnotes":""},"categories":[1],"tags":[10],"class_list":["post-497","post","type-post","status-publish","format-standard","hentry","category-ukategorisert","tag-katekese"],"_links":{"self":[{"href":"https:\/\/stansgar.katolsk.no\/index.php?rest_route=\/wp\/v2\/posts\/497","targetHints":{"allow":["GET"]}}],"collection":[{"href":"https:\/\/stansgar.katolsk.no\/index.php?rest_route=\/wp\/v2\/posts"}],"about":[{"href":"https:\/\/stansgar.katolsk.no\/index.php?rest_route=\/wp\/v2\/types\/post"}],"author":[{"embeddable":true,"href":"https:\/\/stansgar.katolsk.no\/index.php?rest_route=\/wp\/v2\/users\/3"}],"replies":[{"embeddable":true,"href":"https:\/\/stansgar.katolsk.no\/index.php?rest_route=%2Fwp%2Fv2%2Fcomments&post=497"}],"version-history":[{"count":1,"href":"https:\/\/stansgar.katolsk.no\/index.php?rest_route=\/wp\/v2\/posts\/497\/revisions"}],"predecessor-version":[{"id":2369,"href":"https:\/\/stansgar.katolsk.no\/index.php?rest_route=\/wp\/v2\/posts\/497\/revisions\/2369"}],"wp:attachment":[{"href":"https:\/\/stansgar.katolsk.no\/index.php?rest_route=%2Fwp%2Fv2%2Fmedia&parent=497"}],"wp:term":[{"taxonomy":"category","embeddable":true,"href":"https:\/\/stansgar.katolsk.no\/index.php?rest_route=%2Fwp%2Fv2%2Fcategories&post=497"},{"taxonomy":"post_tag","embeddable":true,"href":"https:\/\/stansgar.katolsk.no\/index.php?rest_route=%2Fwp%2Fv2%2Ftags&post=497"}],"curies":[{"name":"wp","href":"https:\/\/api.w.org\/{rel}","templated":true}]}}