{"id":496,"date":"2015-09-07T07:47:00","date_gmt":"2015-09-07T05:47:00","guid":{"rendered":"http:\/\/stansgar.katolsk.no\/index.php\/2015\/09\/07\/kunngjringer-sndag-6-september-2015\/"},"modified":"2018-10-12T09:12:38","modified_gmt":"2018-10-12T07:12:38","slug":"kunngjringer-sndag-6-september-2015","status":"publish","type":"post","link":"https:\/\/stansgar.katolsk.no\/?p=496","title":{"rendered":"KUNNGJ\u00d8RINGER S\u00d8NDAG 6 SEPTEMBER 2015"},"content":{"rendered":"<div class=\"MsoNormal\" style=\"background-color: white; color: #222222; font-size: 12.8000001907349px;\">\n<\/div>\n<div class=\"MsoNormal\" style=\"background-color: white; color: #222222; font-size: 12.8000001907349px;\">\n<\/div>\n<div class=\"MsoNormal\" style=\"background-color: white; color: #222222; font-size: 12.8000001907349px;\">\nDenne uken er det messer som vanlig <b>tirsdag til fredag kl.18.00<\/b><u><\/u><u><\/u><\/div>\n<div class=\"MsoNormal\" style=\"background-color: white; color: #222222; font-size: 12.8000001907349px;\">\n<\/div>\n<div class=\"MsoNormal\" style=\"background-color: white; color: #222222; font-size: 12.8000001907349px;\">\n<\/div>\n<div class=\"MsoNormal\" style=\"background-color: white; color: #222222; font-size: 12.8000001907349px;\">\n<b>Onsdag 9. september<\/b> er det skriftem\u00e5l og \u00f8velse for \u00e5rets konfirmanter. M\u00f8t opp i kirken kl. 16.30.<u><\/u><u><\/u><\/div>\n<div class=\"MsoNormal\" style=\"background-color: white; color: #222222; font-size: 12.8000001907349px;\">\n<\/div>\n<div class=\"MsoNormal\" style=\"background-color: white; color: #222222; font-size: 12.8000001907349px;\">\n<\/div>\n<div class=\"MsoNormal\" style=\"background-color: white; color: #222222; font-size: 12.8000001907349px;\">\n<b>Torsdag 10. september<\/b> er det messe kl. 11 og felles lunch etterp\u00e5.<u><\/u><u><\/u><\/div>\n<div class=\"MsoNormal\" style=\"background-color: white; color: #222222; font-size: 12.8000001907349px;\">\n<\/div>\n<div class=\"MsoNormal\" style=\"background-color: white; color: #222222; font-size: 12.8000001907349px;\">\n<\/div>\n<div class=\"MsoNormal\" style=\"background-color: white; color: #222222; font-size: 12.8000001907349px;\">\n<b>L\u00f8rdag 12. september starter h\u00f8stens katekese opp.<\/b><u><\/u><u><\/u><\/div>\n<div class=\"MsoNormal\" style=\"background-color: white; color: #222222; font-size: 12.8000001907349px;\">\n1. til 4. klasse m\u00f8ter kl. 10,<u><\/u><u><\/u><\/div>\n<div class=\"MsoNormal\" style=\"background-color: white; color: #222222; font-size: 12.8000001907349px;\">\n5. til 7. klasse m\u00f8ter kl. 13<u><\/u><u><\/u><\/div>\n<div class=\"MsoNormal\" style=\"background-color: white; color: #222222; font-size: 12.8000001907349px;\">\n8. klasse m\u00f8ter kl. 14.<u><\/u><u><\/u><\/div>\n<div class=\"MsoNormal\" style=\"background-color: white; color: #222222; font-size: 12.8000001907349px;\">\n9. klasse har ikke katekese p\u00e5 l\u00f8rdager.<u><\/u><u><\/u><\/div>\n<div class=\"MsoNormal\" style=\"background-color: white; color: #222222; font-size: 12.8000001907349px;\">\n<\/div>\n<div class=\"MsoNormal\" style=\"background-color: white; color: #222222; font-size: 12.8000001907349px;\">\nIkke alle barn har blitt registrert i menigheten, dermed har de heller ikke f\u00e5tt brev med invitasjon til katekesen. Dette skjer ofte hvis barn er d\u00f8pt i utlandet eller f\u00f8r familien flyttet til St. Ansgar. Alle barn er velkommen p\u00e5 l\u00f8rdag, uansett.&nbsp;&nbsp;Det er foreldrem\u00f8te kl. 10 for de yngste og kl. 14 for de eldste. Kl. 13 er det messe og hele familien er velkommen til \u00e5 v\u00e6re med p\u00e5 den.<u><\/u><u><\/u><\/div>\n<div class=\"MsoNormal\" style=\"background-color: white; color: #222222; font-size: 12.8000001907349px;\">\n<\/div>\n<div class=\"MsoNormal\" style=\"background-color: white; color: #222222; font-size: 12.8000001907349px;\">\n<b>S\u00f8ndag 13. september<\/b> kl. 14.00 er det messe p\u00e5 polsk p\u00e5 Stella Maris i Mandal.<u><\/u><u><\/u><\/div>\n<div class=\"MsoNormal\" style=\"background-color: white; color: #222222; font-size: 12.8000001907349px;\">\n<\/div>\n<div class=\"MsoNormal\" style=\"background-color: white; color: #222222; font-size: 12.8000001907349px;\">\n<\/div>\n<div class=\"MsoNormal\" style=\"background-color: white; color: #222222; font-size: 12.8000001907349px;\">\nVi minner om <b>St. Ansgar menighets 125\u00e5rs jubileumshefte.<\/b> Heftet forteller menighetens historie fra 1890 og til n\u00e5. Det koster 100,- kr og kan kj\u00f8pes etter messen, i sakristiet eller i menighetssalen.<u><\/u><u><\/u><\/div>\n<div class=\"MsoNormal\" style=\"background-color: white; color: #222222; font-size: 12.8000001907349px;\">\n<\/div>\n<div class=\"MsoNormal\" style=\"background-color: white; color: #222222; font-size: 12.8000001907349px;\">\n<\/div>\n<div class=\"MsoNormal\" style=\"background-color: white; color: #222222; font-size: 12.8000001907349px;\">\n<\/div>\n<div class=\"MsoNormal\" style=\"background-color: white; color: #222222; font-size: 12.8000001907349px;\">\nS\u00e5 er minnepinnene med <b>bilder fra barnas 1. kommunion<\/b> klare. De kan hentes i sakristiet etter messen.<u><\/u><u><\/u><\/div>\n<div class=\"MsoNormal\" style=\"background-color: white; color: #222222; font-family: arial, sans-serif; font-size: 12.8000001907349px;\">\n<\/div>\n<div class=\"MsoNormal\" style=\"background-color: white; color: #222222; font-family: arial, sans-serif; font-size: 12.8000001907349px;\">\n<\/div>\n","protected":false},"excerpt":{"rendered":"<p>Denne uken er det messer som vanlig tirsdag til fredag kl.18.00 Onsdag 9. september er det skriftem\u00e5l og \u00f8velse for \u00e5rets konfirmanter. M\u00f8t opp i kirken kl. 16.30. Torsdag 10. september er det messe kl. 11 og felles lunch etterp\u00e5&#8230;.<br \/><a class=\"read-more-button\" href=\"https:\/\/stansgar.katolsk.no\/?p=496\">Read more<\/a><\/p>\n","protected":false},"author":3,"featured_media":0,"comment_status":"open","ping_status":"open","sticky":false,"template":"","format":"standard","meta":{"footnotes":""},"categories":[1],"tags":[3],"class_list":["post-496","post","type-post","status-publish","format-standard","hentry","category-ukategorisert","tag-kunngjoringer"],"_links":{"self":[{"href":"https:\/\/stansgar.katolsk.no\/index.php?rest_route=\/wp\/v2\/posts\/496","targetHints":{"allow":["GET"]}}],"collection":[{"href":"https:\/\/stansgar.katolsk.no\/index.php?rest_route=\/wp\/v2\/posts"}],"about":[{"href":"https:\/\/stansgar.katolsk.no\/index.php?rest_route=\/wp\/v2\/types\/post"}],"author":[{"embeddable":true,"href":"https:\/\/stansgar.katolsk.no\/index.php?rest_route=\/wp\/v2\/users\/3"}],"replies":[{"embeddable":true,"href":"https:\/\/stansgar.katolsk.no\/index.php?rest_route=%2Fwp%2Fv2%2Fcomments&post=496"}],"version-history":[{"count":1,"href":"https:\/\/stansgar.katolsk.no\/index.php?rest_route=\/wp\/v2\/posts\/496\/revisions"}],"predecessor-version":[{"id":2368,"href":"https:\/\/stansgar.katolsk.no\/index.php?rest_route=\/wp\/v2\/posts\/496\/revisions\/2368"}],"wp:attachment":[{"href":"https:\/\/stansgar.katolsk.no\/index.php?rest_route=%2Fwp%2Fv2%2Fmedia&parent=496"}],"wp:term":[{"taxonomy":"category","embeddable":true,"href":"https:\/\/stansgar.katolsk.no\/index.php?rest_route=%2Fwp%2Fv2%2Fcategories&post=496"},{"taxonomy":"post_tag","embeddable":true,"href":"https:\/\/stansgar.katolsk.no\/index.php?rest_route=%2Fwp%2Fv2%2Ftags&post=496"}],"curies":[{"name":"wp","href":"https:\/\/api.w.org\/{rel}","templated":true}]}}