{"id":495,"date":"2015-09-11T11:25:00","date_gmt":"2015-09-11T09:25:00","guid":{"rendered":"http:\/\/stansgar.katolsk.no\/index.php\/2015\/09\/11\/husk-katekeseoppstart-pa-lrdag\/"},"modified":"2018-10-12T09:12:38","modified_gmt":"2018-10-12T07:12:38","slug":"husk-katekeseoppstart-pa-lrdag","status":"publish","type":"post","link":"https:\/\/stansgar.katolsk.no\/?p=495","title":{"rendered":"Husk katekeseoppstart p\u00e5 l\u00f8rdag!"},"content":{"rendered":"<div class=\"separator\" style=\"clear: both; text-align: center;\">\n<\/div>\n<div class=\"separator\" style=\"clear: both; text-align: center;\">\n<a href=\"http:\/\/stansgar.katolsk.no\/wp-content\/uploads\/2015\/09\/Bibelen.png\" imageanchor=\"1\" style=\"margin-left: 1em; margin-right: 1em;\"><img decoding=\"async\" border=\"0\" src=\"http:\/\/stansgar.katolsk.no\/wp-content\/uploads\/2015\/09\/Bibelen.png\" \/><\/a><\/div>\n<div class=\"MsoNormal\" style=\"background-color: white; color: #222222; font-family: Georgia, Utopia, 'Palatino Linotype', Palatino, serif; font-size: 12.8px;\">\n<b><br \/><\/b><\/div>\n<div class=\"MsoNormal\" style=\"background-color: white; color: #222222; font-family: Georgia, Utopia, 'Palatino Linotype', Palatino, serif; font-size: 12.8px;\">\n<b>L\u00f8rdag 12. september starter h\u00f8stens katekese opp.<\/b><u><\/u><u><\/u><\/div>\n<div class=\"MsoNormal\" style=\"background-color: white; color: #222222; font-family: Georgia, Utopia, 'Palatino Linotype', Palatino, serif; font-size: 12.8px;\">\n1. til 4. klasse m\u00f8ter kl. 10,<u><\/u><u><\/u><\/div>\n<div class=\"MsoNormal\" style=\"background-color: white; color: #222222; font-family: Georgia, Utopia, 'Palatino Linotype', Palatino, serif; font-size: 12.8px;\">\n5. til 7. klasse m\u00f8ter kl. 13<u><\/u><u><\/u><\/div>\n<div class=\"MsoNormal\" style=\"background-color: white; color: #222222; font-family: Georgia, Utopia, 'Palatino Linotype', Palatino, serif; font-size: 12.8px;\">\n8. klasse m\u00f8ter kl. 14.<u><\/u><u><\/u><\/div>\n<div class=\"MsoNormal\" style=\"background-color: white; color: #222222; font-family: Georgia, Utopia, 'Palatino Linotype', Palatino, serif; font-size: 12.8px;\">\n9. klasse har ikke katekese p\u00e5 l\u00f8rdager.<u><\/u><u><\/u><\/div>\n<div class=\"MsoNormal\" style=\"background-color: white; color: #222222; font-family: Georgia, Utopia, 'Palatino Linotype', Palatino, serif; font-size: 12.8px;\">\n<\/div>\n<div class=\"MsoNormal\" style=\"background-color: white; color: #222222; font-family: Georgia, Utopia, 'Palatino Linotype', Palatino, serif; font-size: 12.8px;\">\nIkke alle barn har blitt registrert i menigheten, dermed har de heller ikke f\u00e5tt brev med invitasjon til katekesen. Dette skjer ofte hvis barn er d\u00f8pt i utlandet eller f\u00f8r familien flyttet til St. Ansgar. Alle barn er velkommen p\u00e5 l\u00f8rdag, uansett.&nbsp;&nbsp;Det er foreldrem\u00f8te kl. 10 for de yngste og kl. 14 for de eldste. Kl. 13 er det messe og hele familien er velkommen til \u00e5 v\u00e6re med p\u00e5 den.<\/p>\n<p>Les mer om h\u00f8stens katekese&nbsp;<a href=\"http:\/\/stansgar.katolsk.no\/index.php\/katekesen\/\" target=\"_blank\">her<\/a><\/p>\n<p>Se hvem som er barnas l\u00e6rere&nbsp;<a href=\"http:\/\/stansgar.katolsk.no\/index.php\/2015\/09\/12\/menighetens-flinke-katekesemedhjelpere\/\" target=\"_blank\">her<\/a><\/div>\n","protected":false},"excerpt":{"rendered":"<p>L\u00f8rdag 12. september starter h\u00f8stens katekese opp. 1. til 4. klasse m\u00f8ter kl. 10, 5. til 7. klasse m\u00f8ter kl. 13 8. klasse m\u00f8ter kl. 14. 9. klasse har ikke katekese p\u00e5 l\u00f8rdager. Ikke alle barn har blitt registrert i&#8230;<br \/><a class=\"read-more-button\" href=\"https:\/\/stansgar.katolsk.no\/?p=495\">Read more<\/a><\/p>\n","protected":false},"author":3,"featured_media":2366,"comment_status":"open","ping_status":"open","sticky":false,"template":"","format":"standard","meta":{"footnotes":""},"categories":[1],"tags":[10],"class_list":["post-495","post","type-post","status-publish","format-standard","has-post-thumbnail","hentry","category-ukategorisert","tag-katekese"],"_links":{"self":[{"href":"https:\/\/stansgar.katolsk.no\/index.php?rest_route=\/wp\/v2\/posts\/495","targetHints":{"allow":["GET"]}}],"collection":[{"href":"https:\/\/stansgar.katolsk.no\/index.php?rest_route=\/wp\/v2\/posts"}],"about":[{"href":"https:\/\/stansgar.katolsk.no\/index.php?rest_route=\/wp\/v2\/types\/post"}],"author":[{"embeddable":true,"href":"https:\/\/stansgar.katolsk.no\/index.php?rest_route=\/wp\/v2\/users\/3"}],"replies":[{"embeddable":true,"href":"https:\/\/stansgar.katolsk.no\/index.php?rest_route=%2Fwp%2Fv2%2Fcomments&post=495"}],"version-history":[{"count":2,"href":"https:\/\/stansgar.katolsk.no\/index.php?rest_route=\/wp\/v2\/posts\/495\/revisions"}],"predecessor-version":[{"id":3739,"href":"https:\/\/stansgar.katolsk.no\/index.php?rest_route=\/wp\/v2\/posts\/495\/revisions\/3739"}],"wp:featuredmedia":[{"embeddable":true,"href":"https:\/\/stansgar.katolsk.no\/index.php?rest_route=\/wp\/v2\/media\/2366"}],"wp:attachment":[{"href":"https:\/\/stansgar.katolsk.no\/index.php?rest_route=%2Fwp%2Fv2%2Fmedia&parent=495"}],"wp:term":[{"taxonomy":"category","embeddable":true,"href":"https:\/\/stansgar.katolsk.no\/index.php?rest_route=%2Fwp%2Fv2%2Fcategories&post=495"},{"taxonomy":"post_tag","embeddable":true,"href":"https:\/\/stansgar.katolsk.no\/index.php?rest_route=%2Fwp%2Fv2%2Ftags&post=495"}],"curies":[{"name":"wp","href":"https:\/\/api.w.org\/{rel}","templated":true}]}}