{"id":493,"date":"2015-09-12T19:31:00","date_gmt":"2015-09-12T17:31:00","guid":{"rendered":"http:\/\/stansgar.katolsk.no\/index.php\/2015\/09\/12\/kunngjringer-sndag-13-september-2015\/"},"modified":"2018-10-12T09:12:38","modified_gmt":"2018-10-12T07:12:38","slug":"kunngjringer-sndag-13-september-2015","status":"publish","type":"post","link":"https:\/\/stansgar.katolsk.no\/?p=493","title":{"rendered":"KUNNGJ\u00d8RINGER S\u00d8NDAG 13 SEPTEMBER 2015"},"content":{"rendered":"<div class=\"MsoNormal\" style=\"background-color: white; color: #222222; font-size: 12.8px;\">\n<\/div>\n<div class=\"MsoNormal\" style=\"background-color: white; color: #222222; font-size: 12.8px;\">\n<\/div>\n<div class=\"MsoNormal\" style=\"background-color: white; color: #222222; font-size: 12.8px;\">\n<b>Denne uken er det ikke messe p\u00e5 tirsdag 15. og onsdag 16. september.<\/b> Pater Piotr og pater Frode deltar p\u00e5 det \u00e5rlige prestem\u00f8tet p\u00e5 Mariaholm.<u><\/u><u><\/u><\/div>\n<div class=\"MsoNormal\" style=\"background-color: white; color: #222222; font-size: 12.8px;\">\n<\/div>\n<div class=\"MsoNormal\" style=\"background-color: white; color: #222222; font-size: 12.8px;\">\n<b>Torsdag 17. september<\/b> er det messe kl. 11 og felles lunch etterp\u00e5.<u><\/u><u><\/u><\/div>\n<div class=\"MsoNormal\" style=\"background-color: white; color: #222222; font-size: 12.8px;\">\n<\/div>\n<div class=\"MsoNormal\" style=\"background-color: white; color: #222222; font-size: 12.8px;\">\n<b>L\u00f8rdag 19. september<\/b> er det fermingsmesse kl. 11. Det er ingen messe kl. 13, men messe p\u00e5 spansk kl. 14.<u><\/u><u><\/u><\/div>\n<div class=\"MsoNormal\" style=\"background-color: white; color: #222222; font-size: 12.8px;\">\n<\/div>\n<div class=\"MsoNormal\" style=\"background-color: white; color: #222222; font-size: 12.8px;\">\nVi minner om St. Ansgar menighets <b>125\u00e5rs jubileumshefte.<\/b> Heftet forteller menighetens historie fra 1890 og til n\u00e5. Det koster 100,- kr og kan kj\u00f8pes etter messen, i sakristiet eller i menighetssalen.<u><\/u><u><\/u><\/div>\n<div class=\"MsoNormal\" style=\"background-color: white; color: #222222; font-size: 12.8px;\">\n<\/div>\n<div class=\"MsoNormal\" style=\"background-color: white; color: #222222; font-size: 12.8px;\">\n<b>Minnepinnene<\/b> med bilder fra barnas 1. kommunion klare. De kan hentes i sakristiet etter messen.<u><\/u><u><\/u><\/div>\n<div class=\"MsoNormal\" style=\"background-color: white; color: #222222; font-size: 12.8px;\">\n<\/div>\n<div class=\"MsoNormal\" style=\"background-color: white; color: #222222; font-size: 12.8px;\">\n<b>Juniorklubben<\/b> starter opp igjen fredag 25. september. Fra 3. til 7. klasse. P\u00e5melding innen onsdag 23. Se oppslag i gangen.<u><\/u><u><\/u><\/div>\n<div class=\"MsoNormal\" style=\"background-color: white; color: #222222; font-size: 12.8px; line-height: 13.568px; margin-bottom: 8pt;\">\n<\/div>\n<div class=\"MsoNormal\" style=\"background-color: white; color: #222222; font-size: 12.8px; margin-bottom: 8pt;\">\n<b>Stella Maris <\/b>har f\u00e5tt en solid ansiktsl\u00f8ftning i sommer. Vi har malt og ryddet utvendig, vi har f\u00e5tt splitter nye toaletter og bad i begge etasjer, og vi har slipt og lakket gulv i spisesal og stue.<u><\/u><u><\/u><\/div>\n<div class=\"MsoNormal\" style=\"background-color: white; color: #222222; font-size: 12.8px; margin-bottom: 8pt;\">\nMen vi er ikke helt ferdig enn\u00e5. Det gjenst\u00e5r blant annet \u00e5 male vegger og tak innvendig. Til det trenger vi hjelp til \u00e5 v\u00e6re med p\u00e5 en dugnad. Denne er planlagt :<u><\/u><u><\/u><\/div>\n<div class=\"MsoNormal\" style=\"background-color: white; color: #222222; font-size: 12.8px; margin-bottom: 8pt;\">\n<b>L\u00f8rdag 10. oktober \u2013 start kl. 09.00.<\/b><u><\/u><u><\/u><\/div>\n<div class=\"MsoNormal\" style=\"background-color: white; color: #222222; font-size: 12.8px; margin-bottom: 8pt;\">\nVi legger ogs\u00e5 opp til en sosial kveld med god mat og drikke fredag kveld (9.oktober) for de som er interessert. Da er det selvsagt anledning til overnatting.<u><\/u><u><\/u><\/div>\n<div class=\"MsoNormal\" style=\"background-color: white; color: #222222; font-size: 12.8px; margin-bottom: 8pt;\">\nS\u00e5, jo flere vi blir, jo raskere blir vi ferdig. Vi ber derfor om tilbakemelding\/p\u00e5melding&nbsp;<u>innen 1.oktober&nbsp;<\/u>til :<u><\/u><u><\/u><\/div>\n<div class=\"MsoNormal\" style=\"background-color: white; color: #222222; margin-bottom: 8pt;\">\nVietnamesisk gruppe: Vaktmester Tam tlf. 476 61&nbsp;749 eller Phong Mai tlf. 906 44&nbsp;049.<u><\/u><u><\/u><\/div>\n<div class=\"MsoNormal\" style=\"background-color: white; color: #222222; margin-bottom: 8pt;\">\nPolsk gruppe: Knut Arne Grosaas (tlf 941 44 310)<u><\/u><u><\/u><\/div>\n<div class=\"MsoNormal\" style=\"background-color: white; color: #222222; margin-bottom: 8pt;\">\nAndre : Til ovennevnte eller Tore Heidenreich (Tlf. 902 96&nbsp;115).<\/div>\n","protected":false},"excerpt":{"rendered":"<p>Denne uken er det ikke messe p\u00e5 tirsdag 15. og onsdag 16. september. Pater Piotr og pater Frode deltar p\u00e5 det \u00e5rlige prestem\u00f8tet p\u00e5 Mariaholm. Torsdag 17. september er det messe kl. 11 og felles lunch etterp\u00e5. L\u00f8rdag 19. september&#8230;<br \/><a class=\"read-more-button\" href=\"https:\/\/stansgar.katolsk.no\/?p=493\">Read more<\/a><\/p>\n","protected":false},"author":3,"featured_media":0,"comment_status":"open","ping_status":"open","sticky":false,"template":"","format":"standard","meta":{"footnotes":""},"categories":[1],"tags":[3],"class_list":["post-493","post","type-post","status-publish","format-standard","hentry","category-ukategorisert","tag-kunngjoringer"],"_links":{"self":[{"href":"https:\/\/stansgar.katolsk.no\/index.php?rest_route=\/wp\/v2\/posts\/493","targetHints":{"allow":["GET"]}}],"collection":[{"href":"https:\/\/stansgar.katolsk.no\/index.php?rest_route=\/wp\/v2\/posts"}],"about":[{"href":"https:\/\/stansgar.katolsk.no\/index.php?rest_route=\/wp\/v2\/types\/post"}],"author":[{"embeddable":true,"href":"https:\/\/stansgar.katolsk.no\/index.php?rest_route=\/wp\/v2\/users\/3"}],"replies":[{"embeddable":true,"href":"https:\/\/stansgar.katolsk.no\/index.php?rest_route=%2Fwp%2Fv2%2Fcomments&post=493"}],"version-history":[{"count":1,"href":"https:\/\/stansgar.katolsk.no\/index.php?rest_route=\/wp\/v2\/posts\/493\/revisions"}],"predecessor-version":[{"id":2339,"href":"https:\/\/stansgar.katolsk.no\/index.php?rest_route=\/wp\/v2\/posts\/493\/revisions\/2339"}],"wp:attachment":[{"href":"https:\/\/stansgar.katolsk.no\/index.php?rest_route=%2Fwp%2Fv2%2Fmedia&parent=493"}],"wp:term":[{"taxonomy":"category","embeddable":true,"href":"https:\/\/stansgar.katolsk.no\/index.php?rest_route=%2Fwp%2Fv2%2Fcategories&post=493"},{"taxonomy":"post_tag","embeddable":true,"href":"https:\/\/stansgar.katolsk.no\/index.php?rest_route=%2Fwp%2Fv2%2Ftags&post=493"}],"curies":[{"name":"wp","href":"https:\/\/api.w.org\/{rel}","templated":true}]}}