{"id":491,"date":"2015-09-20T09:27:00","date_gmt":"2015-09-20T07:27:00","guid":{"rendered":"http:\/\/stansgar.katolsk.no\/index.php\/2015\/09\/20\/kunngjringer-sndag-20-september-2015\/"},"modified":"2018-10-12T09:12:38","modified_gmt":"2018-10-12T07:12:38","slug":"kunngjringer-sndag-20-september-2015","status":"publish","type":"post","link":"https:\/\/stansgar.katolsk.no\/?p=491","title":{"rendered":"KUNNGJ\u00d8RINGER S\u00d8NDAG 20 SEPTEMBER 2015"},"content":{"rendered":"<div class=\"MsoNormal\" style=\"background-color: white; color: #222222; font-size: 12.8px;\">\n<\/div>\n<div class=\"MsoNormal\" style=\"background-color: white; color: #222222; font-size: 12.8px;\">\n<\/div>\n<div class=\"MsoNormal\" style=\"background-color: white; color: #222222; font-size: 12.8px;\">\nDenne uken er det <b>messe tirsdag til fredag kl. 18.<\/b><u><\/u><u><\/u><\/div>\n<div class=\"MsoNormal\" style=\"background-color: white; color: #222222; font-size: 12.8px;\">\n<\/div>\n<div class=\"MsoNormal\" style=\"background-color: white; color: #222222; font-size: 12.8px;\">\n<b>Torsdag 24. september<\/b> er det messe kl. 11 og felles lunch etterp\u00e5.<u><\/u><u><\/u><\/div>\n<div class=\"MsoNormal\" style=\"background-color: white; color: #222222; font-size: 12.8px;\">\n<\/div>\n<div class=\"MsoNormal\" style=\"background-color: white; color: #222222; font-size: 12.8px;\">\n<b>Fredag 25. september<\/b> er alle juniorer fra 3. til 7. klasse velkommen til h\u00f8stens f\u00f8rste juniorklubb. P\u00e5melding innen onsdag 23. Se oppslag i gangen.<u><\/u><u><\/u><\/div>\n<div class=\"MsoNormal\" style=\"background-color: white; color: #222222; font-size: 12.8px;\">\n<\/div>\n<div class=\"MsoNormal\" style=\"background-color: white; color: #222222; font-size: 12.8px;\">\n<b>L\u00f8rdag 26. september<\/b> er det messe i Kirketorgets kapell i Farsund&nbsp;&nbsp;og i Nygata 7 i Flekkefjord. V\u00e6r oppmerksom p\u00e5 at det fra og med i h\u00f8st er <b>nye klokkeslett<\/b> for messene.<u><\/u><u><\/u><\/div>\n<div class=\"MsoNormal\" style=\"background-color: white; color: #222222; font-size: 12.8px;\">\n<b>Messe i Farsund kl. 14 og messe i Flekkefjord kl. 17.<\/b><u><\/u><u><\/u><\/div>\n<div class=\"MsoNormal\" style=\"background-color: white; color: #222222; font-size: 12.8px;\">\n<\/div>\n<div class=\"MsoNormal\" style=\"background-color: white; color: #222222; font-size: 12.8px;\">\n<b>L\u00f8rdag 26. september kl. 11 <\/b>er det messe p\u00e5 kroatisk i St. Ansgar kirke<u><\/u><u><\/u><\/div>\n<div class=\"MsoNormal\" style=\"background-color: white; color: #222222; font-size: 12.8px;\">\n<\/div>\n<div class=\"MsoNormal\" style=\"background-color: white; color: #222222; font-size: 12.8px;\">\n<b>S\u00f8ndag 27. september<\/b> f\u00e5r menigheten bes\u00f8k av v\u00e5rt bisped\u00f8mmes nyviede prest. Pater Bj\u00f8rn Tao Nguyen, som ble presteviet 21. juni, feirer messen kl. 11 og kl. 13 og vil gi primissvelsignelser etterp\u00e5 til alle som \u00f8nsker det.<u><\/u><u><\/u><\/div>\n<div class=\"MsoNormal\" style=\"background-color: white; color: #222222; font-size: 12.8px;\">\n<\/div>\n<div class=\"MsoNormal\" style=\"background-color: white; color: #222222; font-size: 12.8px;\">\n<b>S\u00f8ndag 27. september kl. 14<\/b> er det messe p\u00e5 norsk p\u00e5 Stella Maris i Mandal.<u><\/u><u><\/u><\/div>\n<div class=\"MsoNormal\" style=\"background-color: white; color: #222222; font-size: 12.8px;\">\n<\/div>\n<div class=\"MsoNormal\" style=\"background-color: white; color: #222222; font-size: 12.8px; margin-bottom: 8pt;\">\n<b>Stella Maris<\/b> har f\u00e5tt en solid ansiktsl\u00f8ftning i sommer. Vi har malt og ryddet utvendig, vi har f\u00e5tt splitter nye toaletter og bad i begge etasjer, og vi har slipt og lakket gulv i spisesal og stue.<u><\/u><u><\/u><\/div>\n<div class=\"MsoNormal\" style=\"background-color: white; color: #222222; font-size: 12.8px; margin-bottom: 8pt;\">\nMen vi er ikke helt ferdig enn\u00e5. Det gjenst\u00e5r blant annet \u00e5 male vegger og tak innvendig. Til det trenger vi hjelp til \u00e5 v\u00e6re med p\u00e5 en <b>dugnad.<\/b> Denne er planlagt :<u><\/u><u><\/u><\/div>\n<div class=\"MsoNormal\" style=\"background-color: white; color: #222222; font-size: 12.8px; margin-bottom: 8pt;\">\n<b>L\u00f8rdag 10. oktober \u2013 start kl. 09.00.<\/b><u><\/u><u><\/u><\/div>\n<div class=\"MsoNormal\" style=\"background-color: white; color: #222222; font-size: 12.8px; margin-bottom: 8pt;\">\nVi legger ogs\u00e5 opp til en sosial kveld med god mat og drikke fredag kveld (9.oktober) for de som er interessert. Da er det selvsagt anledning til overnatting.<u><\/u><u><\/u><\/div>\n<div class=\"MsoNormal\" style=\"background-color: white; color: #222222; font-size: 12.8px; margin-bottom: 8pt;\">\nS\u00e5, jo flere vi blir, jo raskere blir vi ferdig. Vi ber derfor om <b>tilbakemelding\/p\u00e5melding&nbsp;<u>innen 1.oktober&nbsp;<\/u><\/b>til :<u><\/u><u><\/u><\/div>\n<div class=\"MsoNormal\" style=\"background-color: white; color: #222222; font-size: 12.8px; margin-bottom: 8pt;\">\nVietnamesisk gruppe: Vaktmester Tam tlf. 476 61&nbsp;749 eller Phong Mai tlf. 906 44&nbsp;049.<u><\/u><u><\/u><\/div>\n<div class=\"MsoNormal\" style=\"background-color: white; color: #222222; font-size: 12.8px; margin-bottom: 8pt;\">\nPolsk gruppe: Knut Arne Grosaas (tlf 941 44 310)<u><\/u><u><\/u><\/div>\n<div class=\"MsoNormal\" style=\"background-color: white; color: #222222; font-size: 12.8px; margin-bottom: 8pt;\">\nAndre : Til ovennevnte eller Tore Heidenreich (Tlf. 902 96&nbsp;115).<\/div>\n","protected":false},"excerpt":{"rendered":"<p>Denne uken er det messe tirsdag til fredag kl. 18. Torsdag 24. september er det messe kl. 11 og felles lunch etterp\u00e5. Fredag 25. september er alle juniorer fra 3. til 7. klasse velkommen til h\u00f8stens f\u00f8rste juniorklubb. P\u00e5melding innen&#8230;<br \/><a class=\"read-more-button\" href=\"https:\/\/stansgar.katolsk.no\/?p=491\">Read more<\/a><\/p>\n","protected":false},"author":3,"featured_media":0,"comment_status":"open","ping_status":"open","sticky":false,"template":"","format":"standard","meta":{"footnotes":""},"categories":[1],"tags":[],"class_list":["post-491","post","type-post","status-publish","format-standard","hentry","category-ukategorisert"],"_links":{"self":[{"href":"https:\/\/stansgar.katolsk.no\/index.php?rest_route=\/wp\/v2\/posts\/491","targetHints":{"allow":["GET"]}}],"collection":[{"href":"https:\/\/stansgar.katolsk.no\/index.php?rest_route=\/wp\/v2\/posts"}],"about":[{"href":"https:\/\/stansgar.katolsk.no\/index.php?rest_route=\/wp\/v2\/types\/post"}],"author":[{"embeddable":true,"href":"https:\/\/stansgar.katolsk.no\/index.php?rest_route=\/wp\/v2\/users\/3"}],"replies":[{"embeddable":true,"href":"https:\/\/stansgar.katolsk.no\/index.php?rest_route=%2Fwp%2Fv2%2Fcomments&post=491"}],"version-history":[{"count":1,"href":"https:\/\/stansgar.katolsk.no\/index.php?rest_route=\/wp\/v2\/posts\/491\/revisions"}],"predecessor-version":[{"id":2337,"href":"https:\/\/stansgar.katolsk.no\/index.php?rest_route=\/wp\/v2\/posts\/491\/revisions\/2337"}],"wp:attachment":[{"href":"https:\/\/stansgar.katolsk.no\/index.php?rest_route=%2Fwp%2Fv2%2Fmedia&parent=491"}],"wp:term":[{"taxonomy":"category","embeddable":true,"href":"https:\/\/stansgar.katolsk.no\/index.php?rest_route=%2Fwp%2Fv2%2Fcategories&post=491"},{"taxonomy":"post_tag","embeddable":true,"href":"https:\/\/stansgar.katolsk.no\/index.php?rest_route=%2Fwp%2Fv2%2Ftags&post=491"}],"curies":[{"name":"wp","href":"https:\/\/api.w.org\/{rel}","templated":true}]}}