{"id":4854,"date":"2019-01-07T23:44:33","date_gmt":"2019-01-07T22:44:33","guid":{"rendered":"http:\/\/stansgar.katolsk.no\/?p=4854"},"modified":"2019-01-11T12:43:24","modified_gmt":"2019-01-11T11:43:24","slug":"varens-og-sommerens-messer-i-lyngdal-og-flekkefjord","status":"publish","type":"post","link":"https:\/\/stansgar.katolsk.no\/?p=4854","title":{"rendered":"V\u00e5rens og sommerens messer i Lyngdal og Flekkefjord"},"content":{"rendered":"<p><b><\/b><b>Lyngdal:<\/b><br \/>\nMesse feires <b>kl 14.00 i Lyngdal kirkesenter.<\/b> Mulighet for skriftem\u00e5l fra klokken 13.30<br \/>\nMessen feires hver 4.l\u00f8rdag i m\u00e5neden<br \/>\nL\u00f8rdag 26. januar<br \/>\nL\u00f8rdag 23. februar<br \/>\nL\u00f8rdag 23, mars<br \/>\nL\u00f8rdag 27. april<\/p>\n<p>L\u00f8rdag 25.mai<\/p>\n<p>L\u00f8rdag 22. juni<\/p>\n<div style=\"background-color: white; color: #222222;\"><strong>I tillegg feires det engelsk messe med filippinsk prest l\u00f8rdag 12.1, feiringen av Santo Nino.<\/strong><\/div>\n<p><b><br \/>\n<\/b><br \/>\n<b>Flekkefjord:<\/b><br \/>\nMesse feires i <b>velferdsstuen i Nygaten 7(ved Politistasjonen) kl. 17.00.<\/b> Mulighet for skriftem\u00e5l fra klokken 16.30:<br \/>\nMessen feires hver 4.l\u00f8rdag i m\u00e5neden<\/p>\n<p>L\u00f8rdag 26. januar<br \/>\nL\u00f8rdag 23. februar<br \/>\nL\u00f8rdag 23, mars<br \/>\nL\u00f8rdag 27. april<\/p>\n<p>L\u00f8rdag 25.mai<\/p>\n<p>L\u00f8rdag 22. juni<\/p>\n<p><b>Velkommen!<\/b><\/p>\n","protected":false},"excerpt":{"rendered":"<p>Lyngdal: Messe feires kl 14.00 i Lyngdal kirkesenter. Mulighet for skriftem\u00e5l fra klokken 13.30 Messen feires hver 4.l\u00f8rdag i m\u00e5neden L\u00f8rdag 26. januar L\u00f8rdag 23. februar L\u00f8rdag 23, mars L\u00f8rdag 27. april L\u00f8rdag 25.mai L\u00f8rdag 22. juni I tillegg feires&#8230;<br \/><a class=\"read-more-button\" href=\"https:\/\/stansgar.katolsk.no\/?p=4854\">Read more<\/a><\/p>\n","protected":false},"author":3,"featured_media":0,"comment_status":"open","ping_status":"open","sticky":false,"template":"","format":"standard","meta":{"footnotes":""},"categories":[204],"tags":[18,19],"class_list":["post-4854","post","type-post","status-publish","format-standard","hentry","category-ukategorisert-nb","tag-flekkefjord","tag-lyngdal"],"_links":{"self":[{"href":"https:\/\/stansgar.katolsk.no\/index.php?rest_route=\/wp\/v2\/posts\/4854","targetHints":{"allow":["GET"]}}],"collection":[{"href":"https:\/\/stansgar.katolsk.no\/index.php?rest_route=\/wp\/v2\/posts"}],"about":[{"href":"https:\/\/stansgar.katolsk.no\/index.php?rest_route=\/wp\/v2\/types\/post"}],"author":[{"embeddable":true,"href":"https:\/\/stansgar.katolsk.no\/index.php?rest_route=\/wp\/v2\/users\/3"}],"replies":[{"embeddable":true,"href":"https:\/\/stansgar.katolsk.no\/index.php?rest_route=%2Fwp%2Fv2%2Fcomments&post=4854"}],"version-history":[{"count":2,"href":"https:\/\/stansgar.katolsk.no\/index.php?rest_route=\/wp\/v2\/posts\/4854\/revisions"}],"predecessor-version":[{"id":5014,"href":"https:\/\/stansgar.katolsk.no\/index.php?rest_route=\/wp\/v2\/posts\/4854\/revisions\/5014"}],"wp:attachment":[{"href":"https:\/\/stansgar.katolsk.no\/index.php?rest_route=%2Fwp%2Fv2%2Fmedia&parent=4854"}],"wp:term":[{"taxonomy":"category","embeddable":true,"href":"https:\/\/stansgar.katolsk.no\/index.php?rest_route=%2Fwp%2Fv2%2Fcategories&post=4854"},{"taxonomy":"post_tag","embeddable":true,"href":"https:\/\/stansgar.katolsk.no\/index.php?rest_route=%2Fwp%2Fv2%2Ftags&post=4854"}],"curies":[{"name":"wp","href":"https:\/\/api.w.org\/{rel}","templated":true}]}}