{"id":485,"date":"2015-09-30T19:21:00","date_gmt":"2015-09-30T17:21:00","guid":{"rendered":"http:\/\/stansgar.katolsk.no\/index.php\/2015\/09\/30\/dugnad-pa-stella-maris-2\/"},"modified":"2018-10-12T09:12:38","modified_gmt":"2018-10-12T07:12:38","slug":"dugnad-pa-stella-maris-2","status":"publish","type":"post","link":"https:\/\/stansgar.katolsk.no\/?p=485","title":{"rendered":"Dugnad p\u00e5 Stella Maris"},"content":{"rendered":"<div class=\"MsoNormal\" style=\"margin-bottom: 6.0pt;\">\n<b style=\"mso-bidi-font-weight: normal;\">Czyn spo\u0142eczny Stella Maris, Mandal \u2013<br \/>\nLeirvikveien 16.<\/b><\/div>\n<div class=\"MsoNormal\" style=\"margin-bottom: 6.0pt;\">\n<b style=\"mso-bidi-font-weight: normal;\">Sobota 10. Pa\u017cdziernika<br \/>\n&#8211; Malowanie wewn\u0105trz <\/b><\/div>\n<div class=\"MsoNormal\" style=\"margin-bottom: 6.0pt;\">\n<b style=\"mso-bidi-font-weight: normal;\">Rozpocz\u0119cie godzina 09.00<\/b><b style=\"mso-bidi-font-weight: normal;\"><\/b><\/div>\n<div class=\"MsoNormal\" style=\"margin-bottom: 6.0pt;\">\nZach\u0119camy wszyskie grupy j\u0119zykowe w naszej parafii aby<br \/>\nwzie\u0142y udzia\u0142 w czynie spo\u0142ecznym. Parafianie przygotuj\u0105 posi\u0142ek dla uczestnicz\u0105cych,<br \/>\nz wi\u0105zku z tym zach\u0119camy do zapisywania si\u0119, by pa\u0144stwo zatwierdzili sw\u00f3j<br \/>\nudzia\u0142 to b\u0119dzie przygotowana wystarczaj\u0105ca ilo\u015b\u0107 posi\u0142k\u00f3w.<\/div>\n<div class=\"MsoNormal\">\nNa terenie<br \/>\nStella Maris nale\u017caj\u0105cy do naszej parafii w tym roku przeprowadzono wiele<br \/>\ndu\u017cych napraw zar\u00f3wno zewn\u0105trz jak i wewn\u0105trz budynku g\u0142\u00f3wnego<\/div>\n<div class=\"MsoNormal\" style=\"margin-bottom: 6.0pt;\">\nale nadal pozostaje wiele do zrobienia, tym razem<br \/>\npozosta\u0142o malowanie \u015b\u0107ian i sufit\u00f3w.<\/div>\n<div class=\"MsoNormal\" style=\"margin-bottom: 6.0pt;\">\nJest ju\u017c kilka zg\u0142osze\u0144 udzia\u0142u w czynie ze strony innych<br \/>\nnarodowo\u015bci ale nadal s\u0105 potrzebni ch\u0119tni do udzia\u0142u w pracach. <\/div>\n<div class=\"MsoNormal\" style=\"line-height: 200%;\">\nArne tel. 94144310, <a href=\"mailto:knutar88@gmail.com\">knutar88@gmail.com<\/a> lub do ks. Piotra Gwi\u017cd\u017c.<\/div>\n<p><\/p>\n<div class=\"MsoNormal\" style=\"margin-bottom: 6.0pt;\">\nMo\u017cna r\u00f3wnie\u017c wpisa\u0107 si\u0119 na list\u0119 po Mszy \u015aw. 4<br \/>\npa\u017cdziernika na tablicy og\u0142osie\u0144 dla Polak\u00f3w w ko\u015bciele. <\/div>\n<div class=\"separator\" style=\"clear: both; text-align: center;\">\n<a href=\"http:\/\/1.bp.blogspot.com\/-JRU994ChW5A\/Vgw1WeEBl9I\/AAAAAAAAE0A\/fYNqjhGmjYk\/s1600\/smdu.jpg\" imageanchor=\"1\" style=\"margin-left: 1em; margin-right: 1em;\"><img loading=\"lazy\" decoding=\"async\" border=\"0\" height=\"320\" src=\"http:\/\/stansgar.katolsk.no\/wp-content\/uploads\/2015\/09\/smdu.jpg\" width=\"240\" \/><\/a><\/div>\n<p><\/p>\n<div class=\"separator\" style=\"clear: both; text-align: center;\">\n<a href=\"http:\/\/1.bp.blogspot.com\/-xWb-qq27bwI\/Vgw1Zb3Lz0I\/AAAAAAAAE0M\/OxWz0HIa7NM\/s1600\/smdug.jpg\" imageanchor=\"1\" style=\"margin-left: 1em; margin-right: 1em;\"><img loading=\"lazy\" decoding=\"async\" border=\"0\" height=\"320\" src=\"http:\/\/stansgar.katolsk.no\/wp-content\/uploads\/2015\/09\/smdug.jpg\" width=\"266\" \/><\/a><\/div>\n<p><\/p>\n<div class=\"separator\" style=\"clear: both; text-align: center;\">\n<a href=\"http:\/\/2.bp.blogspot.com\/-pXS_sO9FfNs\/Vgw1Yi4oIlI\/AAAAAAAAE0I\/iwpzxt6xvqs\/s1600\/smdugnad.jpg\" imageanchor=\"1\" style=\"margin-left: 1em; margin-right: 1em;\"><img loading=\"lazy\" decoding=\"async\" border=\"0\" height=\"320\" src=\"http:\/\/stansgar.katolsk.no\/wp-content\/uploads\/2015\/09\/smdugnad.jpg\" width=\"240\" \/><\/a><\/div>\n<div class=\"MsoNormal\" style=\"margin-bottom: 6.0pt;\">\n<\/div>\n<div class=\"MsoNormal\" style=\"margin-bottom: 6.0pt;\">\n<\/div>\n<div class=\"MsoNormal\" style=\"margin-bottom: 6.0pt;\">\n<\/div>\n<div class=\"MsoNormal\">\nPolacy<br \/>\nw\u0142o\u017cyli du\u017co pracy w czynie 21. marca gdzie m.in. wysprz\u0105tano ca\u0142\u0105 piwnic\u0119 i<br \/>\notoczenie na zewn\u0105trz. <\/div>\n","protected":false},"excerpt":{"rendered":"<p>Czyn spo\u0142eczny Stella Maris, Mandal \u2013 Leirvikveien 16. Sobota 10. Pa\u017cdziernika &#8211; Malowanie wewn\u0105trz Rozpocz\u0119cie godzina 09.00 Zach\u0119camy wszyskie grupy j\u0119zykowe w naszej parafii aby wzie\u0142y udzia\u0142 w czynie spo\u0142ecznym. Parafianie przygotuj\u0105 posi\u0142ek dla uczestnicz\u0105cych, z wi\u0105zku z tym zach\u0119camy&#8230;<br \/><a class=\"read-more-button\" href=\"https:\/\/stansgar.katolsk.no\/?p=485\">Read more<\/a><\/p>\n","protected":false},"author":3,"featured_media":2326,"comment_status":"open","ping_status":"open","sticky":false,"template":"","format":"standard","meta":{"footnotes":""},"categories":[1],"tags":[81,41],"class_list":["post-485","post","type-post","status-publish","format-standard","has-post-thumbnail","hentry","category-ukategorisert","tag-dugnad","tag-stella-maris"],"_links":{"self":[{"href":"https:\/\/stansgar.katolsk.no\/index.php?rest_route=\/wp\/v2\/posts\/485","targetHints":{"allow":["GET"]}}],"collection":[{"href":"https:\/\/stansgar.katolsk.no\/index.php?rest_route=\/wp\/v2\/posts"}],"about":[{"href":"https:\/\/stansgar.katolsk.no\/index.php?rest_route=\/wp\/v2\/types\/post"}],"author":[{"embeddable":true,"href":"https:\/\/stansgar.katolsk.no\/index.php?rest_route=\/wp\/v2\/users\/3"}],"replies":[{"embeddable":true,"href":"https:\/\/stansgar.katolsk.no\/index.php?rest_route=%2Fwp%2Fv2%2Fcomments&post=485"}],"version-history":[{"count":1,"href":"https:\/\/stansgar.katolsk.no\/index.php?rest_route=\/wp\/v2\/posts\/485\/revisions"}],"predecessor-version":[{"id":2329,"href":"https:\/\/stansgar.katolsk.no\/index.php?rest_route=\/wp\/v2\/posts\/485\/revisions\/2329"}],"wp:featuredmedia":[{"embeddable":true,"href":"https:\/\/stansgar.katolsk.no\/index.php?rest_route=\/wp\/v2\/media\/2326"}],"wp:attachment":[{"href":"https:\/\/stansgar.katolsk.no\/index.php?rest_route=%2Fwp%2Fv2%2Fmedia&parent=485"}],"wp:term":[{"taxonomy":"category","embeddable":true,"href":"https:\/\/stansgar.katolsk.no\/index.php?rest_route=%2Fwp%2Fv2%2Fcategories&post=485"},{"taxonomy":"post_tag","embeddable":true,"href":"https:\/\/stansgar.katolsk.no\/index.php?rest_route=%2Fwp%2Fv2%2Ftags&post=485"}],"curies":[{"name":"wp","href":"https:\/\/api.w.org\/{rel}","templated":true}]}}