{"id":4739,"date":"2018-12-21T14:03:03","date_gmt":"2018-12-21T13:03:03","guid":{"rendered":"http:\/\/stansgar.katolsk.no\/?p=4739"},"modified":"2018-12-21T14:03:03","modified_gmt":"2018-12-21T13:03:03","slug":"brev-fra-okb","status":"publish","type":"post","link":"https:\/\/stansgar.katolsk.no\/?p=4739","title":{"rendered":"Brev fra OKB"},"content":{"rendered":"<p style=\"font-weight: 400;\">Kj\u00e6re dere<\/p>\n<p style=\"font-weight: 400;\">\n<p style=\"font-weight: 400;\">Oslo katolske bisped\u00f8mme (OKB) har i lengre tid mottatt henvendelser fra ulike milj\u00f8er og personer i menigheten som har uttrykt bekymring for tilstanden i menigheten. Biskop Bernt Eidsvig har derfor tatt initiativ til at gruppe utpekt av ham skal reise til Kristiansand for \u00e5 unders\u00f8ke det som har kommet frem, og snakke med flest mulig av de ber\u00f8rte. Dette er i utgangspunktet sogneadministrator, den polske presten, menighetsr\u00e5det, representanter for de nasjonale gruppene, de enkeltpersonene som har henvendt seg til OKB og som \u00f8nsker \u00e5 snakke med gruppen, ansatte p\u00e5 menighetskontoret og andre som har en rolle eller informasjon \u00e5 gi. Vi ber om at sogneadministrator informerer menighetsr\u00e5d og menighet og at de som \u00f8nsker en samtale melder det til\u00a0<a href=\"mailto:Anne-Mette.Ringdal@katolsk.no\">Anne-Mette.Ringdal@katolsk.no<\/a>\u00a0s\u00e5 raskt som mulig.<\/p>\n<p style=\"font-weight: 400;\">\n<p style=\"font-weight: 400;\">Gruppen skal gi r\u00e5d om hvordan situasjonen kan f\u00f8lges opp og l\u00f8ses. Gruppen best\u00e5r av psykolog Huan Nguyen, en prest og kansler Anne-Mette Ringdal. Tidspunktet for bes\u00f8ket er 7. &#8211; 8. januar 2019. Detaljert informasjon blir sendt ut n\u00e5r vi har bedre oversikt om hvor mange samtaler det blir. Ta gjerne kontakt med meg om det er sp\u00f8rsm\u00e5l.<\/p>\n<p style=\"font-weight: 400;\">\n<p style=\"font-weight: 400;\">Med \u00f8nske om en velsignet jul<\/p>\n<p style=\"font-weight: 400;\">\n<p style=\"font-weight: 400;\">Anne-Mette Ringdal<\/p>\n<p style=\"font-weight: 400;\">Kansler<\/p>\n<p style=\"font-weight: 400;\">Oslo katolske bisped\u00f8mme<\/p>\n<p style=\"font-weight: 400;\">e-post:\u00a0<a href=\"mailto:Anne-Mette.Ringdal@katolsk.no\">Anne-Mette.Ringdal@katolsk.no<\/a><\/p>\n<p style=\"font-weight: 400;\">tlf: 97 17 92 35<\/p>\n","protected":false},"excerpt":{"rendered":"<p>Kj\u00e6re dere Oslo katolske bisped\u00f8mme (OKB) har i lengre tid mottatt henvendelser fra ulike milj\u00f8er og personer i menigheten som har uttrykt bekymring for tilstanden i menigheten. Biskop Bernt Eidsvig har derfor tatt initiativ til at gruppe utpekt av ham&#8230;<br \/><a class=\"read-more-button\" href=\"https:\/\/stansgar.katolsk.no\/?p=4739\">Read more<\/a><\/p>\n","protected":false},"author":3,"featured_media":0,"comment_status":"open","ping_status":"open","sticky":false,"template":"","format":"standard","meta":{"footnotes":""},"categories":[204],"tags":[],"class_list":["post-4739","post","type-post","status-publish","format-standard","hentry","category-ukategorisert-nb"],"_links":{"self":[{"href":"https:\/\/stansgar.katolsk.no\/index.php?rest_route=\/wp\/v2\/posts\/4739","targetHints":{"allow":["GET"]}}],"collection":[{"href":"https:\/\/stansgar.katolsk.no\/index.php?rest_route=\/wp\/v2\/posts"}],"about":[{"href":"https:\/\/stansgar.katolsk.no\/index.php?rest_route=\/wp\/v2\/types\/post"}],"author":[{"embeddable":true,"href":"https:\/\/stansgar.katolsk.no\/index.php?rest_route=\/wp\/v2\/users\/3"}],"replies":[{"embeddable":true,"href":"https:\/\/stansgar.katolsk.no\/index.php?rest_route=%2Fwp%2Fv2%2Fcomments&post=4739"}],"version-history":[{"count":1,"href":"https:\/\/stansgar.katolsk.no\/index.php?rest_route=\/wp\/v2\/posts\/4739\/revisions"}],"predecessor-version":[{"id":4740,"href":"https:\/\/stansgar.katolsk.no\/index.php?rest_route=\/wp\/v2\/posts\/4739\/revisions\/4740"}],"wp:attachment":[{"href":"https:\/\/stansgar.katolsk.no\/index.php?rest_route=%2Fwp%2Fv2%2Fmedia&parent=4739"}],"wp:term":[{"taxonomy":"category","embeddable":true,"href":"https:\/\/stansgar.katolsk.no\/index.php?rest_route=%2Fwp%2Fv2%2Fcategories&post=4739"},{"taxonomy":"post_tag","embeddable":true,"href":"https:\/\/stansgar.katolsk.no\/index.php?rest_route=%2Fwp%2Fv2%2Ftags&post=4739"}],"curies":[{"name":"wp","href":"https:\/\/api.w.org\/{rel}","templated":true}]}}