{"id":472,"date":"2015-10-27T21:46:00","date_gmt":"2015-10-27T20:46:00","guid":{"rendered":"http:\/\/stansgar.katolsk.no\/index.php\/2015\/10\/27\/allehelgensdag-og-allesjelers-dag-og\/"},"modified":"2018-10-12T09:12:36","modified_gmt":"2018-10-12T07:12:36","slug":"allehelgensdag-og-allesjelers-dag-og","status":"publish","type":"post","link":"https:\/\/stansgar.katolsk.no\/?p=472","title":{"rendered":"Allehelgensdag og Allesjelers dag &#8211; og litt om Halloween"},"content":{"rendered":"<div class=\"separator\" style=\"clear: both; text-align: center;\">\n<a href=\"http:\/\/3.bp.blogspot.com\/-4DfaF0k0ry0\/Tqwox9Y55pI\/AAAAAAAAD38\/CKd85e16C5o\/s1600\/allehelgen.jpg\" imageanchor=\"1\" style=\"clear: right; float: right; margin-bottom: 1em; margin-left: 1em;\"><img loading=\"lazy\" decoding=\"async\" border=\"0\" height=\"400\" src=\"http:\/\/stansgar.katolsk.no\/wp-content\/uploads\/2015\/10\/allehelgen.jpg\" width=\"300\" \/><\/a><\/div>\n<p><b>Allehelgensdag, 1. november, feires de vanlige s\u00f8ndagsmessene.<\/b><br \/>\n<b><br \/><\/b><br \/>\n<b>Allesjelersdag, 2. november, &nbsp;feires det requimmesse kl. 18<\/b><\/p>\n<p>I requiemmessen ber vi for alle de avd\u00f8de, men s\u00e6rlig for menighetens avd\u00f8de det siste \u00e5ret. I forb\u00f8nnsboken som ligger bak i kirken kan alle som vil skrive navnene p\u00e5 sine kj\u00e6re avd\u00f8de.Messen bes for dem ogs\u00e5.<\/p>\n<p>\nEtter gammel katolsk tradisjon oppfordres vi til \u00e5 bes\u00f8ke kirkeg\u00e5rden den f\u00f8rste uken i november, og be for de avd\u00f8de der.<\/p>\n<p><\/p>\n<div class=\"separator\" style=\"clear: both; text-align: center;\">\n<a href=\"http:\/\/1.bp.blogspot.com\/-ZlLp2pjOLXE\/Tqwo7GsiMqI\/AAAAAAAAD4I\/Fkqu4umIsAI\/s1600\/allehelgen2.jpg\" imageanchor=\"1\" style=\"margin-left: 1em; margin-right: 1em;\"><img loading=\"lazy\" decoding=\"async\" border=\"0\" height=\"250\" src=\"http:\/\/stansgar.katolsk.no\/wp-content\/uploads\/2015\/10\/allehelgen2.jpg\" width=\"320\" \/><\/a><\/div>\n<p>\nAllehelgensdag heter p\u00e5 engelsk All Saints eller All Hallows, og noen av skikkene i forbindelse med allehelgensaften 31. oktober, \u00abhallowe&#8217;en\u00bb overlever i diverse folkelige tradisjoner, men p\u00e5 grunn av deres tilknytning til \u00e5nder og sp\u00f8kelser blir de av mange i dag feilaktig assosiert med Allesjelersdag 2. november.P\u00e5 www.katolsk.no leser vi at det var en folkelig overtro at p\u00e5 denne dagen kunne sjelene i skj\u00e6rsilden vise seg p\u00e5 jorden og hjems\u00f8ke dem som hadde gjort dem noe mens de levde. De kunne vise seg som sp\u00f8kelser eller hekser, og det ble ogs\u00e5 trodd at det hjalp \u00e5 gi almisser i form av penger, kaker eller frukt. Noen av skikkene overlever i folkelige tradisjoner, men er i dag assosiert med \u00abhallowe&#8217;en\u00bb, allehelgensaften 31. oktober. Det har etterhvert blitt tradisjon i Norge blant barn med halloweenfeiring, en variant av den amerikanske, som trolig kom fra irske immigranter i USA. Dette har lite med Kirkens tradisjoner \u00e5 gj\u00f8re!<\/p>\n<p><\/p>\n<div class=\"separator\" style=\"clear: both; text-align: center;\">\n<a href=\"http:\/\/1.bp.blogspot.com\/-0_MyPtPubzs\/TqwpDFNasvI\/AAAAAAAAD4U\/2Ld9S-2cayU\/s1600\/allesjeler.jpg\" imageanchor=\"1\" style=\"clear: right; float: right; margin-bottom: 1em; margin-left: 1em;\"><img loading=\"lazy\" decoding=\"async\" border=\"0\" height=\"268\" src=\"http:\/\/stansgar.katolsk.no\/wp-content\/uploads\/2015\/10\/allesjeler.jpg\" width=\"320\" \/><\/a><\/div>\n<p>\nI den katolske kirke er Allehelgensdag nettopp det &#8211;  festdagen for alle helgener, alle som allerede er i himmelen hos Gud. Dagen feires 1. november. Se mer <a href=\"http:\/\/www.katolsk.no\/biografier\/historisk\/nov01\">her<\/a>.<br \/>\nAllesjelers dag, 2. november, er dagen hvor vi minnes v\u00e5re avd\u00f8de &#8211; allerede helgener, eller p\u00e5 vei til \u00e5 bli det. Les mer <a href=\"http:\/\/www.katolsk.no\/biografier\/historisk\/nov02\">her<\/a><\/p>\n<p>\nI det protestantiske Norge har man i praksis fylt Allehelgensfeiringen med tradisjonene fra Allesjelersdag. Den norske kirke feirer Allehelgensdag f\u00f8rste s\u00f8ndag i november, men siden man her ikke er opptatt av helgenbegrepet, brukes dagen isteden til \u00e5 minnes de avd\u00f8de. Mange steder inviterer man spesielt folk som har mistet noen det siste \u00e5ret, og ber for dem under gudstjenesten.<\/p>\n","protected":false},"excerpt":{"rendered":"<p>Allehelgensdag, 1. november, feires de vanlige s\u00f8ndagsmessene. Allesjelersdag, 2. november, &nbsp;feires det requimmesse kl. 18 I requiemmessen ber vi for alle de avd\u00f8de, men s\u00e6rlig for menighetens avd\u00f8de det siste \u00e5ret. I forb\u00f8nnsboken som ligger bak i kirken kan alle&#8230;<br \/><a class=\"read-more-button\" href=\"https:\/\/stansgar.katolsk.no\/?p=472\">Read more<\/a><\/p>\n","protected":false},"author":3,"featured_media":2298,"comment_status":"open","ping_status":"open","sticky":false,"template":"","format":"standard","meta":{"footnotes":""},"categories":[1],"tags":[50,51],"class_list":["post-472","post","type-post","status-publish","format-standard","has-post-thumbnail","hentry","category-ukategorisert","tag-allehelgen","tag-allesjeler"],"_links":{"self":[{"href":"https:\/\/stansgar.katolsk.no\/index.php?rest_route=\/wp\/v2\/posts\/472","targetHints":{"allow":["GET"]}}],"collection":[{"href":"https:\/\/stansgar.katolsk.no\/index.php?rest_route=\/wp\/v2\/posts"}],"about":[{"href":"https:\/\/stansgar.katolsk.no\/index.php?rest_route=\/wp\/v2\/types\/post"}],"author":[{"embeddable":true,"href":"https:\/\/stansgar.katolsk.no\/index.php?rest_route=\/wp\/v2\/users\/3"}],"replies":[{"embeddable":true,"href":"https:\/\/stansgar.katolsk.no\/index.php?rest_route=%2Fwp%2Fv2%2Fcomments&post=472"}],"version-history":[{"count":1,"href":"https:\/\/stansgar.katolsk.no\/index.php?rest_route=\/wp\/v2\/posts\/472\/revisions"}],"predecessor-version":[{"id":2301,"href":"https:\/\/stansgar.katolsk.no\/index.php?rest_route=\/wp\/v2\/posts\/472\/revisions\/2301"}],"wp:featuredmedia":[{"embeddable":true,"href":"https:\/\/stansgar.katolsk.no\/index.php?rest_route=\/wp\/v2\/media\/2298"}],"wp:attachment":[{"href":"https:\/\/stansgar.katolsk.no\/index.php?rest_route=%2Fwp%2Fv2%2Fmedia&parent=472"}],"wp:term":[{"taxonomy":"category","embeddable":true,"href":"https:\/\/stansgar.katolsk.no\/index.php?rest_route=%2Fwp%2Fv2%2Fcategories&post=472"},{"taxonomy":"post_tag","embeddable":true,"href":"https:\/\/stansgar.katolsk.no\/index.php?rest_route=%2Fwp%2Fv2%2Ftags&post=472"}],"curies":[{"name":"wp","href":"https:\/\/api.w.org\/{rel}","templated":true}]}}