{"id":4677,"date":"2018-12-04T13:01:12","date_gmt":"2018-12-04T12:01:12","guid":{"rendered":"http:\/\/stansgar.katolsk.no\/?p=4677"},"modified":"2018-12-04T13:01:12","modified_gmt":"2018-12-04T12:01:12","slug":"nytt-fra-menighetsradet-november-2018","status":"publish","type":"post","link":"https:\/\/stansgar.katolsk.no\/?p=4677","title":{"rendered":"Nytt fra menighetsr\u00e5det november 2018"},"content":{"rendered":"<p>&nbsp;<\/p>\n<p><strong>\u00a0\u00a0 Sogneadministrator informerer<\/strong><\/p>\n<ul>\n<li>OKB har fokus p\u00e5 seksuelle overgrep. De har laget brosjyrer som vil bli gjort tilgjengelig i kirken. Info kommer ogs\u00e5 p\u00e5 blogg. OKB arrangerer fagdag for prestene 14.1.19 om emnet.<\/li>\n<li>P. Olav M\u00fcller er d\u00f8d, menigheten sender blomster til rekviemmessen.<\/li>\n<li>Taket i Kiga er ferdig reparert, OKB har betalt alt<\/li>\n<li>Menighetens nye blogg er i gang. Den er flyttet til en annen leverand\u00f8r som har mer fleksibilitet og flere gode funksjoner. Phong Mai har gjort et stort arbeid med overf\u00f8ring fra gammel til ny blogg.<\/li>\n<li>Mariaprosesjon 13.10 var sv\u00e6rt vellykket. P. Tien takker alle som hjalp til<\/li>\n<li>\u00d8nske om norsk prest til skriftem\u00e5l. P. Sigurd kommer 14.12, holder messe og h\u00f8rer skriftem\u00e5l.<\/li>\n<li>De m\u00e5nedlige messene i Flekkefjord har i det siste v\u00e6rt lite bes\u00f8kt, flere ganger har ingen kommet. De gangene ingen i Flekkefjord vil komme til messe der \u00f8nsker p. Tien derfor \u00e5 holde messe i Sta Katarina kapell i Vanse isteden.<\/li>\n<li>Menigheten har n\u00e5 ca 4600 medlemmer<\/li>\n<li>\u00a0P. Tien har n\u00e5 virket i menigheten ca et halvt \u00e5r. Han har fokus p\u00e5 \u00e5 inkludere alle, og \u00f8nsker \u00e5 takke alle nasjonale grupper\u00a0 \u00a0 \u00a0 \u00a0for deres innsats.<\/li>\n<li>\u00c5rsm\u00f8te skal igjen arrangeres \u00e5rlig, representanter for alle de nasjonale gruppene b\u00f8r m\u00f8te p\u00e5 dette.<\/li>\n<li>Tien \u00f8nsker at menighetsr\u00e5det noen ganger i \u00e5ret m\u00f8tes med representanter for de nasjonale grupper for \u00e5 lytte til deres innspill og behov.<\/li>\n<li>Det var en sv\u00e6rt vellykket konfirmasjon i Lund kirke.<\/li>\n<\/ul>\n<ul>\n<li>Stella Maris-komit\u00e9en ble opprettet 12.11.14., for \u00e5 ha oppsyn med oppussing av stedet. Dette arbeidet er n\u00e5 fullf\u00f8rt. Derfor er komit\u00e9en n\u00e5 oppl\u00f8st, og medlemmene takkes for sin store innsats.<\/li>\n<\/ul>\n<p>&nbsp;<\/p>\n<p><strong>\u00a0 \u00a0Fastsatte planer og datoer for menigheten og de forskjellige gruppene<\/strong><\/p>\n<ul>\n<li>Det b\u00f8r lages et \u00e5rshjul\/ program for menighetens faste viktige aktiviteter og fester(for eksempel konfirmasjon, 1.kommunion, Corpus Christi etc) Dette b\u00f8r lages b\u00e5de for menigheten generelt og for de nasjonale gruppene. Programmene offentliggj\u00f8re p\u00e5 blogg og ved oppslag, slik at alle f\u00e5r informasjon om det som skjer, og gis mulighet til \u00e5 delta. Det blir da ogs\u00e5 enklere \u00e5 samordne aktiviteter, slik at kollisjoner unng\u00e5s.<\/li>\n<li>P. Tien \u00f8nsker \u00e5 arrangere norsk retrett for hele menigheten i fasten. Den vil vare fra fredag kveld til l\u00f8rdag ettermiddag.<\/li>\n<li>Det er viktig at alle aktiviteter av \u00e5ndelig\/pastoralt slag g\u00e5r gjennom presten og godkjennes av ham f\u00f8r de arrangeres!<\/li>\n<\/ul>\n<p>&nbsp;<\/p>\n<p><strong>\u00d8konomi<\/strong><\/p>\n<ul>\n<li>To av finansr\u00e5dets medlemmer har trukket seg. Arbeidet med \u00e5 finne deres etterf\u00f8lgere er snart fullf\u00f8rt.<\/li>\n<\/ul>\n<p><strong>\u00a0*\u00a0 \u00a0<\/strong>Unge Voksne har f\u00e5tt innvilget kr. 6600<\/p>\n<ul>\n<li>Arrang\u00f8rene av retretten i Mandal har f\u00e5tt innvilget kr. 2000 til dekning av underskudd.<\/li>\n<\/ul>\n<p>&nbsp;<\/p>\n<p><strong>Andre saker<\/strong><\/p>\n<ul>\n<li>Rumenske tiggere har blitt en utfordring under messer og kirkekaffe. De forsyner seg med mat og penger. De m\u00e5 bortvises, bes h\u00f8flig om \u00e5 tigge utenfor. Menighetsr\u00e5dets medlemmer tar ansvaret for \u00e5 bortvise dem fra kirkekaffen. Menighetens medlemmer oppfordres til \u00e5 v\u00e6re obs p\u00e5 dette, passe p\u00e5 sine eiendeler, og gi beskjed til menighetsr\u00e5dets medlemmer dersom de ser noe.<\/li>\n<li>Mobilbruk under messen er et problem. Det vil bli satt opp skilt. Alle oppfordres til \u00e5 ikke bruke mobil under messen!!!<\/li>\n<li>Vi har f\u00e5tt VIPPS , info finnes p\u00e5 blogg, og plakater vil bli hengt opp.<\/li>\n<\/ul>\n<p>&nbsp;<\/p>\n<p>&nbsp;<\/p>\n<p>&nbsp;<\/p>\n<p>&nbsp;<\/p>\n<p>&nbsp;<\/p>\n","protected":false},"excerpt":{"rendered":"<p>&nbsp; \u00a0\u00a0 Sogneadministrator informerer OKB har fokus p\u00e5 seksuelle overgrep. De har laget brosjyrer som vil bli gjort tilgjengelig i kirken. Info kommer ogs\u00e5 p\u00e5 blogg. OKB arrangerer fagdag for prestene 14.1.19 om emnet. P. Olav M\u00fcller er d\u00f8d, menigheten&#8230;<br \/><a class=\"read-more-button\" href=\"https:\/\/stansgar.katolsk.no\/?p=4677\">Read more<\/a><\/p>\n","protected":false},"author":3,"featured_media":0,"comment_status":"open","ping_status":"open","sticky":false,"template":"","format":"standard","meta":{"footnotes":""},"categories":[204],"tags":[],"class_list":["post-4677","post","type-post","status-publish","format-standard","hentry","category-ukategorisert-nb"],"_links":{"self":[{"href":"https:\/\/stansgar.katolsk.no\/index.php?rest_route=\/wp\/v2\/posts\/4677","targetHints":{"allow":["GET"]}}],"collection":[{"href":"https:\/\/stansgar.katolsk.no\/index.php?rest_route=\/wp\/v2\/posts"}],"about":[{"href":"https:\/\/stansgar.katolsk.no\/index.php?rest_route=\/wp\/v2\/types\/post"}],"author":[{"embeddable":true,"href":"https:\/\/stansgar.katolsk.no\/index.php?rest_route=\/wp\/v2\/users\/3"}],"replies":[{"embeddable":true,"href":"https:\/\/stansgar.katolsk.no\/index.php?rest_route=%2Fwp%2Fv2%2Fcomments&post=4677"}],"version-history":[{"count":1,"href":"https:\/\/stansgar.katolsk.no\/index.php?rest_route=\/wp\/v2\/posts\/4677\/revisions"}],"predecessor-version":[{"id":4678,"href":"https:\/\/stansgar.katolsk.no\/index.php?rest_route=\/wp\/v2\/posts\/4677\/revisions\/4678"}],"wp:attachment":[{"href":"https:\/\/stansgar.katolsk.no\/index.php?rest_route=%2Fwp%2Fv2%2Fmedia&parent=4677"}],"wp:term":[{"taxonomy":"category","embeddable":true,"href":"https:\/\/stansgar.katolsk.no\/index.php?rest_route=%2Fwp%2Fv2%2Fcategories&post=4677"},{"taxonomy":"post_tag","embeddable":true,"href":"https:\/\/stansgar.katolsk.no\/index.php?rest_route=%2Fwp%2Fv2%2Ftags&post=4677"}],"curies":[{"name":"wp","href":"https:\/\/api.w.org\/{rel}","templated":true}]}}