{"id":465,"date":"2015-11-08T15:18:00","date_gmt":"2015-11-08T14:18:00","guid":{"rendered":"http:\/\/stansgar.katolsk.no\/index.php\/2015\/11\/08\/latinsk-messe-pa-laterankirkens\/"},"modified":"2018-10-12T09:12:35","modified_gmt":"2018-10-12T07:12:35","slug":"latinsk-messe-pa-laterankirkens","status":"publish","type":"post","link":"https:\/\/stansgar.katolsk.no\/?p=465","title":{"rendered":"Latinsk messe p\u00e5 Laterankirkens vigselsfest"},"content":{"rendered":"<p><b style=\"background-color: white; color: #222222; font-family: Times, 'Times New Roman', serif; font-size: 18.6667px; line-height: 26.1333px;\">Mandag 9. november<\/b>&nbsp;p\u00e5 Laterankirkens vigselsfest blir det tradisjonell latinsk messe etter 1962- messeboken kl. 11.00.<\/p>\n<p>Les mer om den latinske messen&nbsp;<a href=\"http:\/\/stansgar.katolsk.no\/index.php\/2012\/05\/22\/tradisjonell-latinsk-messe-i-st-ansgar\/\" target=\"_blank\">her<\/a><\/p>\n<p><\/p>\n<div class=\"separator\" style=\"clear: both; text-align: center;\">\n<a href=\"http:\/\/2.bp.blogspot.com\/-M5T8n4AMf9k\/TZ-GeBuj8ZI\/AAAAAAAADi8\/orFBpqycHxw\/s720-Ic42\/Roma%252520364.JPG\" imageanchor=\"1\" style=\"margin-left: 1em; margin-right: 1em;\"><img loading=\"lazy\" decoding=\"async\" border=\"0\" height=\"265\" src=\"http:\/\/stansgar.katolsk.no\/wp-content\/uploads\/2015\/11\/Roma2520364.jpg\" width=\"400\" \/><\/a><\/div>\n<p>Og hvorfor feires s\u00e5 Laterankirkens vigsling? Opprinnelig eide keiser Konstantin Lateranpalasset, og man regner med at han ga det til Kirken under pave Miltiades pontifikat(311-14). Fra hans etterf\u00f8lger Sylvester 1s tid var Lateranets pavens residens. Dette opph\u00f8rte da pave Klemens V i 1309 flyttet Kirkens offisielle sete til Avignon. Palasset forfalt under Avignoneksilet &#8211; det ble blant annet brukt som sauefj\u00f8s! Da paven igjen vendte tilbake i 1377 var det til &nbsp;en forlatt by og forfalne kirker. Palasset ble gjenoppbygget i flere omganger, men ble aldri mer pavens residens, denne ble istedet lagt til det langt sunnere Vatikanet. Imidlertid har Lateranbasilikaen alltid v\u00e6rt Romas domkirke, pavens katedral. Vi sakser fra katolsk.no:<\/p>\n<p>&nbsp;Den kalles \u00abAlle kirkers mor\u00bb, eller som det st\u00e5r i innskriften ved inngangen:&nbsp;<em style=\"background-color: #f9f7f1; font-family: Georgia, Times, 'Times New Roman', serif; font-size: 14px; line-height: 21px;\">Sacrosancta Lateranensis ecclesia omnium urbis et orbis ecclesiarum mater et caput<\/em>, \u00abDen aller helligste Laterankirken, Mor og hode for alle kirker i byen [Roma] og verden\u00bb. P\u00e5 skj\u00e6rtorsdag feirer paven messe i Lateranet som biskop av Roma, omgitt av sitt presteskap<\/p>\n<p>Blant de tallrike kirkevigselsfestene som feires i Kirken, er tre av s\u00e6rlig betydning: Vigslingen&nbsp;<em style=\"background-color: #f9f7f1; font-family: Georgia, Times, 'Times New Roman', serif; font-size: 14px; line-height: 21px;\">(dedicatio)<\/em>&nbsp;av sogne- eller klosterkirken, vigslingen av bisped\u00f8mmets domkirke og vigslingen av pavens katedral eller domkirke. Vi blir med dette minnet om at v\u00e5r tilh\u00f8righet i Kirken kan uttrykkes som tre konsentriske sirkler: I lokalkirken, i bisped\u00f8mmet og i verdenskirken. Som katolske kristne tilh\u00f8rer vi alle pavekirken, bispekirken og lokalkirken. Dermed blir vigselen av Laterankirken v\u00e5r bekjennelse til Den romersk-katolske Kirke. Kirkevigselsfesten feires som h\u00f8ytid, domkirkens vigselsfest som minnedag, unntatt i domkirken selv, hvor den er h\u00f8ytid, og Laterankirkens vigsel feires som fest.<br \/>\nP\u00e5 1100-tallet ble denne festen lagt til 9. november av ukjente grunner \u2013 en tradisjon hevder at kirken ble vigslet den 9. november 324. Men mellom 900- og 1100-tallet ble 9. november valgt som vigselsdag for mange kirker som var viet V\u00e5r Frelser, for \u00e5 minnes et mirakel som skjedde i Beirut f\u00f8r konsilet i Nikea i 787. Da str\u00f8mmet det blod fra en statue av Frelseren etter at en gal mann hadde stukket den med et sverd.<\/p>\n<p>Les mer&nbsp;<a href=\"http:\/\/www.katolsk.no\/biografier\/historisk\/nov09\" target=\"_blank\">her<\/a><\/p>\n","protected":false},"excerpt":{"rendered":"<p>Mandag 9. november&nbsp;p\u00e5 Laterankirkens vigselsfest blir det tradisjonell latinsk messe etter 1962- messeboken kl. 11.00. Les mer om den latinske messen&nbsp;her Og hvorfor feires s\u00e5 Laterankirkens vigsling? Opprinnelig eide keiser Konstantin Lateranpalasset, og man regner med at han ga det&#8230;<br \/><a class=\"read-more-button\" href=\"https:\/\/stansgar.katolsk.no\/?p=465\">Read more<\/a><\/p>\n","protected":false},"author":3,"featured_media":2286,"comment_status":"open","ping_status":"open","sticky":false,"template":"","format":"standard","meta":{"footnotes":""},"categories":[1],"tags":[57,58,59],"class_list":["post-465","post","type-post","status-publish","format-standard","has-post-thumbnail","hentry","category-ukategorisert","tag-latin","tag-missale-1962","tag-tridentinsk"],"_links":{"self":[{"href":"https:\/\/stansgar.katolsk.no\/index.php?rest_route=\/wp\/v2\/posts\/465","targetHints":{"allow":["GET"]}}],"collection":[{"href":"https:\/\/stansgar.katolsk.no\/index.php?rest_route=\/wp\/v2\/posts"}],"about":[{"href":"https:\/\/stansgar.katolsk.no\/index.php?rest_route=\/wp\/v2\/types\/post"}],"author":[{"embeddable":true,"href":"https:\/\/stansgar.katolsk.no\/index.php?rest_route=\/wp\/v2\/users\/3"}],"replies":[{"embeddable":true,"href":"https:\/\/stansgar.katolsk.no\/index.php?rest_route=%2Fwp%2Fv2%2Fcomments&post=465"}],"version-history":[{"count":2,"href":"https:\/\/stansgar.katolsk.no\/index.php?rest_route=\/wp\/v2\/posts\/465\/revisions"}],"predecessor-version":[{"id":3733,"href":"https:\/\/stansgar.katolsk.no\/index.php?rest_route=\/wp\/v2\/posts\/465\/revisions\/3733"}],"wp:featuredmedia":[{"embeddable":true,"href":"https:\/\/stansgar.katolsk.no\/index.php?rest_route=\/wp\/v2\/media\/2286"}],"wp:attachment":[{"href":"https:\/\/stansgar.katolsk.no\/index.php?rest_route=%2Fwp%2Fv2%2Fmedia&parent=465"}],"wp:term":[{"taxonomy":"category","embeddable":true,"href":"https:\/\/stansgar.katolsk.no\/index.php?rest_route=%2Fwp%2Fv2%2Fcategories&post=465"},{"taxonomy":"post_tag","embeddable":true,"href":"https:\/\/stansgar.katolsk.no\/index.php?rest_route=%2Fwp%2Fv2%2Ftags&post=465"}],"curies":[{"name":"wp","href":"https:\/\/api.w.org\/{rel}","templated":true}]}}