{"id":457,"date":"2015-11-28T22:32:00","date_gmt":"2015-11-28T21:32:00","guid":{"rendered":"http:\/\/stansgar.katolsk.no\/index.php\/2015\/11\/28\/kunngjringer-sndag-29-november-2015\/"},"modified":"2018-10-12T09:12:35","modified_gmt":"2018-10-12T07:12:35","slug":"kunngjringer-sndag-29-november-2015","status":"publish","type":"post","link":"https:\/\/stansgar.katolsk.no\/?p=457","title":{"rendered":"KUNNGJ\u00d8RINGER S\u00d8NDAG 29. NOVEMBER 2015"},"content":{"rendered":"<div class=\"MsoNormal\" style=\"background-color: white; color: #222222; font-size: 12.8px;\">\n<\/div>\n<div class=\"MsoNormal\" style=\"background-color: white; color: #222222; font-size: 12.8px;\">\n<\/div>\n<div class=\"MsoNormal\" style=\"background-color: white; color: #222222; font-size: 12.8px;\">\nDenne uken er det messe <b>tirsdag til fredag kl. 18.00<\/b><u><\/u><u><\/u><\/div>\n<div class=\"MsoNormal\" style=\"background-color: white; color: #222222; font-size: 12.8px;\">\n<\/div>\n<div class=\"MsoNormal\" style=\"background-color: white; color: #222222; font-size: 12.8px;\">\n<\/div>\n<div class=\"MsoNormal\" style=\"background-color: white; color: #222222; font-size: 12.8px;\">\n<b>Onsdag 2. desember<\/b> er det rosenkransb\u00f8nn og Maria-andakt p\u00e5 engelsk etter kveldsmessen. Rosary and novena in english after evening mass on wednesday.<u><\/u><u><\/u><\/div>\n<div class=\"MsoNormal\" style=\"background-color: white; color: #222222; font-size: 12.8px;\">\n<\/div>\n<div class=\"MsoNormal\" style=\"background-color: white; color: #222222; font-size: 12.8px;\">\n<\/div>\n<div class=\"MsoNormal\" style=\"background-color: white; color: #222222; font-size: 12.8px;\">\n<b>Torsdag 3. desember<\/b> er det messe kl. 11.00 og felles lunch etterp\u00e5.<u><\/u><u><\/u><\/div>\n<div class=\"MsoNormal\" style=\"background-color: white; color: #222222; font-size: 12.8px;\">\n<\/div>\n<div class=\"MsoNormal\" style=\"background-color: white; color: #222222; font-size: 12.8px;\">\n<\/div>\n<div class=\"MsoNormal\" style=\"background-color: white; color: #222222; font-size: 12.8px;\">\n<b>Fredag 4. desember<\/b> er det &nbsp;sakramentstilbedelse og skriftem\u00e5l fra kl. 17.00&nbsp; til 17.45. Messe kl. 18.00<u><\/u><u><\/u><\/div>\n<div class=\"MsoNormal\" style=\"background-color: white; color: #222222; font-size: 12.8px;\">\n<\/div>\n<div class=\"MsoNormal\" style=\"background-color: white; color: #222222; font-size: 12.8px;\">\nDet er ogs\u00e5 m\u00f8te i ungdomslaget <b>SAUL p\u00e5 fredag kl. 18.30<\/b>. Alle fra 8. klasse er velkommen.<u><\/u><u><\/u><\/div>\n<div class=\"MsoNormal\" style=\"background-color: white; color: #222222; font-size: 12.8px;\">\n<\/div>\n<div class=\"MsoNormal\" style=\"background-color: white; color: #222222; font-size: 12.8px;\">\n<\/div>\n<div class=\"MsoNormal\" style=\"background-color: white; color: #222222; font-size: 12.8px;\">\n<b>L\u00f8rdag 5. desember<\/b> kl. 14.00 er det messe i Lyngdal. Messen feires i kapellet bak Lyngdal kirke.<u><\/u><u><\/u><\/div>\n<div class=\"MsoNormal\" style=\"background-color: white; color: #222222; font-size: 12.8px;\">\n<\/div>\n<div class=\"MsoNormal\" style=\"background-color: white; color: #222222; font-size: 12.8px;\">\n<\/div>\n<div class=\"MsoNormal\" style=\"background-color: white; color: #222222; font-size: 12.8px;\">\n<b>S\u00f8ndag 6. desember<\/b> gleder vi oss over \u00e5 introdusere en ny messe i v\u00e5r menighet. Hver f\u00f8rste s\u00f8ndag i&nbsp; m\u00e5neden kl. 15.00 vil Fader Rooni Isshak Hanna Yousif feire messe etter kaldeisk ritus i St. Ansgar kirke.<u><\/u><u><\/u><\/div>\n<div class=\"MsoNormal\" style=\"background-color: white; color: #222222; font-size: 12.8px;\">\n<\/div>\n<div class=\"MsoNormal\" style=\"background-color: white; color: #222222; font-size: 12.8px;\">\n<\/div>\n<div class=\"MsoNormal\" style=\"background-color: white; color: #222222; font-size: 12.8px;\">\n<b>Tirsdag 8. desember<\/b> kl.18.00 blir det pontifikal h\u00f8ymesse med biskop Bernt Eidsvig med konsekrasjon av det nye alteret og kirken.<u><\/u><u><\/u><\/div>\n<div class=\"MsoNormal\" style=\"background-color: white; color: #222222; font-size: 12.8px;\">\n<\/div>\n<div class=\"MsoNormal\" style=\"background-color: white; color: #222222; font-size: 12.8px;\">\n<\/div>\n<div class=\"MsoNormal\" style=\"background-color: white; color: #222222; font-size: 12.8px;\">\nMinnepinnene med bilder fra konfirmasjonen klare og kan avhentes i sakristiet.<\/div>\n","protected":false},"excerpt":{"rendered":"<p>Denne uken er det messe tirsdag til fredag kl. 18.00 Onsdag 2. desember er det rosenkransb\u00f8nn og Maria-andakt p\u00e5 engelsk etter kveldsmessen. Rosary and novena in english after evening mass on wednesday. Torsdag 3. desember er det messe kl. 11.00&#8230;<br \/><a class=\"read-more-button\" href=\"https:\/\/stansgar.katolsk.no\/?p=457\">Read more<\/a><\/p>\n","protected":false},"author":3,"featured_media":0,"comment_status":"open","ping_status":"open","sticky":false,"template":"","format":"standard","meta":{"footnotes":""},"categories":[1],"tags":[3],"class_list":["post-457","post","type-post","status-publish","format-standard","hentry","category-ukategorisert","tag-kunngjoringer"],"_links":{"self":[{"href":"https:\/\/stansgar.katolsk.no\/index.php?rest_route=\/wp\/v2\/posts\/457","targetHints":{"allow":["GET"]}}],"collection":[{"href":"https:\/\/stansgar.katolsk.no\/index.php?rest_route=\/wp\/v2\/posts"}],"about":[{"href":"https:\/\/stansgar.katolsk.no\/index.php?rest_route=\/wp\/v2\/types\/post"}],"author":[{"embeddable":true,"href":"https:\/\/stansgar.katolsk.no\/index.php?rest_route=\/wp\/v2\/users\/3"}],"replies":[{"embeddable":true,"href":"https:\/\/stansgar.katolsk.no\/index.php?rest_route=%2Fwp%2Fv2%2Fcomments&post=457"}],"version-history":[{"count":1,"href":"https:\/\/stansgar.katolsk.no\/index.php?rest_route=\/wp\/v2\/posts\/457\/revisions"}],"predecessor-version":[{"id":2267,"href":"https:\/\/stansgar.katolsk.no\/index.php?rest_route=\/wp\/v2\/posts\/457\/revisions\/2267"}],"wp:attachment":[{"href":"https:\/\/stansgar.katolsk.no\/index.php?rest_route=%2Fwp%2Fv2%2Fmedia&parent=457"}],"wp:term":[{"taxonomy":"category","embeddable":true,"href":"https:\/\/stansgar.katolsk.no\/index.php?rest_route=%2Fwp%2Fv2%2Fcategories&post=457"},{"taxonomy":"post_tag","embeddable":true,"href":"https:\/\/stansgar.katolsk.no\/index.php?rest_route=%2Fwp%2Fv2%2Ftags&post=457"}],"curies":[{"name":"wp","href":"https:\/\/api.w.org\/{rel}","templated":true}]}}