{"id":453,"date":"2015-12-08T07:17:00","date_gmt":"2015-12-08T06:17:00","guid":{"rendered":"http:\/\/stansgar.katolsk.no\/index.php\/2015\/12\/08\/kirkekonsekrasjon-i-dag\/"},"modified":"2018-10-12T09:12:35","modified_gmt":"2018-10-12T07:12:35","slug":"kirkekonsekrasjon-i-dag","status":"publish","type":"post","link":"https:\/\/stansgar.katolsk.no\/?p=453","title":{"rendered":"Kirkekonsekrasjon i dag!"},"content":{"rendered":"<p><b style=\"background-color: white; color: #222222; font-family: Times, 'Times New Roman', serif; font-size: 18.6667px; line-height: 26.1333px;\">Tirsdag 8. desember kl. 18.00<\/b>&nbsp;er alle hjertelig velkommen til h\u00f8ytidelig messe med biskop Bernt. Han vil da konsekrere alteret og kirken. Vi h\u00e5per mange vil f\u00e5 med seg denne vakre liturgien som vil hjelpe oss til \u00e5 verdsette kirken som et hellig hus. Denne messen markerer ogs\u00e5 avslutningen av 125\u00e5rs jubileet for St. Ansgar menighet. Etter messen er alle invitert til en enkel mottagelse med forfriskninger i KIGA.<\/p>\n<p><\/p>\n<p><a href=\"http:\/\/2.bp.blogspot.com\/_DXLElHuxREk\/TP1oIHDuD8I\/AAAAAAAADVQ\/VKb82CXXcN4\/s1600\/Uplettede%2Bunnfangelse%2BScaramuzza.jpg\"><img loading=\"lazy\" decoding=\"async\" alt=\"\" border=\"0\" height=\"400\" id=\"BLOGGER_PHOTO_ID_5547704804533211074\" src=\"http:\/\/stansgar.katolsk.no\/wp-content\/uploads\/2015\/12\/UplettedeunnfangelseScaramuzza.jpg\" style=\"float: right; margin: 0px 0px 10px 10px;\" width=\"236\" \/><\/a><\/p>\n<div>\n<\/div>\n<p><\/p>\n<div>\n<p>\n<b>8. desember<\/b> er H\u00f8ytiden for Jomfru Marias uplettede unnfangelse. &nbsp;<\/div>\n<p><\/p>\n<div>\nMer informasjon om denne h\u00f8ytiden <a href=\"http:\/\/www.katolsk.no\/biografi\/des08.htm\" target=\"_blank\">her<\/a><\/p>\n<p><a href=\"http:\/\/opdacia.org\/?p=211\" target=\"_blank\">Her<\/a>&nbsp;kan du lese st.Anne Bentes betraktning rundt denne h\u00f8ytiden.<\/div>\n","protected":false},"excerpt":{"rendered":"<p>Tirsdag 8. desember kl. 18.00&nbsp;er alle hjertelig velkommen til h\u00f8ytidelig messe med biskop Bernt. Han vil da konsekrere alteret og kirken. Vi h\u00e5per mange vil f\u00e5 med seg denne vakre liturgien som vil hjelpe oss til \u00e5 verdsette kirken som&#8230;<br \/><a class=\"read-more-button\" href=\"https:\/\/stansgar.katolsk.no\/?p=453\">Read more<\/a><\/p>\n","protected":false},"author":3,"featured_media":2260,"comment_status":"open","ping_status":"open","sticky":false,"template":"","format":"standard","meta":{"footnotes":""},"categories":[1],"tags":[92,64,65],"class_list":["post-453","post","type-post","status-publish","format-standard","has-post-thumbnail","hentry","category-ukategorisert","tag-konsekrasjon","tag-maria-immacolata","tag-marias-uplettede-unnfangelse"],"_links":{"self":[{"href":"https:\/\/stansgar.katolsk.no\/index.php?rest_route=\/wp\/v2\/posts\/453","targetHints":{"allow":["GET"]}}],"collection":[{"href":"https:\/\/stansgar.katolsk.no\/index.php?rest_route=\/wp\/v2\/posts"}],"about":[{"href":"https:\/\/stansgar.katolsk.no\/index.php?rest_route=\/wp\/v2\/types\/post"}],"author":[{"embeddable":true,"href":"https:\/\/stansgar.katolsk.no\/index.php?rest_route=\/wp\/v2\/users\/3"}],"replies":[{"embeddable":true,"href":"https:\/\/stansgar.katolsk.no\/index.php?rest_route=%2Fwp%2Fv2%2Fcomments&post=453"}],"version-history":[{"count":1,"href":"https:\/\/stansgar.katolsk.no\/index.php?rest_route=\/wp\/v2\/posts\/453\/revisions"}],"predecessor-version":[{"id":2261,"href":"https:\/\/stansgar.katolsk.no\/index.php?rest_route=\/wp\/v2\/posts\/453\/revisions\/2261"}],"wp:featuredmedia":[{"embeddable":true,"href":"https:\/\/stansgar.katolsk.no\/index.php?rest_route=\/wp\/v2\/media\/2260"}],"wp:attachment":[{"href":"https:\/\/stansgar.katolsk.no\/index.php?rest_route=%2Fwp%2Fv2%2Fmedia&parent=453"}],"wp:term":[{"taxonomy":"category","embeddable":true,"href":"https:\/\/stansgar.katolsk.no\/index.php?rest_route=%2Fwp%2Fv2%2Fcategories&post=453"},{"taxonomy":"post_tag","embeddable":true,"href":"https:\/\/stansgar.katolsk.no\/index.php?rest_route=%2Fwp%2Fv2%2Ftags&post=453"}],"curies":[{"name":"wp","href":"https:\/\/api.w.org\/{rel}","templated":true}]}}