{"id":4522,"date":"2018-10-28T18:42:48","date_gmt":"2018-10-28T17:42:48","guid":{"rendered":"http:\/\/stansgar.katolsk.no\/?p=4522"},"modified":"2018-10-28T20:44:55","modified_gmt":"2018-10-28T19:44:55","slug":"kunngjoringer-sondag-28-oktober","status":"publish","type":"post","link":"https:\/\/stansgar.katolsk.no\/?p=4522","title":{"rendered":"KUNNGJ\u00d8RINGER S\u00d8NDAG 28. OKTOBER"},"content":{"rendered":"<table>\n<tbody>\n<tr>\n<td width=\"95\">Tirsdag<\/td>\n<td width=\"76\">30\/10<\/td>\n<td width=\"38\">kl.<\/td>\n<td width=\"76\">17.30<\/td>\n<td>Vesper<\/td>\n<\/tr>\n<tr>\n<td width=\"95\"><\/td>\n<td width=\"76\"><\/td>\n<td width=\"38\">kl.<\/td>\n<td width=\"76\">18.00<\/td>\n<td>Messe &#8211; etterfulgt av sakramentstilbedelse<\/td>\n<\/tr>\n<tr>\n<td width=\"95\">Onsdag<\/td>\n<td width=\"76\">31\/10<\/td>\n<td width=\"38\">kl.<\/td>\n<td width=\"76\">17.30<\/td>\n<td>Rosenkransandakt<\/td>\n<\/tr>\n<tr>\n<td width=\"95\"><\/td>\n<td width=\"76\"><\/td>\n<td width=\"38\">kl.<\/td>\n<td width=\"76\">18.00<\/td>\n<td>Messe<\/td>\n<\/tr>\n<tr>\n<td width=\"95\">Torsdag<\/td>\n<td width=\"76\">01\/11<\/td>\n<td colspan=\"3\" width=\"38\"><strong>Formiddagsmessen er avlyst!<\/strong><\/td>\n<\/tr>\n<tr>\n<td width=\"95\"><\/td>\n<td width=\"76\"><\/td>\n<td width=\"38\">kl.<\/td>\n<td width=\"76\">18.00<\/td>\n<td><strong>ALLEHELGENSDAG H\u00f8ymesse<\/strong><\/td>\n<\/tr>\n<tr>\n<td width=\"95\">Fredag<\/td>\n<td width=\"76\">02\/11<\/td>\n<td colspan=\"3\" width=\"76\"><strong>ALLESJELERSDAG<\/strong><\/td>\n<\/tr>\n<tr>\n<td width=\"95\"><\/td>\n<td width=\"76\"><\/td>\n<td width=\"38\">kl.<\/td>\n<td width=\"76\">18.00<\/td>\n<td>Requiemmesse<\/td>\n<\/tr>\n<tr>\n<td width=\"95\"><\/td>\n<td width=\"76\"><\/td>\n<td width=\"38\">kl.<\/td>\n<td width=\"76\">19.30<\/td>\n<td>Messe p\u00e5 polsk<\/td>\n<\/tr>\n<tr>\n<td width=\"95\">L\u00f8rdag<\/td>\n<td width=\"76\">03\/11<\/td>\n<td width=\"38\">kl.<\/td>\n<td width=\"76\">13.00<\/td>\n<td>Messe<\/td>\n<\/tr>\n<tr>\n<td width=\"95\"><\/td>\n<td width=\"76\"><\/td>\n<td width=\"38\">kl.<\/td>\n<td width=\"76\">18.00<\/td>\n<td>Messe p\u00e5 polsk<\/td>\n<\/tr>\n<tr>\n<td colspan=\"5\" width=\"567\"><strong>S\u00f8ndag 04\/11\u00a0 \u00a0\u00a0\u00a0\u00a0\u00a0\u00a0\u00a0\u00a0\u00a0\u00a0\u00a0 31. S\u00d8NDAG I DET ALMINNELIGE KIRKE\u00c5R &#8211; Mark 12,28-34<\/strong><\/td>\n<\/tr>\n<tr>\n<td width=\"95\"><\/td>\n<td width=\"76\"><\/td>\n<td width=\"38\">kl.<\/td>\n<td width=\"76\">09.00<\/td>\n<td>Messe p\u00e5 polsk<\/td>\n<\/tr>\n<tr>\n<td width=\"95\"><\/td>\n<td width=\"76\"><\/td>\n<td width=\"38\">kl.<\/td>\n<td width=\"76\">11.00<\/td>\n<td>Messe p\u00e5 norsk<\/td>\n<\/tr>\n<tr>\n<td width=\"95\"><\/td>\n<td width=\"76\"><\/td>\n<td width=\"38\">kl.<\/td>\n<td width=\"76\">13.00<\/td>\n<td>Messe p\u00e5 vietnamesisk<\/td>\n<\/tr>\n<tr>\n<td width=\"95\"><\/td>\n<td width=\"76\"><\/td>\n<td width=\"38\">kl.<\/td>\n<td width=\"76\">18.00<\/td>\n<td>Messe p\u00e5 engelsk<\/td>\n<\/tr>\n<\/tbody>\n<\/table>\n<p><strong>Annet:<\/strong><\/p>\n<ul>\n<li>Unge voksne gruppen inviterer til engelsk messe kl. 18.00 p\u00e5 s\u00f8ndag, etterfulgt av miniforedrag p\u00e5 \u00a0 engelsk ved p. Tien.<\/li>\n<li>Minnepinne med bilder fra konfirmasjonen 1. september kan dere hente i sakristiet etter messen.<\/li>\n<li>I requiemmessen ber vi for alle de avd\u00f8de, og s\u00e6rlig for menighetens avd\u00f8de det siste \u00e5ret. I forb\u00f8nnsboken kan alle som vil skrive navnene p\u00e5 sine kj\u00e6re avd\u00f8de. Messen bes for dem ogs\u00e5.<\/li>\n<li>Etter gammel katolsk tradisjon oppfordres vi til \u00e5 bes\u00f8ke kirkeg\u00e5rden den f\u00f8rste uken i november, og be for de avd\u00f8de der.<\/li>\n<\/ul>\n<p>&nbsp;<\/p>\n<p><span style=\"font-size: 16pt; color: #ff0000;\"><strong>\u00d8nsker dere alle en riktig god s\u00f8ndag!<\/strong><\/span><br \/>\n<span style=\"font-size: 16pt; color: #ff0000;\"><strong>Alle er hjertelig velkommen til kirkekaffe!<\/strong><\/span><\/p>\n","protected":false},"excerpt":{"rendered":"<p>Tirsdag 30\/10 kl. 17.30 Vesper kl. 18.00 Messe &#8211; etterfulgt av sakramentstilbedelse Onsdag 31\/10 kl. 17.30 Rosenkransandakt kl. 18.00 Messe Torsdag 01\/11 Formiddagsmessen er avlyst! kl. 18.00 ALLEHELGENSDAG H\u00f8ymesse Fredag 02\/11 ALLESJELERSDAG kl. 18.00 Requiemmesse kl. 19.30 Messe p\u00e5 polsk&#8230;<br \/><a class=\"read-more-button\" href=\"https:\/\/stansgar.katolsk.no\/?p=4522\">Read more<\/a><\/p>\n","protected":false},"author":3,"featured_media":4357,"comment_status":"open","ping_status":"open","sticky":false,"template":"","format":"standard","meta":{"footnotes":""},"categories":[204],"tags":[3],"class_list":["post-4522","post","type-post","status-publish","format-standard","has-post-thumbnail","hentry","category-ukategorisert-nb","tag-kunngjoringer"],"_links":{"self":[{"href":"https:\/\/stansgar.katolsk.no\/index.php?rest_route=\/wp\/v2\/posts\/4522","targetHints":{"allow":["GET"]}}],"collection":[{"href":"https:\/\/stansgar.katolsk.no\/index.php?rest_route=\/wp\/v2\/posts"}],"about":[{"href":"https:\/\/stansgar.katolsk.no\/index.php?rest_route=\/wp\/v2\/types\/post"}],"author":[{"embeddable":true,"href":"https:\/\/stansgar.katolsk.no\/index.php?rest_route=\/wp\/v2\/users\/3"}],"replies":[{"embeddable":true,"href":"https:\/\/stansgar.katolsk.no\/index.php?rest_route=%2Fwp%2Fv2%2Fcomments&post=4522"}],"version-history":[{"count":17,"href":"https:\/\/stansgar.katolsk.no\/index.php?rest_route=\/wp\/v2\/posts\/4522\/revisions"}],"predecessor-version":[{"id":4540,"href":"https:\/\/stansgar.katolsk.no\/index.php?rest_route=\/wp\/v2\/posts\/4522\/revisions\/4540"}],"wp:featuredmedia":[{"embeddable":true,"href":"https:\/\/stansgar.katolsk.no\/index.php?rest_route=\/wp\/v2\/media\/4357"}],"wp:attachment":[{"href":"https:\/\/stansgar.katolsk.no\/index.php?rest_route=%2Fwp%2Fv2%2Fmedia&parent=4522"}],"wp:term":[{"taxonomy":"category","embeddable":true,"href":"https:\/\/stansgar.katolsk.no\/index.php?rest_route=%2Fwp%2Fv2%2Fcategories&post=4522"},{"taxonomy":"post_tag","embeddable":true,"href":"https:\/\/stansgar.katolsk.no\/index.php?rest_route=%2Fwp%2Fv2%2Ftags&post=4522"}],"curies":[{"name":"wp","href":"https:\/\/api.w.org\/{rel}","templated":true}]}}