{"id":4504,"date":"2018-10-27T13:01:19","date_gmt":"2018-10-27T11:01:19","guid":{"rendered":"http:\/\/stansgar.katolsk.no\/?p=4504"},"modified":"2018-10-28T18:28:45","modified_gmt":"2018-10-28T17:28:45","slug":"prosesjonen-til-var-frue-av-fatimas-aere","status":"publish","type":"post","link":"https:\/\/stansgar.katolsk.no\/?p=4504","title":{"rendered":"Prosesjonen til V\u00e5r Frue av Fatimas \u00e6re"},"content":{"rendered":"<p><span style=\"font-size: 12pt;\">L\u00f8rdag den 13. oktober ble V\u00e5r Frue av Fatima feiret med messe og prosesjon gjennom Kristiansands gater.<br \/>\n<\/span><\/p>\n<p><span style=\"font-size: 12pt;\">Under messen var kirken fylt til randen, og alle folkeslag deltok i den liturgiske feiringen. Etter messen startet prosesjonen med et stort, lysende kors, s\u00e5 fulgte hele St. Ansgar menighet. Den store flotte Mariastatuen var opplyst og pyntet med hundrevis av hvite, store roser. Den over 100 kg store statuen ble b\u00e5ret av seks sterke menn.<br \/>\n<\/span><\/p>\n<p><span style=\"font-size: 12pt;\">Det var klart og stille v\u00e6r og alle hadde lysfakler i hendene. Da Ave Maria ble sunget p\u00e5 alle mulige spr\u00e5k ble faklende hevet h\u00f8yt i v\u00e6ret til Marias \u00e6re. Det hersket nesten en sydlandsk stemning, og folk langs opptoget sto undrende og s\u00e5 p\u00e5.<br \/>\n<\/span><\/p>\n<p><span style=\"font-size: 12pt;\">Hill deg Maria ble bedt p\u00e5 flere spr\u00e5k, og dette var veldig h\u00f8rbart ut av de mange sterke h\u00f8yttalerne gjennom hele prosesjonen. Verdenskirken var forent i denne prosesjonen, og jeg tror mange var stolte og glade over \u00e5 tilh\u00f8re den.<br \/>\n<\/span><\/p>\n<p style=\"text-align: right;\"><span style=\"font-size: 12pt;\">Sigrid Therese Kornbrekke<br \/>\n<\/span><\/p>\n<p><img decoding=\"async\" src=\"http:\/\/stansgar.katolsk.no\/wp-content\/uploads\/2018\/10\/102718_1059_Prosesjonen2-1.jpg\" alt=\"\" \/><span style=\"font-size: 12pt;\"><br \/>\n<\/span><\/p>\n<p><img decoding=\"async\" src=\"http:\/\/stansgar.katolsk.no\/wp-content\/uploads\/2018\/10\/102718_1059_Prosesjonen3-1.jpg\" alt=\"\" \/><img decoding=\"async\" src=\"http:\/\/stansgar.katolsk.no\/wp-content\/uploads\/2018\/10\/102718_1059_Prosesjonen4-1.jpg\" alt=\"\" \/><img decoding=\"async\" src=\"http:\/\/stansgar.katolsk.no\/wp-content\/uploads\/2018\/10\/102718_1059_Prosesjonen5.jpg\" alt=\"\" \/><img decoding=\"async\" src=\"http:\/\/stansgar.katolsk.no\/wp-content\/uploads\/2018\/10\/102718_1059_Prosesjonen6.jpg\" alt=\"\" \/><\/p>\n","protected":false},"excerpt":{"rendered":"<p>L\u00f8rdag den 13. oktober ble V\u00e5r Frue av Fatima feiret med messe og prosesjon gjennom Kristiansands gater. Under messen var kirken fylt til randen, og alle folkeslag deltok i den liturgiske feiringen. Etter messen startet prosesjonen med et stort, lysende&#8230;<br \/><a class=\"read-more-button\" href=\"https:\/\/stansgar.katolsk.no\/?p=4504\">Read more<\/a><\/p>\n","protected":false},"author":2,"featured_media":4508,"comment_status":"open","ping_status":"open","sticky":false,"template":"","format":"standard","meta":{"footnotes":""},"categories":[204],"tags":[451,450],"class_list":["post-4504","post","type-post","status-publish","format-standard","has-post-thumbnail","hentry","category-ukategorisert-nb","tag-fatima","tag-prosesjonen"],"_links":{"self":[{"href":"https:\/\/stansgar.katolsk.no\/index.php?rest_route=\/wp\/v2\/posts\/4504","targetHints":{"allow":["GET"]}}],"collection":[{"href":"https:\/\/stansgar.katolsk.no\/index.php?rest_route=\/wp\/v2\/posts"}],"about":[{"href":"https:\/\/stansgar.katolsk.no\/index.php?rest_route=\/wp\/v2\/types\/post"}],"author":[{"embeddable":true,"href":"https:\/\/stansgar.katolsk.no\/index.php?rest_route=\/wp\/v2\/users\/2"}],"replies":[{"embeddable":true,"href":"https:\/\/stansgar.katolsk.no\/index.php?rest_route=%2Fwp%2Fv2%2Fcomments&post=4504"}],"version-history":[{"count":7,"href":"https:\/\/stansgar.katolsk.no\/index.php?rest_route=\/wp\/v2\/posts\/4504\/revisions"}],"predecessor-version":[{"id":4518,"href":"https:\/\/stansgar.katolsk.no\/index.php?rest_route=\/wp\/v2\/posts\/4504\/revisions\/4518"}],"wp:featuredmedia":[{"embeddable":true,"href":"https:\/\/stansgar.katolsk.no\/index.php?rest_route=\/wp\/v2\/media\/4508"}],"wp:attachment":[{"href":"https:\/\/stansgar.katolsk.no\/index.php?rest_route=%2Fwp%2Fv2%2Fmedia&parent=4504"}],"wp:term":[{"taxonomy":"category","embeddable":true,"href":"https:\/\/stansgar.katolsk.no\/index.php?rest_route=%2Fwp%2Fv2%2Fcategories&post=4504"},{"taxonomy":"post_tag","embeddable":true,"href":"https:\/\/stansgar.katolsk.no\/index.php?rest_route=%2Fwp%2Fv2%2Ftags&post=4504"}],"curies":[{"name":"wp","href":"https:\/\/api.w.org\/{rel}","templated":true}]}}