{"id":444,"date":"2015-12-19T15:12:00","date_gmt":"2015-12-19T14:12:00","guid":{"rendered":"http:\/\/stansgar.katolsk.no\/index.php\/2015\/12\/19\/julen-2015\/"},"modified":"2018-10-12T09:12:35","modified_gmt":"2018-10-12T07:12:35","slug":"julen-2015","status":"publish","type":"post","link":"https:\/\/stansgar.katolsk.no\/?p=444","title":{"rendered":"Julen 2015"},"content":{"rendered":"<p><b><br \/>\n<\/b><\/p>\n<p><\/p>\n<div class=\"separator\" style=\"clear: both; text-align: center;\">\n<a href=\"http:\/\/www.santiebeati.it\/immagini\/Original\/20650\/20650AH.JPG\" imageanchor=\"1\" style=\"margin-left: 1em; margin-right: 1em;\"><img loading=\"lazy\" decoding=\"async\" border=\"0\" src=\"http:\/\/www.santiebeati.it\/immagini\/Original\/20650\/20650AH.JPG\" height=\"297\" width=\"400\" \/><\/a><\/div>\n<div class=\"separator\" style=\"clear: both; text-align: center;\">\n<\/div>\n<div align=\"left\" class=\"MsoNormal\" style=\"color: #222222; font-size: 13px;\">\n<b>Tirsdag, 22. desember<\/b><u><\/u><u><\/u><\/div>\n<div align=\"left\" class=\"MsoNormal\" style=\"color: #222222; font-size: 13px;\">\nKl. 18.00 Messe &nbsp;<u><\/u><\/div>\n<div align=\"left\" class=\"MsoNormal\" style=\"color: #222222; font-size: 13px;\">\nTilbedelse og skriftem\u00e5l etter messen<\/div>\n<div align=\"left\" class=\"MsoNormal\" style=\"color: #222222; font-family: arial, sans-serif; font-size: 13px;\">\n<\/div>\n<div style=\"margin-bottom: 0px; margin-left: 0px; margin-right: 0px; margin-top: 0px;\">\n<\/div>\n<p><\/p>\n<div align=\"left\" class=\"MsoNormal\" style=\"text-align: left;\">\n<b>Lille Julaften, onsdag 23. desember<\/b><br \/>\n&nbsp;Kl.17.00 Skriftem\u00e5l&nbsp;<\/p>\n<div class=\"MsoNormal\" style=\"background-color: white; color: #222222; line-height: 17px; margin: 0cm 0cm 10pt;\">\n&nbsp;Kl. 18.00 Messe<br \/>\nAnledning til skriftem\u00e5l ogs\u00e5 etter messen.<\/div>\n<div class=\"MsoNormal\" style=\"background-color: white; color: #222222; line-height: 17px; margin: 0cm 0cm 10pt;\">\n<\/div>\n<\/div>\n<p><b><br \/><\/b><br \/>\n<b><br \/><\/b><br \/>\n<b>Julaften, torsdag 24. desember<\/b><br \/>\nkl. 15.00 Barnemesse<br \/>\nkl. 17.00 Messe p\u00e5 vietnamesisk<br \/>\n<a href=\"http:\/\/www.santiebeati.it\/immagini\/Original\/20650\/20650C.JPG\" imageanchor=\"1\" style=\"clear: right; float: right; margin-bottom: 1em; margin-left: 1em;\"><img loading=\"lazy\" decoding=\"async\" border=\"0\" src=\"http:\/\/www.santiebeati.it\/immagini\/Original\/20650\/20650C.JPG\" height=\"400\" width=\"171\" \/><\/a>kl. 24.00 Midnattsmessen<\/p>\n<p><b>Juledagen, fredag 25. desember &nbsp; &nbsp; &nbsp; &nbsp; &nbsp; &nbsp; &nbsp; &nbsp; &nbsp; &nbsp; &nbsp; &nbsp; &nbsp; &nbsp; &nbsp; &nbsp; &nbsp; &nbsp; &nbsp; &nbsp; &nbsp; &nbsp; &nbsp; &nbsp; &nbsp; &nbsp; &nbsp;<\/b><br \/>\nkl. &nbsp;9.15 Messe p\u00e5 polsk<br \/>\nkl. 11.00 Juledagens H\u00f8ymesse<br \/>\nkl. 13.00 Messe p\u00e5 vietnamesisk<br \/>\nkl. 14.00 Messe p\u00e5 Stella Maris i Mandal<\/p>\n<p><b>2. juledag, l\u00f8rdag 26. desember<\/b><br \/>\n(Den hellige Stefan)<br \/>\nkl. &nbsp; 9.15 Messe p\u00e5 polsk<br \/>\nkl. 11.00 H\u00f8ymesse<br \/>\nkl. 14.00 Messe i Farsund<br \/>\nkl. 17.00 Messe i Flekkefjord<\/p>\n<p>\n<b>S\u00f8ndag 27.desember( Den hellige familie)<\/b><br \/>\nkl. &nbsp; 9.15 Messe p\u00e5 polsk<br \/>\nkl. 11.00 H\u00f8ymesse<br \/>\nkl. 13.00 Messe p\u00e5 vietnamesisk<br \/>\nkl. 14.00 Messe p\u00e5 polsk p\u00e5 Stella Maris, Mandal<\/p>\n<div align=\"left\" class=\"MsoNormal\" style=\"color: #222222; font-size: 13px;\">\nKl. 16.30 Juletrefest<u><\/u><u><\/u><\/div>\n<div align=\"left\" class=\"MsoNormal\" style=\"color: #222222; font-size: 13px;\">\nKl. 18.00 Messe<u><\/u><u><\/u><\/div>\n<div align=\"left\" class=\"MsoNormal\" style=\"color: #222222; font-size: 13px;\">\nKl. 19.00 Ungdomslagets julekonsert<\/p>\n<p><\/div>\n<p><b>Mandag 28.desember<\/b><\/p>\n<div align=\"left\" class=\"MsoNormal\" style=\"color: #222222; font-size: 13px;\">\n&nbsp;Kl. 18.00 Tradisjonell latinsk messe etter 1962-messeboken<\/div>\n<p><\/p>\n<div align=\"left\" class=\"MsoNormal\" style=\"color: #222222; font-size: 13px;\">\n<b>Tirsdag 29. desember<\/b><u><\/u><u><\/u><\/div>\n<div align=\"left\" class=\"MsoNormal\" style=\"color: #222222; font-size: 13px;\">\nKl.18.00 Messe og sakramentstilbedelse<u><\/u><u><\/u><\/div>\n<div align=\"left\" class=\"MsoNormal\" style=\"color: #222222; font-size: 13px;\">\n<\/div>\n<div align=\"left\" class=\"MsoNormal\" style=\"color: #222222; font-size: 13px;\">\n<b>Onsdag 30. desember<\/b><u><\/u><u><\/u><\/div>\n<p>Kl. 18.00 Messe&nbsp;<br \/>\n<b><br \/>\n<\/b><br \/>\n<b>Nytt\u00e5rsaften, torsdag 31. desember<\/b><br \/>\nkl. 16.00 Takkemesse for \u00e5ret som har g\u00e5tt. NB nytt klokkeslett!<\/p>\n<p>\n<b><br \/><\/b><br \/>\n<b><br \/><\/b><\/p>\n<p><\/p>\n<div class=\"separator\" style=\"clear: both; text-align: center;\">\n<a href=\"http:\/\/www.santiebeati.it\/immagini\/Original\/20100\/20100AF.JPG\" imageanchor=\"1\" style=\"clear: left; float: left; margin-bottom: 1em; margin-right: 1em;\"><img loading=\"lazy\" decoding=\"async\" border=\"0\" src=\"http:\/\/www.santiebeati.it\/immagini\/Original\/20100\/20100AF.JPG\" height=\"320\" width=\"210\" \/><\/a><\/div>\n<p>\n<b><br \/><\/b><br \/>\n<b><br \/><\/b><br \/>\n<b><br \/><\/b><br \/>\n<b>Julens oktavdag, fredag 1. januar 2016, &nbsp;<\/b><\/p>\n<div align=\"left\" class=\"MsoNormal\" style=\"text-align: left;\">\nkl. 13.00 H\u00f8ymesse p\u00e5 norsk NB Nytt klokkeslett!<\/div>\n<div align=\"left\" class=\"MsoNormal\" style=\"text-align: left;\">\nkl. 15.00 Messe etter kaldeisk ritus<\/div>\n<div class=\"MsoNormal\" style=\"background-color: white; color: #222222; margin: 0cm 0cm 10pt;\">\n<div style=\"line-height: 17px;\">\n<b><br \/><\/b><br \/>\n<b><br \/><\/b><br \/>\n<b><br \/><\/b><\/div>\n<div align=\"left\" class=\"MsoNormal\" style=\"font-size: 13px; line-height: normal; margin-left: 0cm; text-indent: 0cm;\">\n<b>L\u00f8rdag 2. januar<\/b>&nbsp;&nbsp;<u><\/u><u><\/u><\/div>\n<div align=\"left\" class=\"MsoNormal\" style=\"font-size: 13px; line-height: normal; margin-left: 0cm; text-indent: 0cm;\">\nKl. 13 &nbsp;Messe &nbsp;<\/div>\n<div align=\"left\" class=\"MsoNormal\" style=\"font-size: 13px; line-height: normal; margin-left: 0cm; text-indent: 0cm;\">\n<\/div>\n<div align=\"left\" class=\"MsoNormal\" style=\"font-size: 13px; line-height: normal; margin-left: 0cm; text-indent: 0cm;\">\n<\/div>\n<div align=\"left\" class=\"MsoNormal\" style=\"font-size: 13px; line-height: normal; margin-left: 0cm; text-indent: 0cm;\">\n<b>S\u00f8ndag 3. januar (2. s\u00f8ndag etter jul)<\/b><u><\/u><u><\/u><\/div>\n<div align=\"left\" class=\"MsoNormal\" style=\"font-size: 13px; line-height: normal; margin-left: 0cm; text-indent: 0cm;\">\nKl. 09.15 Messe p\u00e5 polsk<u><\/u><u><\/u><\/div>\n<div align=\"left\" class=\"MsoNormal\" style=\"font-size: 13px; line-height: normal; margin-left: 0cm; text-indent: 0cm;\">\nKl. 11.00 H\u00f8ymesse&nbsp;<u><\/u><u><\/u><\/div>\n<div align=\"left\" class=\"MsoNormal\" style=\"font-size: 13px; line-height: normal; margin-left: 0cm; text-indent: 0cm;\">\nKl. 13.00 Messe p\u00e5 vietnamesisk<u><\/u><u><\/u><\/div>\n<div align=\"left\" class=\"MsoNormal\" style=\"font-size: 13px; line-height: normal; margin-left: 0cm; text-indent: 0cm;\">\nKl. 18.00 Messe&nbsp;<u><\/u><u><\/u><\/p>\n<p><b>Tirsdag 5. januar<\/b><br \/>\nKl. 18 Messe og sakramentstilbedelse<\/div>\n<div align=\"left\" class=\"MsoNormal\" style=\"font-size: 13px; line-height: normal; margin-left: 0cm; text-indent: 0cm;\">\n<\/div>\n<div align=\"left\" class=\"MsoNormal\" style=\"font-size: 13px; line-height: normal;\">\n<b>Herrens \u00e5penbaring (epifania), onsdag 6. januar<\/b><u><\/u><u><\/u><\/div>\n<div align=\"left\" class=\"MsoNormal\" style=\"font-size: 13px; line-height: normal;\">\nKl. 18.00 H\u00f8ymesse<\/p>\n<p><\/p>\n<div class=\"separator\" style=\"clear: both; text-align: center;\">\n<a href=\"http:\/\/www.santiebeati.it\/immagini\/Original\/20150\/20150O.JPG\" imageanchor=\"1\" style=\"margin-left: 1em; margin-right: 1em;\"><img loading=\"lazy\" decoding=\"async\" border=\"0\" src=\"http:\/\/www.santiebeati.it\/immagini\/Original\/20150\/20150O.JPG\" height=\"207\" width=\"400\" \/><\/a><\/div>\n<p><\/div>\n<div style=\"line-height: 17px;\">\n<b><br \/><\/b><\/div>\n<div style=\"line-height: 17px;\">\n<b><br \/><\/b><\/div>\n<\/div>\n","protected":false},"excerpt":{"rendered":"<p>Tirsdag, 22. desember Kl. 18.00 Messe &nbsp; Tilbedelse og skriftem\u00e5l etter messen Lille Julaften, onsdag 23. desember &nbsp;Kl.17.00 Skriftem\u00e5l&nbsp; &nbsp;Kl. 18.00 Messe Anledning til skriftem\u00e5l ogs\u00e5 etter messen. Julaften, torsdag 24. desember kl. 15.00 Barnemesse kl. 17.00 Messe p\u00e5 vietnamesisk&#8230;<br \/><a class=\"read-more-button\" href=\"https:\/\/stansgar.katolsk.no\/?p=444\">Read more<\/a><\/p>\n","protected":false},"author":3,"featured_media":2246,"comment_status":"open","ping_status":"open","sticky":false,"template":"","format":"standard","meta":{"footnotes":""},"categories":[1],"tags":[45],"class_list":["post-444","post","type-post","status-publish","format-standard","has-post-thumbnail","hentry","category-ukategorisert","tag-jul"],"_links":{"self":[{"href":"https:\/\/stansgar.katolsk.no\/index.php?rest_route=\/wp\/v2\/posts\/444","targetHints":{"allow":["GET"]}}],"collection":[{"href":"https:\/\/stansgar.katolsk.no\/index.php?rest_route=\/wp\/v2\/posts"}],"about":[{"href":"https:\/\/stansgar.katolsk.no\/index.php?rest_route=\/wp\/v2\/types\/post"}],"author":[{"embeddable":true,"href":"https:\/\/stansgar.katolsk.no\/index.php?rest_route=\/wp\/v2\/users\/3"}],"replies":[{"embeddable":true,"href":"https:\/\/stansgar.katolsk.no\/index.php?rest_route=%2Fwp%2Fv2%2Fcomments&post=444"}],"version-history":[{"count":1,"href":"https:\/\/stansgar.katolsk.no\/index.php?rest_route=\/wp\/v2\/posts\/444\/revisions"}],"predecessor-version":[{"id":2245,"href":"https:\/\/stansgar.katolsk.no\/index.php?rest_route=\/wp\/v2\/posts\/444\/revisions\/2245"}],"wp:featuredmedia":[{"embeddable":true,"href":"https:\/\/stansgar.katolsk.no\/index.php?rest_route=\/wp\/v2\/media\/2246"}],"wp:attachment":[{"href":"https:\/\/stansgar.katolsk.no\/index.php?rest_route=%2Fwp%2Fv2%2Fmedia&parent=444"}],"wp:term":[{"taxonomy":"category","embeddable":true,"href":"https:\/\/stansgar.katolsk.no\/index.php?rest_route=%2Fwp%2Fv2%2Fcategories&post=444"},{"taxonomy":"post_tag","embeddable":true,"href":"https:\/\/stansgar.katolsk.no\/index.php?rest_route=%2Fwp%2Fv2%2Ftags&post=444"}],"curies":[{"name":"wp","href":"https:\/\/api.w.org\/{rel}","templated":true}]}}