{"id":430,"date":"2016-01-18T22:10:00","date_gmt":"2016-01-18T21:10:00","guid":{"rendered":"http:\/\/stansgar.katolsk.no\/index.php\/2016\/01\/18\/varens-program-i-stansgar-juniorklubb\/"},"modified":"2018-10-12T09:12:34","modified_gmt":"2018-10-12T07:12:34","slug":"varens-program-i-stansgar-juniorklubb","status":"publish","type":"post","link":"https:\/\/stansgar.katolsk.no\/?p=430","title":{"rendered":"V\u00e5rens program i St.Ansgar juniorklubb"},"content":{"rendered":"<div align=\"center\" class=\"MsoNormal\" style=\"line-height: normal; margin-bottom: 6.0pt; tab-stops: 58.5pt; text-align: center;\">\n<b style=\"mso-bidi-font-weight: normal;\"><br \/>\n<\/b><b style=\"mso-bidi-font-weight: normal;\">St. Ansgar juniorklubb<\/b><\/div>\n<div class=\"separator\" style=\"clear: both; text-align: center;\">\n<a href=\"http:\/\/www.apg29.nu\/nbilder\/barnen-kommer-till-jesus-1297211357.jpg\" imageanchor=\"1\" style=\"margin-left: 1em; margin-right: 1em;\"><img loading=\"lazy\" decoding=\"async\" border=\"0\" src=\"http:\/\/www.apg29.nu\/nbilder\/barnen-kommer-till-jesus-1297211357.jpg\" height=\"157\" width=\"320\" \/><\/a><\/div>\n<div align=\"center\" class=\"MsoNormal\" style=\"line-height: normal; margin-bottom: 6.0pt; tab-stops: 58.5pt; text-align: center;\">\n<\/div>\n<div align=\"center\" class=\"MsoNormal\" style=\"line-height: normal; margin-bottom: 6.0pt; tab-stops: 58.5pt; text-align: center;\">\n<\/div>\n<div class=\"MsoNormal\">\n<b style=\"mso-bidi-font-weight: normal;\"><i style=\"mso-bidi-font-style: normal;\"><br \/>\nHar du barn fra 3. til 7. klasse?<\/i><\/b><\/div>\n<div class=\"MsoNormal\">\n<b style=\"mso-bidi-font-weight: normal;\"><i style=\"mso-bidi-font-style: normal;\">N\u00e5 er det igjen tid for St.<br \/>\nAnsgars juniorklubb. Her blir barna kjent med hverandre gjennom forskjellige<br \/>\naktiviteter, og de f\u00e5r en fellesskapsf\u00f8lelse og en tilh\u00f8righet til St. Ansgar<br \/>\nmenighet. <\/i><\/b><\/div>\n<div class=\"MsoNormal\">\n<b style=\"mso-bidi-font-weight: normal;\"><i style=\"mso-bidi-font-style: normal;\"><br \/><\/i><\/b><\/div>\n<div class=\"MsoNormal\" style=\"margin-bottom: 6.0pt;\">\n<b style=\"mso-bidi-font-weight: normal;\">Dager<\/b>: &nbsp; &nbsp;&nbsp;&nbsp;&nbsp;&nbsp;&nbsp;&nbsp;&nbsp;&nbsp;&nbsp;&nbsp;&nbsp;&nbsp;&nbsp;&nbsp;&nbsp;&nbsp; Fredag 22.01. klokka 18.30\u201320.45<br \/>\ni menighetssalen.<br \/>\n&nbsp;&nbsp;&nbsp;&nbsp;&nbsp;&nbsp;&nbsp;&nbsp;&nbsp;&nbsp;&nbsp;&nbsp;&nbsp;&nbsp;&nbsp;&nbsp;&nbsp;&nbsp;&nbsp;&nbsp;&nbsp;&nbsp;&nbsp;&nbsp;&nbsp;&nbsp;&nbsp;&nbsp;&nbsp;&nbsp;&nbsp;&nbsp;&nbsp;&nbsp; Fredag<br \/>\n19.02. klokka 18.30\u201320.45 i ungdomskjelleren i kjelleren i kirka.<br \/>\n&nbsp;&nbsp;&nbsp;&nbsp;&nbsp;&nbsp;&nbsp;&nbsp;&nbsp;&nbsp;&nbsp;&nbsp;&nbsp;&nbsp;&nbsp;&nbsp;&nbsp;&nbsp;&nbsp;&nbsp;&nbsp;&nbsp;&nbsp;&nbsp;&nbsp;&nbsp;&nbsp;&nbsp;&nbsp;&nbsp;&nbsp;&nbsp;&nbsp;&nbsp; Fredag<br \/>\n18.03. klokka 18.30\u201320.45 i menighetssalen.<br \/>\n&nbsp;&nbsp;&nbsp;&nbsp;&nbsp;&nbsp;&nbsp;&nbsp;&nbsp;&nbsp;&nbsp;&nbsp;&nbsp;&nbsp;&nbsp;&nbsp;&nbsp;&nbsp;&nbsp;&nbsp;&nbsp;&nbsp;&nbsp;&nbsp;&nbsp;&nbsp;&nbsp;&nbsp;&nbsp;&nbsp;&nbsp;&nbsp;&nbsp;&nbsp; Fredag<br \/>\n22.04. klokka 18.30\u201320.45 i menighetssalen.<br \/>\n&nbsp;&nbsp;&nbsp;&nbsp;&nbsp;&nbsp;&nbsp;&nbsp;&nbsp;&nbsp;&nbsp;&nbsp;&nbsp;&nbsp;&nbsp;&nbsp;&nbsp;&nbsp;&nbsp;&nbsp;&nbsp;&nbsp;&nbsp;&nbsp;&nbsp;&nbsp;&nbsp;&nbsp;&nbsp;&nbsp;&nbsp;&nbsp;&nbsp;&nbsp; Fredag<br \/>\n27.05. klokka 18.30\u201320.45 i menighetssalen.<\/div>\n<div class=\"MsoNormal\" style=\"margin-bottom: 6.0pt;\">\n<br \/>\n&nbsp;&nbsp;&nbsp;&nbsp;&nbsp;&nbsp;&nbsp;&nbsp;&nbsp;&nbsp;&nbsp;&nbsp;&nbsp;&nbsp;&nbsp;&nbsp;&nbsp;&nbsp;&nbsp;&nbsp;&nbsp;&nbsp;&nbsp;&nbsp;&nbsp;&nbsp;&nbsp;&nbsp;&nbsp;&nbsp;&nbsp;&nbsp;&nbsp;&nbsp; <b style=\"mso-bidi-font-weight: normal;\"><br \/>\nKontaktpersoner:<\/b> Dung Phan mob. 41844223 og Mona Jardim mob. 95856044<\/div>\n<div class=\"MsoNormal\" style=\"margin-bottom: 6.0pt;\">\n<\/div>\n<div class=\"MsoNormal\" style=\"margin-bottom: 6.0pt;\">\n<\/div>\n<div class=\"MsoNormal\" style=\"line-height: normal; margin-bottom: .0001pt; margin-bottom: 0cm;\">\nBilder fra tidligere klubbkvelder finner dere&nbsp;<a href=\"http:\/\/stansgar.katolsk.no\/index.php\/2015\/11\/23\/se-sa-fint-de-hadde-det-forrige\/\" target=\"_blank\">her<\/a>,&nbsp;<a href=\"http:\/\/stansgar.katolsk.no\/index.php\/2015\/10\/15\/stansgar-juniorklubbs-septembermte\/\" target=\"_blank\">her<\/a>,&nbsp;<a href=\"http:\/\/stansgar.katolsk.no\/index.php\/2015\/05\/27\/nok-en-vellykket-kveld-i-juniorklubben\/\" target=\"_blank\">her<\/a>,&nbsp;<a href=\"http:\/\/stansgar.katolsk.no\/index.php\/2015\/04\/19\/vellykket-frste-kveld-i-stansgar\/\" target=\"_blank\">her<\/a>&nbsp;og&nbsp;<a href=\"http:\/\/stansgar.katolsk.no\/index.php\/2016\/01\/18\/bilder-fra-juniorklubbens-desembermte\/\" target=\"_blank\">her<\/a><\/div>\n<div class=\"MsoNormal\" style=\"line-height: normal; margin-bottom: 6.0pt;\">\n<\/div>\n<div class=\"MsoNormal\" style=\"line-height: normal; margin-bottom: 6.0pt;\">\n<b style=\"mso-bidi-font-weight: normal;\"><i style=\"mso-bidi-font-style: normal;\">I januar<br \/>\nhar vi nytt\u00e5rsfest, s\u00e5 ta p\u00e5 dere festkl\u00e6r. Vi skal<\/i><\/b><\/div>\n<div class=\"MsoListParagraphCxSpFirst\" style=\"line-height: normal; margin-bottom: 6.0pt; margin-left: 37.65pt; margin-right: 0cm; margin-top: 0cm; mso-add-space: auto; mso-list: l1 level1 lfo1; text-indent: -18.0pt;\">\n\u00b7&nbsp;&nbsp;&nbsp;&nbsp;&nbsp;&nbsp;<br \/>\nha tegnekonkurranse &#8211; logo til St. Ansgar<br \/>\nJuniorklubb<\/div>\n<div class=\"MsoListParagraphCxSpMiddle\" style=\"line-height: normal; margin-bottom: 6.0pt; margin-left: 37.65pt; margin-right: 0cm; margin-top: 0cm; mso-add-space: auto; mso-list: l1 level1 lfo1; text-indent: -18.0pt;\">\n\u00b7&nbsp;&nbsp;&nbsp;&nbsp;&nbsp;&nbsp;<br \/>\ndisco<\/div>\n<div class=\"MsoListParagraphCxSpMiddle\" style=\"line-height: normal; margin-bottom: 6.0pt; margin-left: 37.65pt; margin-right: 0cm; margin-top: 0cm; mso-add-space: auto; mso-list: l1 level1 lfo1; text-indent: -18.0pt;\">\n\u00b7&nbsp;&nbsp;&nbsp;&nbsp;&nbsp;&nbsp;<br \/>\nquiz, konkurranse, leker<\/div>\n<div class=\"MsoListParagraphCxSpMiddle\" style=\"line-height: normal; margin-bottom: 6.0pt; margin-left: 37.65pt; margin-right: 0cm; margin-top: 0cm; mso-add-space: auto; mso-list: l1 level1 lfo1; text-indent: -18.0pt;\">\n\u00b7&nbsp;&nbsp;&nbsp;&nbsp;&nbsp;&nbsp;<br \/>\ndiscomat &#8211; hamburger, is og saft<\/div>\n<div class=\"MsoListParagraphCxSpLast\" style=\"line-height: normal; margin-bottom: 6.0pt; margin-left: 37.65pt; margin-right: 0cm; margin-top: 0cm; mso-add-space: auto; mso-list: l1 level1 lfo1; text-indent: -18.0pt;\">\n\u00b7&nbsp;&nbsp;&nbsp;&nbsp;&nbsp;&nbsp; be<br \/>\nog synge i kirka<br \/>\n<br style=\"mso-special-character: line-break;\" \/>\n<\/div>\n<div class=\"MsoListParagraphCxSpLast\" style=\"line-height: normal; margin-bottom: 6.0pt; margin-left: 37.65pt; margin-right: 0cm; margin-top: 0cm; mso-add-space: auto; mso-list: l1 level1 lfo1; text-indent: -18.0pt;\">\n<\/div>\n<div class=\"MsoNormal\" style=\"line-height: normal; margin-bottom: 6.0pt; tab-stops: 280.45pt;\">\n<b style=\"mso-bidi-font-weight: normal;\"><i style=\"mso-bidi-font-style: normal;\">I februar skal vi<\/i><\/b>&nbsp;&nbsp;&nbsp;&nbsp;&nbsp;&nbsp;&nbsp;&nbsp;&nbsp;&nbsp;&nbsp;&nbsp;&nbsp;&nbsp;&nbsp;&nbsp;&nbsp;&nbsp;&nbsp;&nbsp;&nbsp;&nbsp;&nbsp;&nbsp;&nbsp;&nbsp;&nbsp;&nbsp;&nbsp;&nbsp;&nbsp;&nbsp;&nbsp;&nbsp;&nbsp;&nbsp;&nbsp;&nbsp;&nbsp;&nbsp;&nbsp;&nbsp;&nbsp;&nbsp;&nbsp;&nbsp;&nbsp;&nbsp;&nbsp;&nbsp;&nbsp;&nbsp;&nbsp;&nbsp;&nbsp;&nbsp;&nbsp;&nbsp;&nbsp;&nbsp;&nbsp;&nbsp;&nbsp;&nbsp;&nbsp;&nbsp;&nbsp;&nbsp;&nbsp;&nbsp;&nbsp;&nbsp;&nbsp;&nbsp;&nbsp;&nbsp;&nbsp;&nbsp;&nbsp;&nbsp;&nbsp;&nbsp;&nbsp;&nbsp;&nbsp;&nbsp;&nbsp;&nbsp;&nbsp;&nbsp;&nbsp;&nbsp;&nbsp;&nbsp;&nbsp;&nbsp;&nbsp;&nbsp;&nbsp;&nbsp;&nbsp;&nbsp;&nbsp;&nbsp;&nbsp;&nbsp;&nbsp;&nbsp; <\/div>\n<div class=\"MsoListParagraphCxSpFirst\" style=\"line-height: normal; margin-bottom: 6.0pt; mso-add-space: auto; mso-list: l2 level1 lfo2; tab-stops: 280.45pt; text-indent: -18.0pt;\">\n\u00b7&nbsp;&nbsp;&nbsp;&nbsp;&nbsp;&nbsp; trykke<br \/>\nSt. Ansgars Juniorklubbs logo p\u00e5 navnskilt <\/div>\n<div class=\"MsoListParagraphCxSpMiddle\" style=\"line-height: normal; margin-bottom: 6.0pt; mso-add-space: auto; mso-list: l2 level1 lfo2; tab-stops: 280.45pt; text-indent: -18.0pt;\">\n\u00b7&nbsp;&nbsp;&nbsp;&nbsp;&nbsp;&nbsp; pynte<br \/>\nkvister med ull\/bomullsdotter<\/div>\n<div class=\"MsoListParagraphCxSpMiddle\" style=\"line-height: normal; margin-bottom: 6.0pt; mso-add-space: auto; mso-list: l2 level1 lfo2; tab-stops: 280.45pt; text-indent: -18.0pt;\">\n\u00b7&nbsp;&nbsp;&nbsp;&nbsp;&nbsp;&nbsp; playdo<\/div>\n<div class=\"MsoListParagraphCxSpMiddle\" style=\"line-height: normal; margin-bottom: 6.0pt; mso-add-space: auto; mso-list: l2 level1 lfo2; tab-stops: 280.45pt; text-indent: -18.0pt;\">\n\u00b7&nbsp;&nbsp;&nbsp;&nbsp;&nbsp;&nbsp; lage<br \/>\ntomatsuppe med makaroni&nbsp;&nbsp;&nbsp;&nbsp;&nbsp;&nbsp;&nbsp;&nbsp;&nbsp;&nbsp;&nbsp;&nbsp;&nbsp;&nbsp;&nbsp;&nbsp;&nbsp;&nbsp;&nbsp;&nbsp;&nbsp;&nbsp;&nbsp;&nbsp;&nbsp;&nbsp;&nbsp;&nbsp;&nbsp;&nbsp;&nbsp;&nbsp;&nbsp;&nbsp;&nbsp;&nbsp;&nbsp;&nbsp;&nbsp;&nbsp;&nbsp;&nbsp;&nbsp;&nbsp;&nbsp;&nbsp; <\/div>\n<div class=\"MsoListParagraphCxSpLast\" style=\"line-height: normal; margin-bottom: 6.0pt; mso-add-space: auto; mso-list: l2 level1 lfo2; tab-stops: 280.45pt; text-indent: -18.0pt;\">\n\u00b7&nbsp;&nbsp;&nbsp;&nbsp;&nbsp;&nbsp; be<br \/>\nog synge i kirka<br \/>\n<br style=\"mso-special-character: line-break;\" \/>\n<\/div>\n<div class=\"MsoListParagraphCxSpLast\" style=\"line-height: normal; margin-bottom: 6.0pt; mso-add-space: auto; mso-list: l2 level1 lfo2; tab-stops: 280.45pt; text-indent: -18.0pt;\">\n<\/div>\n<div class=\"MsoNormal\" style=\"line-height: normal; margin-bottom: 6.0pt; tab-stops: 280.45pt;\">\n<b style=\"mso-bidi-font-weight: normal;\"><i style=\"mso-bidi-font-style: normal;\">I mars er temaet p\u00e5ske<\/i><\/b><\/div>\n<div class=\"MsoListParagraphCxSpFirst\" style=\"line-height: normal; margin-bottom: 6.0pt; mso-add-space: auto; mso-list: l0 level1 lfo3; tab-stops: 280.45pt; text-indent: -18.0pt;\">\n\u00b7&nbsp;&nbsp;&nbsp;&nbsp;&nbsp;&nbsp; male<br \/>\np\u00e5 egg\/marmorering<\/div>\n<div class=\"MsoListParagraphCxSpMiddle\" style=\"line-height: normal; margin-bottom: 6.0pt; mso-add-space: auto; mso-list: l0 level1 lfo3; tab-stops: 280.45pt; text-indent: -18.0pt;\">\n\u00b7&nbsp;&nbsp;&nbsp;&nbsp;&nbsp;&nbsp; lage<br \/>\np\u00e5skepynt og p\u00e5skekort<\/div>\n<div class=\"MsoListParagraphCxSpMiddle\" style=\"line-height: normal; margin-bottom: 6.0pt; mso-add-space: auto; mso-list: l0 level1 lfo3; tab-stops: 280.45pt; text-indent: -18.0pt;\">\n\u00b7&nbsp;&nbsp;&nbsp;&nbsp;&nbsp;&nbsp; bake<br \/>\nboller<\/div>\n<div class=\"MsoListParagraphCxSpLast\" style=\"line-height: normal; margin-bottom: 6.0pt; mso-add-space: auto; mso-list: l0 level1 lfo3; tab-stops: 280.45pt; text-indent: -18.0pt;\">\n\u00b7&nbsp;&nbsp;&nbsp;&nbsp;&nbsp;&nbsp; be<br \/>\nog synge i kirka<br \/>\n<br style=\"mso-special-character: line-break;\" \/>\n<\/div>\n<div class=\"MsoListParagraphCxSpLast\" style=\"line-height: normal; margin-bottom: 6.0pt; mso-add-space: auto; mso-list: l0 level1 lfo3; tab-stops: 280.45pt; text-indent: -18.0pt;\">\n<\/div>\n<div class=\"MsoNormal\" style=\"line-height: normal; margin-bottom: 6.0pt; tab-stops: 280.45pt;\">\n<b style=\"mso-bidi-font-weight: normal;\"><i style=\"mso-bidi-font-style: normal;\">I april er temaet v\u00e5ren og Jomfru Maria<\/i><\/b><\/div>\n<div class=\"MsoListParagraphCxSpFirst\" style=\"line-height: normal; margin-bottom: 6.0pt; mso-add-space: auto; mso-list: l0 level1 lfo3; tab-stops: 280.45pt; text-indent: -18.0pt;\">\n\u00b7&nbsp;&nbsp;&nbsp;&nbsp;&nbsp;&nbsp; lage<br \/>\nrosenkrans<\/div>\n<div class=\"MsoListParagraphCxSpMiddle\" style=\"line-height: normal; margin-bottom: 6.0pt; mso-add-space: auto; mso-list: l0 level1 lfo3; tab-stops: 280.45pt; text-indent: -18.0pt;\">\n\u00b7&nbsp;&nbsp;&nbsp;&nbsp;&nbsp;&nbsp; lage<br \/>\nfugler av h\u00e5ndtrykk og papirblomster med Maria<\/div>\n<div class=\"MsoListParagraphCxSpMiddle\" style=\"line-height: normal; margin-bottom: 6.0pt; mso-add-space: auto; mso-list: l0 level1 lfo3; tab-stops: 280.45pt; text-indent: -18.0pt;\">\n\u00b7&nbsp;&nbsp;&nbsp;&nbsp;&nbsp;&nbsp; plante planter<\/div>\n<div class=\"MsoListParagraphCxSpMiddle\" style=\"line-height: normal; margin-bottom: 6.0pt; mso-add-space: auto; mso-list: l0 level1 lfo3; tab-stops: 280.45pt; text-indent: -18.0pt;\">\n\u00b7&nbsp;&nbsp;&nbsp;&nbsp;&nbsp;&nbsp; bake<br \/>\npizzaboller<\/div>\n<div class=\"MsoListParagraphCxSpLast\" style=\"margin-bottom: 6.0pt; mso-add-space: auto; mso-list: l0 level1 lfo3; text-indent: -18.0pt;\">\n\u00b7&nbsp;&nbsp;&nbsp;&nbsp;&nbsp;&nbsp;<br \/>\nbe og synge i kirka<br \/>\n<br style=\"mso-special-character: line-break;\" \/>\n<\/div>\n<div class=\"MsoListParagraphCxSpLast\" style=\"margin-bottom: 6.0pt; mso-add-space: auto; mso-list: l0 level1 lfo3; text-indent: -18.0pt;\">\n<\/div>\n<div class=\"MsoNormal\" style=\"margin-bottom: 6.0pt;\">\n<b style=\"mso-bidi-font-weight: normal;\"><i style=\"mso-bidi-font-style: normal;\">I mai har vi avslutningsfest. Vi<br \/>\nskal<\/i><\/b><\/div>\n<div class=\"MsoListParagraphCxSpFirst\" style=\"line-height: normal; margin-bottom: 6.0pt; mso-add-space: auto; mso-list: l0 level1 lfo3; tab-stops: 280.45pt; text-indent: -18.0pt;\">\n\u00b7&nbsp;&nbsp;&nbsp;&nbsp;&nbsp;&nbsp; leker<br \/>\nog aktivitetsl\u00f8ype i Tresse<\/div>\n<div class=\"MsoListParagraphCxSpMiddle\" style=\"line-height: normal; margin-bottom: 6.0pt; mso-add-space: auto; mso-list: l0 level1 lfo3; tab-stops: 280.45pt; text-indent: -18.0pt;\">\n\u00b7&nbsp;&nbsp;&nbsp;&nbsp;&nbsp;&nbsp; grille<br \/>\np\u00f8lser i presteg\u00e5rden<\/div>\n<p><\/p>\n<div class=\"MsoListParagraphCxSpLast\" style=\"margin-bottom: 6.0pt; mso-add-space: auto; mso-list: l0 level1 lfo3; text-indent: -18.0pt;\">\n\u00b7&nbsp;&nbsp;&nbsp;&nbsp;&nbsp;&nbsp;<br \/>\nbe og synge i kirka<\/div>\n","protected":false},"excerpt":{"rendered":"<p>St. Ansgar juniorklubb Har du barn fra 3. til 7. klasse? N\u00e5 er det igjen tid for St. Ansgars juniorklubb. Her blir barna kjent med hverandre gjennom forskjellige aktiviteter, og de f\u00e5r en fellesskapsf\u00f8lelse og en tilh\u00f8righet til St. Ansgar&#8230;<br \/><a class=\"read-more-button\" href=\"https:\/\/stansgar.katolsk.no\/?p=430\">Read more<\/a><\/p>\n","protected":false},"author":3,"featured_media":2225,"comment_status":"open","ping_status":"open","sticky":false,"template":"","format":"standard","meta":{"footnotes":""},"categories":[1],"tags":[25],"class_list":["post-430","post","type-post","status-publish","format-standard","has-post-thumbnail","hentry","category-ukategorisert","tag-juniorklubb"],"_links":{"self":[{"href":"https:\/\/stansgar.katolsk.no\/index.php?rest_route=\/wp\/v2\/posts\/430","targetHints":{"allow":["GET"]}}],"collection":[{"href":"https:\/\/stansgar.katolsk.no\/index.php?rest_route=\/wp\/v2\/posts"}],"about":[{"href":"https:\/\/stansgar.katolsk.no\/index.php?rest_route=\/wp\/v2\/types\/post"}],"author":[{"embeddable":true,"href":"https:\/\/stansgar.katolsk.no\/index.php?rest_route=\/wp\/v2\/users\/3"}],"replies":[{"embeddable":true,"href":"https:\/\/stansgar.katolsk.no\/index.php?rest_route=%2Fwp%2Fv2%2Fcomments&post=430"}],"version-history":[{"count":2,"href":"https:\/\/stansgar.katolsk.no\/index.php?rest_route=\/wp\/v2\/posts\/430\/revisions"}],"predecessor-version":[{"id":3722,"href":"https:\/\/stansgar.katolsk.no\/index.php?rest_route=\/wp\/v2\/posts\/430\/revisions\/3722"}],"wp:featuredmedia":[{"embeddable":true,"href":"https:\/\/stansgar.katolsk.no\/index.php?rest_route=\/wp\/v2\/media\/2225"}],"wp:attachment":[{"href":"https:\/\/stansgar.katolsk.no\/index.php?rest_route=%2Fwp%2Fv2%2Fmedia&parent=430"}],"wp:term":[{"taxonomy":"category","embeddable":true,"href":"https:\/\/stansgar.katolsk.no\/index.php?rest_route=%2Fwp%2Fv2%2Fcategories&post=430"},{"taxonomy":"post_tag","embeddable":true,"href":"https:\/\/stansgar.katolsk.no\/index.php?rest_route=%2Fwp%2Fv2%2Ftags&post=430"}],"curies":[{"name":"wp","href":"https:\/\/api.w.org\/{rel}","templated":true}]}}