{"id":425,"date":"2016-01-25T20:23:00","date_gmt":"2016-01-25T19:23:00","guid":{"rendered":"http:\/\/stansgar.katolsk.no\/index.php\/2016\/01\/25\/kunngjringer-sndag-24-januar-2016\/"},"modified":"2018-10-12T09:12:34","modified_gmt":"2018-10-12T07:12:34","slug":"kunngjringer-sndag-24-januar-2016","status":"publish","type":"post","link":"https:\/\/stansgar.katolsk.no\/?p=425","title":{"rendered":"KUNNGJ\u00d8RINGER S\u00d8NDAG 24. JANUAR 2016"},"content":{"rendered":"<div class=\"MsoNormal\" style=\"background-color: white; color: #222222; font-size: 12.8px;\">\n<\/div>\n<div class=\"MsoNormal\" style=\"background-color: white; color: #222222; font-size: 12.8px;\">\n<\/div>\n<div class=\"MsoNormal\" style=\"background-color: white; color: #222222; font-size: 12.8px;\">\nDenne uken er det messe<b> tirsdag til fredag kl. 18.00<\/b><u><\/u><u><\/u><\/div>\n<div class=\"MsoNormal\" style=\"background-color: white; color: #222222; font-size: 12.8px;\">\n<\/div>\n<div class=\"MsoNormal\" style=\"background-color: white; color: #222222; font-size: 12.8px;\">\n<\/div>\n<div class=\"MsoNormal\" style=\"background-color: white; color: #222222; font-size: 12.8px;\">\n<\/div>\n<div class=\"MsoNormal\" style=\"background-color: white; color: #222222; font-size: 12.8px;\">\n<b>Torsdag 28. januar<\/b> er det messe kl. 11.00 og felles lunch etterp\u00e5.<u><\/u><u><\/u><\/div>\n<div class=\"MsoNormal\" style=\"background-color: white; color: #222222; font-size: 12.8px;\">\n<\/div>\n<div class=\"MsoNormal\" style=\"background-color: white; color: #222222; font-size: 12.8px;\">\n<\/div>\n<div class=\"MsoNormal\" style=\"background-color: white; color: #222222; font-size: 12.8px;\">\n<b>Torsdag 28. januar<\/b> er det ny kurskveld om katolsk tro, fra kl. 18.45 \u2013 21.00<u><\/u><u><\/u><\/div>\n<div class=\"MsoNormal\" style=\"background-color: white; color: #222222; font-size: 12.8px;\">\nAlle interesserte er velkomne. Tema er siste del av trosbekjennelsen; Den hellige \u00e5nd, Kirken og Maria<u><\/u><u><\/u><\/div>\n<div class=\"MsoNormal\" style=\"background-color: white; color: #222222; font-size: 12.8px;\">\n<\/div>\n<div class=\"MsoNormal\" style=\"background-color: white; color: #222222; font-size: 12.8px;\">\n<\/div>\n<div class=\"MsoNormal\" style=\"background-color: white; color: #222222; font-size: 12.8px;\">\n<b>Fredag 29. januar<\/b> kl. 18.30 er det \u00e5rsm\u00f8te i ungdomslaget SAUL. Vi h\u00e5per mange gamle og nye medlemmer vil komme. Alle er velkommen. Nytt styre skal velges og alle som er konfirmert kan velges til styret.<u><\/u><u><\/u><\/div>\n<div class=\"MsoNormal\" style=\"background-color: white; color: #222222; font-size: 12.8px;\">\n<\/div>\n<div class=\"MsoNormal\" style=\"background-color: white; color: #222222; font-size: 12.8px;\">\n<\/div>\n<div class=\"MsoNormal\" style=\"background-color: white; color: #222222; font-size: 12.8px;\">\n<\/div>\n<div class=\"MsoNormal\" style=\"background-color: white; color: #222222; font-size: 12.8px;\">\n<b>Tirsdag 2. februar<\/b> kl. 19.30 inviterer Forum for tro og livssyn til dialogm\u00f8te i Kristiansand Bibliotek. M\u00f8tet har f\u00e5tt tittelen \u201d\u00c5 leve med eller uten en Gud- Hva betyr det for meg.\u201d I panelet er kristen tro, muslimsk tro, buddhistisk tro samt human-etisk livssyn representert. Se oppslag i gangen.<u><\/u><u><\/u><\/div>\n<div class=\"MsoNormal\" style=\"background-color: white; color: #222222; font-size: 12.8px;\">\n<\/div>\n","protected":false},"excerpt":{"rendered":"<p>Denne uken er det messe tirsdag til fredag kl. 18.00 Torsdag 28. januar er det messe kl. 11.00 og felles lunch etterp\u00e5. Torsdag 28. januar er det ny kurskveld om katolsk tro, fra kl. 18.45 \u2013 21.00 Alle interesserte er&#8230;<br \/><a class=\"read-more-button\" href=\"https:\/\/stansgar.katolsk.no\/?p=425\">Read more<\/a><\/p>\n","protected":false},"author":3,"featured_media":0,"comment_status":"open","ping_status":"open","sticky":false,"template":"","format":"standard","meta":{"footnotes":""},"categories":[1],"tags":[3],"class_list":["post-425","post","type-post","status-publish","format-standard","hentry","category-ukategorisert","tag-kunngjoringer"],"_links":{"self":[{"href":"https:\/\/stansgar.katolsk.no\/index.php?rest_route=\/wp\/v2\/posts\/425","targetHints":{"allow":["GET"]}}],"collection":[{"href":"https:\/\/stansgar.katolsk.no\/index.php?rest_route=\/wp\/v2\/posts"}],"about":[{"href":"https:\/\/stansgar.katolsk.no\/index.php?rest_route=\/wp\/v2\/types\/post"}],"author":[{"embeddable":true,"href":"https:\/\/stansgar.katolsk.no\/index.php?rest_route=\/wp\/v2\/users\/3"}],"replies":[{"embeddable":true,"href":"https:\/\/stansgar.katolsk.no\/index.php?rest_route=%2Fwp%2Fv2%2Fcomments&post=425"}],"version-history":[{"count":1,"href":"https:\/\/stansgar.katolsk.no\/index.php?rest_route=\/wp\/v2\/posts\/425\/revisions"}],"predecessor-version":[{"id":2210,"href":"https:\/\/stansgar.katolsk.no\/index.php?rest_route=\/wp\/v2\/posts\/425\/revisions\/2210"}],"wp:attachment":[{"href":"https:\/\/stansgar.katolsk.no\/index.php?rest_route=%2Fwp%2Fv2%2Fmedia&parent=425"}],"wp:term":[{"taxonomy":"category","embeddable":true,"href":"https:\/\/stansgar.katolsk.no\/index.php?rest_route=%2Fwp%2Fv2%2Fcategories&post=425"},{"taxonomy":"post_tag","embeddable":true,"href":"https:\/\/stansgar.katolsk.no\/index.php?rest_route=%2Fwp%2Fv2%2Ftags&post=425"}],"curies":[{"name":"wp","href":"https:\/\/api.w.org\/{rel}","templated":true}]}}