{"id":419,"date":"2016-02-09T18:09:00","date_gmt":"2016-02-09T17:09:00","guid":{"rendered":"http:\/\/stansgar.katolsk.no\/index.php\/2016\/02\/09\/fastetiden-trenger-vi-den-2\/"},"modified":"2018-10-12T09:12:33","modified_gmt":"2018-10-12T07:12:33","slug":"fastetiden-trenger-vi-den-2","status":"publish","type":"post","link":"https:\/\/stansgar.katolsk.no\/?p=419","title":{"rendered":"Fastetiden &#8211; trenger vi den?"},"content":{"rendered":"<div style=\"border-bottom: medium none; border-left: medium none; border-right: medium none; border-top: medium none;\">\n&#8211; passer den i det hele tatt for et menneske i v\u00e5r tid? Trenger vi \u00e5 avst\u00e5 fra mat og andre ting, elsker ikke Gud oss uansett?<\/div>\n<div style=\"border-bottom: medium none; border-left: medium none; border-right: medium none; border-top: medium none;\">\nSelvsagt trenger vi dette! <strong>Fordi <\/strong>Gud elsker oss gir han oss denne perioden til ettertanke, omvendelse og anger. Vi trenger \u00e5 rydde plass for Ham i livet v\u00e5rt.<\/p>\n<div class=\"separator\" style=\"clear: both; text-align: center;\">\n<\/div>\n<div class=\"separator\" style=\"clear: both; text-align: center;\">\n<a href=\"https:\/\/lh6.googleusercontent.com\/-PsvhQIlyyRA\/TXINTonBF1I\/AAAAAAAADaU\/v0vt2C0ZOo8\/s1600\/askekors.jpg\" imageanchor=\"1\" style=\"margin-left: 1em; margin-right: 1em;\"><img loading=\"lazy\" decoding=\"async\" border=\"0\" height=\"130\" l6=\"true\" src=\"https:\/\/lh6.googleusercontent.com\/-PsvhQIlyyRA\/TXINTonBF1I\/AAAAAAAADaU\/v0vt2C0ZOo8\/s320\/askekors.jpg\" width=\"320\" \/><\/a><\/div>\n<div class=\"separator\" style=\"clear: both; text-align: center;\">\n<\/div>\n<div class=\"separator\" style=\"clear: both; text-align: center;\">\n<\/div>\n<\/div>\n<div style=\"border-bottom: medium none; border-left: medium none; border-right: medium none; border-top: medium none;\">\n<\/div>\n<div style=\"border-bottom: medium none; border-left: medium none; border-right: medium none; border-top: medium none;\">\n<b>Den nordiske bispekonferanse sier<\/b>:<\/div>\n<div style=\"border-bottom: medium none; border-left: medium none; border-right: medium none; border-top: medium none;\">\n<em>Fasten er den tradisjonelle tid for fornyelse, anger og omvendelse i kirken. Kirkeloven foreskriver at <b>askeonsdag<\/b> og <b>langfredag<\/b> skal overholdes som faste- og abstinensdager. Det \u00e5 faste betyr en merkbar reduksjon av det man spiser til daglig. Abstinens vil si at vi gir avkall p\u00e5 en spesiell form for mat, drikke eller forn\u00f8yelse. De som er over 18 \u00e5r er forpliktet av fastebudet inntil de begynner sitt 60. \u00e5r, mens alle over 14 \u00e5r skal overholde abstinensbudet. Prester og foreldre b\u00f8r l\u00e6re barn som enn\u00e5 ikke er bundet av faste- og abstinensbudet, betydningen av \u00e5 praktisere botens \u00e5nd.<\/em><\/div>\n<p><em><\/em><\/p>\n<div style=\"border-bottom: medium none; border-left: medium none; border-right: medium none; border-top: medium none;\">\n<a href=\"http:\/\/www.katolsk.no\/info\/nbk\/faste.htm\">her er resten av bispekonferansens uttalelse<\/a><\/div>\n<div style=\"border-bottom: medium none; border-left: medium none; border-right: medium none; border-top: medium none;\">\n<\/div>\n<p><\/p>\n<div style=\"border-bottom: medium none; border-left: medium none; border-right: medium none; border-top: medium none;\">\n<a href=\"https:\/\/lh3.googleusercontent.com\/-hUEzCZY259A\/TXIIt_qhuEI\/AAAAAAAADaM\/HHjrSoU7OKM\/s1600\/gioppface.gif\" imageanchor=\"1\" style=\"clear: right; cssfloat: right; float: right; margin-bottom: 1em; margin-left: 1em;\"><img loading=\"lazy\" decoding=\"async\" border=\"0\" height=\"178\" l6=\"true\" src=\"https:\/\/lh3.googleusercontent.com\/-hUEzCZY259A\/TXIIt_qhuEI\/AAAAAAAADaM\/HHjrSoU7OKM\/s320\/gioppface.gif\" width=\"320\" \/><\/a><\/p>\n<p>Hva betyr dette? P\u00e5 askeonsdag og langfredag spiser vi ikke kj\u00f8tt, vi spiser mindre enn vanlig, ved f.eks \u00e5 bare spise ett fullt m\u00e5ltid.<\/p><\/div>\n<div style=\"border-bottom: medium none; border-left: medium none; border-right: medium none; border-top: medium none;\">\nResten av fasten avst\u00e5r vi fra noe vi liker godt til vanlig. Det kan v\u00e6re alkohol, sjokolade, facebook, dataspill &#8211; eller andre ting vi setter pris p\u00e5 og bruker ofte. Pengene vi sparer skal g\u00e5&nbsp; til noen som trenger det &#8211; ikke til mer sjokolade etterp\u00e5!<\/div>\n<p><\/p>\n<div style=\"border-bottom: medium none; border-left: medium none; border-right: medium none; border-top: medium none;\">\n<a href=\"https:\/\/lh3.googleusercontent.com\/-9PnCuMv7lPQ\/TXIII9ydxvI\/AAAAAAAADaA\/X5oAG7aaLiU\/s1600\/sjokofaste.jpg\" imageanchor=\"1\" style=\"clear: left; cssfloat: left; float: left; margin-bottom: 1em; margin-right: 1em;\"><img decoding=\"async\" border=\"0\" l6=\"true\" src=\"https:\/\/lh3.googleusercontent.com\/-9PnCuMv7lPQ\/TXIII9ydxvI\/AAAAAAAADaA\/X5oAG7aaLiU\/s1600\/sjokofaste.jpg\" \/><\/a><\/div>\n<div style=\"border-bottom: medium none; border-left: medium none; border-right: medium none; border-top: medium none;\">\n<\/div>\n<div style=\"border-bottom: medium none; border-left: medium none; border-right: medium none; border-top: medium none;\">\n<\/div>\n<div style=\"border-bottom: medium none; border-left: medium none; border-right: medium none; border-top: medium none;\">\nHva vi velger \u00e5 gi avkall p\u00e5 er individuelt! <\/p>\n<p>\n&nbsp;Det er ogs\u00e5 fint \u00e5 fordype seg ekstra i troen i denne perioden.<\/p>\n<p>P\u00e5 nettet finnes mange fordypningsmuligheter:<\/p>\n<\/div>\n<div style=\"border-bottom: medium none; border-left: medium none; border-right: medium none; border-top: medium none;\">\n<\/div>\n<div style=\"border-bottom: medium none; border-left: medium none; border-right: medium none; border-top: medium none;\">\n<a href=\"http:\/\/www.katolsk.no\/artikler\/karneval.htm\" target=\"_blank\">her er et fordrag fra p. Olav om karneval og fastetiden<\/a><\/div>\n<div style=\"border-bottom: medium none; border-left: medium none; border-right: medium none; border-top: medium none;\">\n<\/div>\n<div style=\"border-bottom: medium none; border-left: medium none; border-right: medium none; border-top: medium none;\">\n<a href=\"http:\/\/www.katolsk.no\/biografier\/historisk\/aske_ons\" target=\"_blank\">en grundig artikkel om askeonsdag<\/a><\/div>\n<div style=\"border-bottom: medium none; border-left: medium none; border-right: medium none; border-top: medium none;\">\n<\/div>\n<div style=\"border-bottom: medium none; border-left: medium none; border-right: medium none; border-top: medium none;\">\n<a href=\"http:\/\/www.catholichomeandgarden.com\/lent.htm\" target=\"_blank\">masse informasjon om fasten p\u00e5 engelsk<\/a><\/div>\n<div style=\"border-bottom: medium none; border-left: medium none; border-right: medium none; border-top: medium none;\">\n<\/div>\n<div style=\"border-bottom: medium none; border-left: medium none; border-right: medium none; border-top: medium none;\">\n<a href=\"http:\/\/www.caremedanslaville.org\/\" target=\"_blank\">lytt til en daglig meditasjon p\u00e5 fransk her<\/a><\/p>\n<p><\/div>\n<div style=\"border-bottom: medium none; border-left: medium none; border-right: medium none; border-top: medium none;\">\n<\/div>\n<div class=\"separator\" style=\"border-bottom: medium none; border-left: medium none; border-right: medium none; border-top: medium none; clear: both; text-align: center;\">\n<a href=\"https:\/\/lh6.googleusercontent.com\/-8fO_A5-y5Bo\/TXIIoq1pTCI\/AAAAAAAADaE\/52QcfvoB33s\/s1600\/absthumor.jpg\" imageanchor=\"1\" style=\"clear: right; cssfloat: right; float: right; margin-bottom: 1em; margin-left: 1em;\"><\/a><\/div>\n<p><\/p>\n<div style=\"border-bottom: medium none; border-left: medium none; border-right: medium none; border-top: medium none;\">\n<\/div>\n","protected":false},"excerpt":{"rendered":"<p>&#8211; passer den i det hele tatt for et menneske i v\u00e5r tid? Trenger vi \u00e5 avst\u00e5 fra mat og andre ting, elsker ikke Gud oss uansett? Selvsagt trenger vi dette! Fordi Gud elsker oss gir han oss denne perioden&#8230;<br \/><a class=\"read-more-button\" href=\"https:\/\/stansgar.katolsk.no\/?p=419\">Read more<\/a><\/p>\n","protected":false},"author":3,"featured_media":2203,"comment_status":"open","ping_status":"open","sticky":false,"template":"","format":"standard","meta":{"footnotes":""},"categories":[1],"tags":[36,35],"class_list":["post-419","post","type-post","status-publish","format-standard","has-post-thumbnail","hentry","category-ukategorisert","tag-askeonsdag","tag-fastetiden"],"_links":{"self":[{"href":"https:\/\/stansgar.katolsk.no\/index.php?rest_route=\/wp\/v2\/posts\/419","targetHints":{"allow":["GET"]}}],"collection":[{"href":"https:\/\/stansgar.katolsk.no\/index.php?rest_route=\/wp\/v2\/posts"}],"about":[{"href":"https:\/\/stansgar.katolsk.no\/index.php?rest_route=\/wp\/v2\/types\/post"}],"author":[{"embeddable":true,"href":"https:\/\/stansgar.katolsk.no\/index.php?rest_route=\/wp\/v2\/users\/3"}],"replies":[{"embeddable":true,"href":"https:\/\/stansgar.katolsk.no\/index.php?rest_route=%2Fwp%2Fv2%2Fcomments&post=419"}],"version-history":[{"count":1,"href":"https:\/\/stansgar.katolsk.no\/index.php?rest_route=\/wp\/v2\/posts\/419\/revisions"}],"predecessor-version":[{"id":2202,"href":"https:\/\/stansgar.katolsk.no\/index.php?rest_route=\/wp\/v2\/posts\/419\/revisions\/2202"}],"wp:featuredmedia":[{"embeddable":true,"href":"https:\/\/stansgar.katolsk.no\/index.php?rest_route=\/wp\/v2\/media\/2203"}],"wp:attachment":[{"href":"https:\/\/stansgar.katolsk.no\/index.php?rest_route=%2Fwp%2Fv2%2Fmedia&parent=419"}],"wp:term":[{"taxonomy":"category","embeddable":true,"href":"https:\/\/stansgar.katolsk.no\/index.php?rest_route=%2Fwp%2Fv2%2Fcategories&post=419"},{"taxonomy":"post_tag","embeddable":true,"href":"https:\/\/stansgar.katolsk.no\/index.php?rest_route=%2Fwp%2Fv2%2Ftags&post=419"}],"curies":[{"name":"wp","href":"https:\/\/api.w.org\/{rel}","templated":true}]}}