{"id":417,"date":"2016-02-11T10:15:00","date_gmt":"2016-02-11T09:15:00","guid":{"rendered":"http:\/\/stansgar.katolsk.no\/index.php\/2016\/02\/11\/nyttige-lenker-for-fastetiden\/"},"modified":"2018-10-12T09:12:33","modified_gmt":"2018-10-12T07:12:33","slug":"nyttige-lenker-for-fastetiden","status":"publish","type":"post","link":"https:\/\/stansgar.katolsk.no\/?p=417","title":{"rendered":"Nyttige lenker for fastetiden"},"content":{"rendered":"<p><\/p>\n<div class=\"separator\" style=\"clear: both; text-align: center;\">\n<b><a href=\"http:\/\/zachwcarpenter.files.wordpress.com\/2014\/03\/lent_7966c1.gif\" imageanchor=\"1\" style=\"margin-left: 1em; margin-right: 1em;\"><img loading=\"lazy\" decoding=\"async\" border=\"0\" src=\"http:\/\/zachwcarpenter.files.wordpress.com\/2014\/03\/lent_7966c1.gif\" height=\"135\" width=\"320\" \/><\/a><\/b><\/div>\n<div class=\"separator\" style=\"clear: both; text-align: center;\">\n<b><br \/><\/b><\/div>\n<div class=\"separator\" style=\"clear: both; text-align: center;\">\n<b><br \/><\/b><\/div>\n<p><\/p>\n<div style=\"border-bottom: medium none; border-left: medium none; border-right: medium none; border-top: medium none;\">\nDersom du bruker Spotify kan du s\u00f8ke opp uCatholic der og finne en <a href=\"https:\/\/play.spotify.com\/user\/ucatholic\" target=\"_blank\">spilleliste<\/a>&nbsp;med fastemusikk.<\/p>\n<p>uCatholic har ogs\u00e5 en bra <a href=\"http:\/\/ucatholic.com\/blog\/lent-guide\/\" target=\"_blank\">guide<\/a> til alt du trenger \u00e5 vite om fasten<\/div>\n<div style=\"border-bottom: medium none; border-left: medium none; border-right: medium none; border-top: medium none;\">\n<br \/>\nPavens&nbsp;<a href=\"http:\/\/www.katolsk.no\/nyheter\/2016\/02\/pave-frans-budskap-for-fastetiden-2016\" target=\"_blank\">fastebudskap<\/a>&nbsp;for 2016<\/p>\n<p>Informasjon om \u00e5rets&nbsp;<a href=\"http:\/\/www.katolsk.no\/nyheter\/2016\/02\/fasteaksjonen-2016-utdanning-i-krise-og-konflikt\" target=\"_blank\">fasteaksjon<\/a><\/p>\n<p><a href=\"http:\/\/www.katolsk.no\/artikler\/karneval.htm\" target=\"_blank\">her er et fordrag fra p. Olav om karneval og fastetiden<\/a><\/div>\n<div style=\"border-bottom: medium none; border-left: medium none; border-right: medium none; border-top: medium none;\">\n<\/div>\n<div style=\"border-bottom: medium none; border-left: medium none; border-right: medium none; border-top: medium none;\">\n<a href=\"http:\/\/www.katolsk.no\/biografier\/historisk\/aske_ons\" target=\"_blank\">en grundig artikkel om askeonsdag<\/a><\/div>\n<div style=\"border-bottom: medium none; border-left: medium none; border-right: medium none; border-top: medium none;\">\n<\/div>\n<div style=\"border-bottom: medium none; border-left: medium none; border-right: medium none; border-top: medium none;\">\n<a href=\"http:\/\/www.catholichomeandgarden.com\/lent.htm\" target=\"_blank\">masse informasjon om fasten p\u00e5 engelsk<\/a><\/div>\n<div style=\"border-bottom: medium none; border-left: medium none; border-right: medium none; border-top: medium none;\">\n<\/div>\n<div style=\"border-bottom: medium none; border-left: medium none; border-right: medium none; border-top: medium none;\">\n<a href=\"http:\/\/www.caremedanslaville.org\/\" target=\"_blank\">lytt til en daglig meditasjon p\u00e5 fransk her<\/a><\/p>\n<p><\/div>\n<div style=\"border-bottom: medium none; border-left: medium none; border-right: medium none; border-top: medium none;\">\n<\/div>\n<div class=\"separator\" style=\"border-bottom: medium none; border-left: medium none; border-right: medium none; border-top: medium none; clear: both; text-align: center;\">\n<a href=\"https:\/\/lh6.googleusercontent.com\/-8fO_A5-y5Bo\/TXIIoq1pTCI\/AAAAAAAADaE\/52QcfvoB33s\/s1600\/absthumor.jpg\" imageanchor=\"1\" style=\"clear: right; cssfloat: right; float: right; margin-bottom: 1em; margin-left: 1em;\"><\/a><\/div>\n<p><\/p>\n<div style=\"border-bottom: medium none; border-left: medium none; border-right: medium none; border-top: medium none;\">\n<\/div>\n","protected":false},"excerpt":{"rendered":"<p>Dersom du bruker Spotify kan du s\u00f8ke opp uCatholic der og finne en spilleliste&nbsp;med fastemusikk. uCatholic har ogs\u00e5 en bra guide til alt du trenger \u00e5 vite om fasten Pavens&nbsp;fastebudskap&nbsp;for 2016 Informasjon om \u00e5rets&nbsp;fasteaksjon her er et fordrag fra p&#8230;.<br \/><a class=\"read-more-button\" href=\"https:\/\/stansgar.katolsk.no\/?p=417\">Read more<\/a><\/p>\n","protected":false},"author":3,"featured_media":2199,"comment_status":"open","ping_status":"open","sticky":false,"template":"","format":"standard","meta":{"footnotes":""},"categories":[1],"tags":[29,35],"class_list":["post-417","post","type-post","status-publish","format-standard","has-post-thumbnail","hentry","category-ukategorisert","tag-faste","tag-fastetiden"],"_links":{"self":[{"href":"https:\/\/stansgar.katolsk.no\/index.php?rest_route=\/wp\/v2\/posts\/417","targetHints":{"allow":["GET"]}}],"collection":[{"href":"https:\/\/stansgar.katolsk.no\/index.php?rest_route=\/wp\/v2\/posts"}],"about":[{"href":"https:\/\/stansgar.katolsk.no\/index.php?rest_route=\/wp\/v2\/types\/post"}],"author":[{"embeddable":true,"href":"https:\/\/stansgar.katolsk.no\/index.php?rest_route=\/wp\/v2\/users\/3"}],"replies":[{"embeddable":true,"href":"https:\/\/stansgar.katolsk.no\/index.php?rest_route=%2Fwp%2Fv2%2Fcomments&post=417"}],"version-history":[{"count":1,"href":"https:\/\/stansgar.katolsk.no\/index.php?rest_route=\/wp\/v2\/posts\/417\/revisions"}],"predecessor-version":[{"id":2198,"href":"https:\/\/stansgar.katolsk.no\/index.php?rest_route=\/wp\/v2\/posts\/417\/revisions\/2198"}],"wp:featuredmedia":[{"embeddable":true,"href":"https:\/\/stansgar.katolsk.no\/index.php?rest_route=\/wp\/v2\/media\/2199"}],"wp:attachment":[{"href":"https:\/\/stansgar.katolsk.no\/index.php?rest_route=%2Fwp%2Fv2%2Fmedia&parent=417"}],"wp:term":[{"taxonomy":"category","embeddable":true,"href":"https:\/\/stansgar.katolsk.no\/index.php?rest_route=%2Fwp%2Fv2%2Fcategories&post=417"},{"taxonomy":"post_tag","embeddable":true,"href":"https:\/\/stansgar.katolsk.no\/index.php?rest_route=%2Fwp%2Fv2%2Ftags&post=417"}],"curies":[{"name":"wp","href":"https:\/\/api.w.org\/{rel}","templated":true}]}}