{"id":413,"date":"2016-02-21T09:00:00","date_gmt":"2016-02-21T08:00:00","guid":{"rendered":"http:\/\/stansgar.katolsk.no\/index.php\/2016\/02\/21\/kunngjringer-sndag-21-februar-2016\/"},"modified":"2018-10-12T09:12:32","modified_gmt":"2018-10-12T07:12:32","slug":"kunngjringer-sndag-21-februar-2016","status":"publish","type":"post","link":"https:\/\/stansgar.katolsk.no\/?p=413","title":{"rendered":"KUNNGJ\u00d8RINGER S\u00d8NDAG 21. FEBRUAR 2016"},"content":{"rendered":"<div class=\"MsoNormal\" style=\"background-color: white; color: #222222; font-size: 12.8px;\">\n<\/div>\n<div class=\"MsoNormal\" style=\"background-color: white; color: #222222; font-size: 12.8px;\">\n<\/div>\n<div class=\"MsoNormal\" style=\"background-color: white; color: #222222; font-size: 12.8px;\">\nDenne uken er det messe<b> tirsdag til fredag kl. 18.00<\/b><u><\/u><u><\/u><\/div>\n<div class=\"MsoNormal\" style=\"background-color: white; color: #222222; font-size: 12.8px;\">\n<\/div>\n<div class=\"MsoNormal\" style=\"background-color: white; color: #222222; font-size: 12.8px;\">\n<\/div>\n<div class=\"MsoNormal\" style=\"background-color: white; color: #222222; font-size: 12.8px;\">\n<\/div>\n<div class=\"MsoNormal\" style=\"background-color: white; color: #222222; font-size: 12.8px;\">\n<b>Onsdag 24. februar<\/b> er det korsveiandakt p\u00e5 vietnamesisk etter kveldsmessen<u><\/u><u><\/u><\/div>\n<div class=\"MsoNormal\" style=\"background-color: white; color: #222222; font-size: 12.8px;\">\n<\/div>\n<div class=\"MsoNormal\" style=\"background-color: white; color: #222222; font-size: 12.8px;\">\n<\/div>\n<div class=\"MsoNormal\" style=\"background-color: white; color: #222222;\">\n<div style=\"font-size: 12.8px;\">\n<b>Torsdag 25. februar<\/b> er det messe kl. 11.00 og felles lunch etterp\u00e5.<\/div>\n<div style=\"font-size: 12.8px;\">\n<\/div>\n<div style=\"font-size: 12.8px;\">\n<b>Torsdag 25.februar<\/b> kl. 18.45-21.00 er det informasjonskurs om katolsk tro.<\/div>\n<\/div>\n<div class=\"MsoNormal\" style=\"background-color: white; color: #222222; font-size: 12.8px;\">\n<\/div>\n<div class=\"MsoNormal\" style=\"background-color: white; color: #222222; font-size: 12.8px;\">\n<b>Fredag 26. februar<\/b> er det anledning til skriftem\u00e5l kl. 17.15 til 17.45. Messe kl. 18.00. Etter messen er det korsveiandakt p\u00e5 norsk.<u><\/u><u><\/u><\/div>\n<div class=\"MsoNormal\" style=\"background-color: white; color: #222222; font-size: 12.8px;\">\n<\/div>\n<div class=\"MsoNormal\" style=\"background-color: white; color: #222222; font-size: 12.8px;\">\n<\/div>\n<div class=\"MsoNormal\" style=\"background-color: white; color: #222222; font-size: 12.8px;\">\n<b>L\u00f8rdag 27. februar<\/b> er det messe i Farsund kl. 14.00 og i Flekkefjord kl. 17.00.<u><\/u><u><\/u><\/div>\n<div class=\"MsoNormal\" style=\"background-color: white; color: #222222; font-size: 12.8px;\">\n<\/div>\n<div class=\"MsoNormal\" style=\"background-color: white; color: #222222; font-size: 12.8px;\">\n<\/div>\n<div class=\"MsoNormal\" style=\"background-color: white; color: #222222; font-size: 12.8px;\">\n<b>S\u00f8ndag 28. februar<\/b> er det messe p\u00e5 polsk p\u00e5 Stella Maris i Mandal.<u><\/u><u><\/u><\/div>\n<div class=\"MsoNormal\" style=\"background-color: white; color: #222222; font-size: 12.8px;\">\n<\/div>\n<div class=\"MsoNormal\" style=\"background-color: white; color: #222222; font-size: 12.8px;\">\n<\/div>\n<div class=\"MsoNormal\" style=\"background-color: white; color: #222222; font-size: 12.8px;\">\nHvert \u00e5r arrangerer Norges Unge katolikker p\u00e5skeleirer, b\u00e5de for konfirmanter og for dem som er konfirmert. Leirene varer fra palmes\u00f8ndag til 1. p\u00e5skedag. Sentralt i disse leirene st\u00e5r kirkens liturgi i p\u00e5sken som f\u00f8lges dag for dag. Disse leirene regnes av mange som de beste NUK har og de anbefales. P\u00e5meldingsfrist er 27. februar. Se informasjonsfoldere i kirken og i KIGA eller les mer&nbsp;<a href=\"http:\/\/www.nuk.no\/\" target=\"_blank\">her<\/a><\/div>\n","protected":false},"excerpt":{"rendered":"<p>Denne uken er det messe tirsdag til fredag kl. 18.00 Onsdag 24. februar er det korsveiandakt p\u00e5 vietnamesisk etter kveldsmessen Torsdag 25. februar er det messe kl. 11.00 og felles lunch etterp\u00e5. Torsdag 25.februar kl. 18.45-21.00 er det informasjonskurs om&#8230;<br \/><a class=\"read-more-button\" href=\"https:\/\/stansgar.katolsk.no\/?p=413\">Read more<\/a><\/p>\n","protected":false},"author":3,"featured_media":0,"comment_status":"open","ping_status":"open","sticky":false,"template":"","format":"standard","meta":{"footnotes":""},"categories":[1],"tags":[3],"class_list":["post-413","post","type-post","status-publish","format-standard","hentry","category-ukategorisert","tag-kunngjoringer"],"_links":{"self":[{"href":"https:\/\/stansgar.katolsk.no\/index.php?rest_route=\/wp\/v2\/posts\/413","targetHints":{"allow":["GET"]}}],"collection":[{"href":"https:\/\/stansgar.katolsk.no\/index.php?rest_route=\/wp\/v2\/posts"}],"about":[{"href":"https:\/\/stansgar.katolsk.no\/index.php?rest_route=\/wp\/v2\/types\/post"}],"author":[{"embeddable":true,"href":"https:\/\/stansgar.katolsk.no\/index.php?rest_route=\/wp\/v2\/users\/3"}],"replies":[{"embeddable":true,"href":"https:\/\/stansgar.katolsk.no\/index.php?rest_route=%2Fwp%2Fv2%2Fcomments&post=413"}],"version-history":[{"count":1,"href":"https:\/\/stansgar.katolsk.no\/index.php?rest_route=\/wp\/v2\/posts\/413\/revisions"}],"predecessor-version":[{"id":2176,"href":"https:\/\/stansgar.katolsk.no\/index.php?rest_route=\/wp\/v2\/posts\/413\/revisions\/2176"}],"wp:attachment":[{"href":"https:\/\/stansgar.katolsk.no\/index.php?rest_route=%2Fwp%2Fv2%2Fmedia&parent=413"}],"wp:term":[{"taxonomy":"category","embeddable":true,"href":"https:\/\/stansgar.katolsk.no\/index.php?rest_route=%2Fwp%2Fv2%2Fcategories&post=413"},{"taxonomy":"post_tag","embeddable":true,"href":"https:\/\/stansgar.katolsk.no\/index.php?rest_route=%2Fwp%2Fv2%2Ftags&post=413"}],"curies":[{"name":"wp","href":"https:\/\/api.w.org\/{rel}","templated":true}]}}