{"id":364,"date":"2016-05-15T08:05:00","date_gmt":"2016-05-15T06:05:00","guid":{"rendered":"http:\/\/stansgar.katolsk.no\/index.php\/2016\/05\/15\/kunngjringer-sndag-15-mai-2016\/"},"modified":"2018-10-12T09:12:29","modified_gmt":"2018-10-12T07:12:29","slug":"kunngjringer-sndag-15-mai-2016","status":"publish","type":"post","link":"https:\/\/stansgar.katolsk.no\/?p=364","title":{"rendered":"KUNNGJ\u00d8RINGER S\u00d8NDAG 15. MAI 2016"},"content":{"rendered":"<div class=\"MsoNormal\" style=\"background-color: white; color: #222222; font-size: 12.8px;\">\n<\/div>\n<div class=\"MsoNormal\" style=\"background-color: white; color: #222222; font-size: 12.8px;\">\n<\/div>\n<div class=\"MsoNormal\" style=\"background-color: white; color: #222222; font-size: 12.8px;\">\n<\/div>\n<div class=\"MsoNormal\" style=\"background-color: white; color: #222222; font-size: 12.8px;\">\n<\/div>\n<div class=\"MsoNormal\" style=\"background-color: white; color: #222222; font-size: 12.8px;\">\nI morgen, <b>mandag 16. mai<\/b> blir det 2. pinsedags-messe kl. 11.00. Messen er en tradisjonell latinsk messe med orgel og sang. (Missa Cantata)<u><\/u><u><\/u><\/div>\n<div class=\"MsoNormal\" style=\"background-color: white; color: #222222; font-size: 12.8px;\">\n<\/div>\n<div class=\"MsoNormal\" style=\"background-color: white; color: #222222; font-size: 12.8px;\">\n<\/div>\n<div class=\"MsoNormal\" style=\"background-color: white; color: #222222; font-size: 12.8px;\">\n<b>Tirsdag 17. mai<\/b> blir det messe for dagen kl. 15.30. Ingen messe kl. 18.00<u><\/u><u><\/u><\/div>\n<div class=\"MsoNormal\" style=\"background-color: white; color: #222222; font-size: 12.8px;\">\n<\/div>\n<div class=\"MsoNormal\" style=\"background-color: white; color: #222222; font-size: 12.8px;\">\n<\/div>\n<div class=\"MsoNormal\" style=\"background-color: white; color: #222222; font-size: 12.8px;\">\n<\/div>\n<div class=\"MsoNormal\" style=\"background-color: white; color: #222222; font-size: 12.8px;\">\n<b>Onsdag 18. mai<\/b> er det rosenkransandakt etter kveldsmessen. Fra ca. kl. 18.40-19.00<u><\/u><u><\/u><\/div>\n<div class=\"MsoNormal\" style=\"background-color: white; color: #222222; font-size: 12.8px;\">\n<\/div>\n<div class=\"MsoNormal\" style=\"background-color: white; color: #222222; font-size: 12.8px;\">\n<\/div>\n<div class=\"MsoNormal\" style=\"background-color: white; color: #222222; font-size: 12.8px;\">\n<b>Torsdag 19. mai<\/b> er det messe kl. 11.00 og deretter er alle velkommen til felles lunch.<u><\/u><u><\/u><\/div>\n<div class=\"MsoNormal\" style=\"background-color: white; color: #222222; font-size: 12.8px;\">\n<\/div>\n<div class=\"MsoNormal\" style=\"background-color: white; color: #222222; font-size: 12.8px;\">\n<\/div>\n<div class=\"MsoNormal\" style=\"background-color: white; color: #222222; font-size: 12.8px;\">\n<b>L\u00f8rdag 21. mai<\/b> er det eritreisk messe fra morgenen og frem til kl. 12.00<u><\/u><u><\/u><\/div>\n<div class=\"MsoNormal\" style=\"background-color: white; color: #222222; font-size: 12.8px;\">\nSamme dag, l\u00f8rdag 21. mai er det messe p\u00e5 tagalog kl. 14.00 og p\u00e5 fransk kl. 16.00<u><\/u><u><\/u><\/div>\n<div class=\"MsoNormal\" style=\"background-color: white; color: #222222; font-size: 12.8px;\">\n<\/div>\n<div class=\"MsoNormal\" style=\"background-color: white; color: #222222; font-size: 12.8px;\">\n<b>Fredag og l\u00f8rdag 20. og 21. mai<\/b> arrangeres festivalen Sacra Art med fokus p\u00e5 vennskap og respekt p\u00e5 tvers av livssyn. Se oppslag i gangen om arrangementer, eller les mer&nbsp;<a href=\"http:\/\/www.trooglivssyn.no\/index.cfm?id=431416\" target=\"_blank\">her<\/a><u><\/u><\/div>\n<div class=\"MsoNormal\" style=\"background-color: white; color: #222222; font-size: 12.8px;\">\n<\/div>\n<div class=\"MsoNormal\" style=\"background-color: white; color: #222222; font-size: 12.8px;\">\n<\/div>\n<div class=\"MsoNormal\" style=\"background-color: white; color: #222222; font-size: 12.8px;\">\n<b>S\u00f8ndag 22. mai<\/b> kl.14.00 er det messe p\u00e5 polsk p\u00e5 Stella Maris i Mandal.<u><\/u><u><\/u><\/div>\n<div class=\"MsoNormal\" style=\"background-color: white; color: #222222; font-size: 12.8px;\">\n<\/div>\n<div class=\"MsoNormal\" style=\"background-color: white; color: #222222; font-size: 12.8px;\">\n<\/div>\n<div class=\"MsoNormal\" style=\"background-color: white; color: #222222; font-size: 12.8px;\">\n<b>S\u00f8ndag 5. og 12. juni<\/b> er det valg til nytt menighetsr\u00e5d. Se oppslag i gangen med mer informasjon. Der kan du ogs\u00e5 se hvem som har sagt ja til denne tjenesten i kirken. Informasjon kommer snart her p\u00e5 bloggen, samt forklaring p\u00e5 hvordan man stemmer dersom man bor langt fra kirken og ikke kan komme til Kristiansand disse dagene.<u><\/u><\/div>\n<div class=\"MsoNormal\" style=\"background-color: white; color: #222222; font-size: 12.8px;\">\n<\/div>\n<div class=\"MsoNormal\" style=\"background-color: white; color: #222222; font-size: 12.8px;\">\n<\/div>\n<div class=\"MsoNormal\" style=\"background-color: white; color: #222222; font-size: 12.8px;\">\n<b>25. juni til 1. juli <\/b>arrangerer Norges Unge Katolikker Barneleir S\u00f8r, p\u00e5 Stella Maris i Mandal. Leiren er for barn i alderen 8-11 \u00e5r. Leiren anbefales varmt. Meld dere p\u00e5. Brosjyrer med mer informasjon finnes i gangen. Les mer&nbsp;<a href=\"https:\/\/www.checkin.no\/event\/12788\/nuks-barneleir-soer-2016\" target=\"_blank\">her<\/a><\/div>\n","protected":false},"excerpt":{"rendered":"<p>I morgen, mandag 16. mai blir det 2. pinsedags-messe kl. 11.00. Messen er en tradisjonell latinsk messe med orgel og sang. (Missa Cantata) Tirsdag 17. mai blir det messe for dagen kl. 15.30. Ingen messe kl. 18.00 Onsdag 18. mai&#8230;<br \/><a class=\"read-more-button\" href=\"https:\/\/stansgar.katolsk.no\/?p=364\">Read more<\/a><\/p>\n","protected":false},"author":3,"featured_media":0,"comment_status":"open","ping_status":"open","sticky":false,"template":"","format":"standard","meta":{"footnotes":""},"categories":[1],"tags":[3],"class_list":["post-364","post","type-post","status-publish","format-standard","hentry","category-ukategorisert","tag-kunngjoringer"],"_links":{"self":[{"href":"https:\/\/stansgar.katolsk.no\/index.php?rest_route=\/wp\/v2\/posts\/364","targetHints":{"allow":["GET"]}}],"collection":[{"href":"https:\/\/stansgar.katolsk.no\/index.php?rest_route=\/wp\/v2\/posts"}],"about":[{"href":"https:\/\/stansgar.katolsk.no\/index.php?rest_route=\/wp\/v2\/types\/post"}],"author":[{"embeddable":true,"href":"https:\/\/stansgar.katolsk.no\/index.php?rest_route=\/wp\/v2\/users\/3"}],"replies":[{"embeddable":true,"href":"https:\/\/stansgar.katolsk.no\/index.php?rest_route=%2Fwp%2Fv2%2Fcomments&post=364"}],"version-history":[{"count":1,"href":"https:\/\/stansgar.katolsk.no\/index.php?rest_route=\/wp\/v2\/posts\/364\/revisions"}],"predecessor-version":[{"id":2073,"href":"https:\/\/stansgar.katolsk.no\/index.php?rest_route=\/wp\/v2\/posts\/364\/revisions\/2073"}],"wp:attachment":[{"href":"https:\/\/stansgar.katolsk.no\/index.php?rest_route=%2Fwp%2Fv2%2Fmedia&parent=364"}],"wp:term":[{"taxonomy":"category","embeddable":true,"href":"https:\/\/stansgar.katolsk.no\/index.php?rest_route=%2Fwp%2Fv2%2Fcategories&post=364"},{"taxonomy":"post_tag","embeddable":true,"href":"https:\/\/stansgar.katolsk.no\/index.php?rest_route=%2Fwp%2Fv2%2Ftags&post=364"}],"curies":[{"name":"wp","href":"https:\/\/api.w.org\/{rel}","templated":true}]}}