{"id":356,"date":"2016-06-06T07:37:00","date_gmt":"2016-06-06T05:37:00","guid":{"rendered":"http:\/\/stansgar.katolsk.no\/index.php\/2016\/06\/06\/kunngjringer-sndag-5-juni-2016\/"},"modified":"2018-10-12T09:12:29","modified_gmt":"2018-10-12T07:12:29","slug":"kunngjringer-sndag-5-juni-2016","status":"publish","type":"post","link":"https:\/\/stansgar.katolsk.no\/?p=356","title":{"rendered":"KUNNGJ\u00d8RINGER S\u00d8NDAG 5. JUNI 2016"},"content":{"rendered":"<div class=\"MsoNormal\" style=\"background-color: white; color: #222222; font-family: arial, sans-serif; font-size: 12.8px;\">\n<\/div>\n<div class=\"MsoNormal\" style=\"background-color: white; color: #222222; font-family: arial, sans-serif; font-size: 12.8px;\">\n<\/div>\n<div class=\"MsoNormal\" style=\"background-color: white; color: #222222; font-size: 12.8px;\">\nDenne uken er det messe <b>mandag til fredag kl. 18<\/b>.<u><\/u><u><\/u><\/div>\n<div class=\"MsoNormal\" style=\"background-color: white; color: #222222; font-size: 12.8px;\">\n<\/div>\n<div class=\"MsoNormal\" style=\"background-color: white; color: #222222; font-size: 12.8px;\">\n<\/div>\n<div class=\"MsoNormal\" style=\"background-color: white; color: #222222; font-size: 12.8px;\">\n<b>Mandag 6. juni<\/b> blir det messe kl. 18.00.&nbsp; Det vil v\u00e6re en latinsk messe etter 1962-messeboken. Messen feires som \u201dstille messe\u201d.<u><\/u><u><\/u><\/div>\n<div class=\"MsoNormal\" style=\"background-color: white; color: #222222; font-size: 12.8px;\">\n<\/div>\n<div class=\"MsoNormal\" style=\"background-color: white; color: #222222; font-size: 12.8px;\">\n<b>Torsdag 9. juni<\/b> er det messe kl. 11 og felles lunch etterp\u00e5.<u><\/u><u><\/u><\/div>\n<div class=\"MsoNormal\" style=\"background-color: white; color: #222222; font-size: 12.8px;\">\n<\/div>\n<div class=\"MsoNormal\" style=\"background-color: white; color: #222222; font-size: 12.8px;\">\n<b>Fredag 10. juni <\/b>er det skriftem\u00e5l fra kl. 17.15 til 17.45.<u><\/u><u><\/u><\/div>\n<div class=\"MsoNormal\" style=\"background-color: white; color: #222222; font-size: 12.8px;\">\nMesse kl. 18.00<u><\/u><u><\/u><\/div>\n<div class=\"MsoNormal\" style=\"background-color: white; color: #222222; font-size: 12.8px;\">\n<\/div>\n<div class=\"MsoNormal\" style=\"background-color: white; color: #222222; font-size: 12.8px;\">\n<\/div>\n<div class=\"MsoNormal\" style=\"background-color: white; color: #222222; font-size: 12.8px;\">\n<b>L\u00f8rdag 11. juni<\/b> er det katekese. 1. til 4. klasse kl. 10.00-14.00 og 5. til 7. klasse kl. 13.00- 17.00 og 8. klasse fra kl. 14.00 til 17.00.&nbsp; Dette er siste katekese f\u00f8r sommeren og alle familier med barn i katekesen bes prioritere deltagelsen i denne.<u><\/u><u><\/u><\/div>\n<div class=\"MsoNormal\" style=\"background-color: white; color: #222222; font-size: 12.8px;\">\n<\/div>\n<div class=\"MsoNormal\" style=\"background-color: white; color: #222222; font-size: 12.8px;\">\n<\/div>\n<div class=\"MsoNormal\" style=\"background-color: white; color: #222222; font-size: 12.8px;\">\n<b>S\u00f8ndag 12. juni<\/b> kl. 14.00 er det messe p\u00e5 Stella Maris.<u><\/u><u><\/u><\/div>\n<div class=\"MsoNormal\" style=\"background-color: white; color: #222222; font-size: 12.8px;\">\n<\/div>\n<div class=\"MsoNormal\" style=\"background-color: white; color: #222222; font-size: 12.8px;\">\n<\/div>\n<div class=\"MsoNormal\" style=\"background-color: white; color: #222222; font-size: 12.8px;\">\n<\/div>\n<div class=\"MsoNormal\" style=\"background-color: white; color: #222222; font-size: 12.8px;\">\n<b>S\u00f8ndag 12. juni <\/b>er det valg til nytt menighetsr\u00e5d. Se oppslag i gangen med mer informasjon. Se ogs\u00e5 <a href=\"http:\/\/stansgar.katolsk.no\/index.php\/2016\/06\/01\/menighetsradsvalg-2016\/\" target=\"_blank\">her<\/a>.&nbsp;Alle som er katolsk konfirmert kan stemme og oppfordres til \u00e5 gj\u00f8re det.<u><\/u><u><\/u><\/div>\n<div class=\"MsoNormal\" style=\"background-color: white; color: #222222; font-size: 12.8px;\">\n<\/div>\n<div class=\"MsoNormal\" style=\"background-color: white; color: #222222; font-size: 12.8px;\">\n<\/div>\n<div class=\"MsoNormal\" style=\"background-color: white; color: #222222; font-size: 12.8px;\">\n<b>25. juni til 1. juli<\/b> arrangerer Norges Unge Katolikker Barneleir S\u00f8r, p\u00e5 Stella Maris i Mandal. Leiren er for barn i alderen 8-11 \u00e5r. Leiren anbefales varmt. Se informasjon i gangen om denne og andre NUK-leirer denne sommeren. Du kan ogs\u00e5 lese&nbsp;<a href=\"http:\/\/stansgar.katolsk.no\/index.php\/2016\/05\/24\/barneleir-sr-2016\/\" target=\"_blank\">her<\/a><u><\/u><u><\/u><\/div>\n<div class=\"MsoNormal\" style=\"background-color: white; color: #222222; font-size: 12.8px;\">\n<\/div>\n<div class=\"MsoNormal\" style=\"background-color: white; color: #222222; font-size: 12.8px;\">\nSist uke kunngjorde Oslo katolske bisped\u00f8mme at v\u00e5r kapellan <b>p. Piotr Gwidz<\/b> flytter til T\u00f8nsberg i september. Han skal bli kapellan der samt polsk sjeles\u00f8rger for Sandefjord, Larvik og Porsgrunn. Forel\u00f8pig har bisped\u00f8mmet ikke kunngjort noe om ny prest til St. Ansgar menighet.<u><\/u><u><\/u><\/div>\n<div class=\"MsoNormal\" style=\"background-color: white; color: #222222; font-size: 12.8px;\">\nVi \u00f8nsker p.Piotr lykke til med nye oppgaver, men vi vil savne ham her!&nbsp;<\/div>\n","protected":false},"excerpt":{"rendered":"<p>Denne uken er det messe mandag til fredag kl. 18. Mandag 6. juni blir det messe kl. 18.00.&nbsp; Det vil v\u00e6re en latinsk messe etter 1962-messeboken. Messen feires som \u201dstille messe\u201d. Torsdag 9. juni er det messe kl. 11 og&#8230;<br \/><a class=\"read-more-button\" href=\"https:\/\/stansgar.katolsk.no\/?p=356\">Read more<\/a><\/p>\n","protected":false},"author":3,"featured_media":0,"comment_status":"open","ping_status":"open","sticky":false,"template":"","format":"standard","meta":{"footnotes":""},"categories":[1],"tags":[],"class_list":["post-356","post","type-post","status-publish","format-standard","hentry","category-ukategorisert"],"_links":{"self":[{"href":"https:\/\/stansgar.katolsk.no\/index.php?rest_route=\/wp\/v2\/posts\/356","targetHints":{"allow":["GET"]}}],"collection":[{"href":"https:\/\/stansgar.katolsk.no\/index.php?rest_route=\/wp\/v2\/posts"}],"about":[{"href":"https:\/\/stansgar.katolsk.no\/index.php?rest_route=\/wp\/v2\/types\/post"}],"author":[{"embeddable":true,"href":"https:\/\/stansgar.katolsk.no\/index.php?rest_route=\/wp\/v2\/users\/3"}],"replies":[{"embeddable":true,"href":"https:\/\/stansgar.katolsk.no\/index.php?rest_route=%2Fwp%2Fv2%2Fcomments&post=356"}],"version-history":[{"count":2,"href":"https:\/\/stansgar.katolsk.no\/index.php?rest_route=\/wp\/v2\/posts\/356\/revisions"}],"predecessor-version":[{"id":3716,"href":"https:\/\/stansgar.katolsk.no\/index.php?rest_route=\/wp\/v2\/posts\/356\/revisions\/3716"}],"wp:attachment":[{"href":"https:\/\/stansgar.katolsk.no\/index.php?rest_route=%2Fwp%2Fv2%2Fmedia&parent=356"}],"wp:term":[{"taxonomy":"category","embeddable":true,"href":"https:\/\/stansgar.katolsk.no\/index.php?rest_route=%2Fwp%2Fv2%2Fcategories&post=356"},{"taxonomy":"post_tag","embeddable":true,"href":"https:\/\/stansgar.katolsk.no\/index.php?rest_route=%2Fwp%2Fv2%2Ftags&post=356"}],"curies":[{"name":"wp","href":"https:\/\/api.w.org\/{rel}","templated":true}]}}