{"id":340,"date":"2016-07-23T13:37:00","date_gmt":"2016-07-23T11:37:00","guid":{"rendered":"http:\/\/stansgar.katolsk.no\/index.php\/2016\/07\/23\/kunngjringer-sndag-24-juli-2016\/"},"modified":"2018-10-12T09:12:28","modified_gmt":"2018-10-12T07:12:28","slug":"kunngjringer-sndag-24-juli-2016","status":"publish","type":"post","link":"https:\/\/stansgar.katolsk.no\/?p=340","title":{"rendered":"KUNNGJ\u00d8RINGER S\u00d8NDAG 24. JUlI 2016"},"content":{"rendered":"<div class=\"MsoNormal\" style=\"background-color: white; color: #222222; font-size: 12.8px;\">\n<\/div>\n<div class=\"MsoNormal\" style=\"background-color: white; color: #222222; font-size: 12.8px;\">\n<b><br \/><\/b><\/div>\n<div class=\"MsoNormal\" style=\"background-color: white; color: #222222; font-size: 12.8px;\">\n<b>St. Ansgar menighet f\u00e5r ny kapellan.<\/b> Biskop Bernt Eidsvig har utnevnt pater Peter Van Nguyen til kapellan i St. Ansgar menighet fra 3. oktober. Han vil bo i kapellansleiligheten i 3. etasje i KIGA. Peter Van er f\u00f8dt 15. september 1972 og ble presteviet 24. juni 2000. Flere vil huske ham fra tiden som prestestudent og diakon her i St. Ansgar i 1998-1999.<u><\/u><u><\/u><\/div>\n<div class=\"MsoNormal\" style=\"background-color: white; color: #222222; font-size: 12.8px;\">\nVi \u00f8nsker ham hjertelig velkommen tilbake!<u><\/u><u><\/u><\/div>\n<div class=\"MsoNormal\" style=\"background-color: white; color: #222222; font-size: 12.8px;\">\n<\/div>\n<div class=\"MsoNormal\" style=\"background-color: white; color: #222222; font-size: 12.8px;\">\nEtter at pater Piotr Gwidz flytter til T\u00f8nsberg har Biskop Bernt bedt om at ansvaret for <b>polsk sjelesorg<\/b> overtas av de polske fransiskanerpatrene i Arendal. Dette klosteret har i \u00e5r f\u00e5tt en ny prest s\u00e5 de er tre polsktalende prester der. Ansvarlig for polsk sjelesorg i Kristiansand blir pater Grzegorz (Gregor) Gryz OFM. Han overtar fra s\u00f8ndag 11. september. Messe p\u00e5 polsk kl. 9.15 fortsetter som f\u00f8r.<u><\/u><u><\/u><\/div>\n<div class=\"MsoNormal\" style=\"background-color: white; color: #222222; font-size: 12.8px;\">\n<\/div>\n<div class=\"MsoNormal\" style=\"background-color: white; color: #222222; font-size: 12.8px;\">\n<\/div>\n<div class=\"MsoNormal\" style=\"background-color: white; color: #222222; font-size: 12.8px;\">\n<\/div>\n<div class=\"MsoNormal\" style=\"background-color: white; color: #222222; font-size: 12.8px;\">\n<b>Fredag 29.juli<\/b> er H\u00f8ytiden for Hellig Olav, Norges vernehelgen. Det blir h\u00f8ymesse kl. 18.00.<u><\/u><u><\/u><\/div>\n<div class=\"MsoNormal\" style=\"background-color: white; color: #222222; font-size: 12.8px;\">\n<\/div>\n<div class=\"MsoNormal\" style=\"background-color: white; color: #222222; font-size: 12.8px;\">\nEtter h\u00f8ymessen er alle invitert til <b>Oslokfest <\/b>med r\u00f8mmegr\u00f8t, spekemat og \u00f8l, ute hvis fint v\u00e6r, ellers inne i KIGA. P\u00e5 grunn av at maten m\u00e5 beregnes s\u00e5 m\u00e5 dere melde dere p\u00e5 hvis dere vil ha mat! P\u00c5MELDING til p. Frode etter s\u00f8ndagsmessen og senest onsdag 27.7.<\/div>\n","protected":false},"excerpt":{"rendered":"<p>St. Ansgar menighet f\u00e5r ny kapellan. Biskop Bernt Eidsvig har utnevnt pater Peter Van Nguyen til kapellan i St. Ansgar menighet fra 3. oktober. Han vil bo i kapellansleiligheten i 3. etasje i KIGA. Peter Van er f\u00f8dt 15. september&#8230;<br \/><a class=\"read-more-button\" href=\"https:\/\/stansgar.katolsk.no\/?p=340\">Read more<\/a><\/p>\n","protected":false},"author":3,"featured_media":0,"comment_status":"open","ping_status":"open","sticky":false,"template":"","format":"standard","meta":{"footnotes":""},"categories":[1],"tags":[3],"class_list":["post-340","post","type-post","status-publish","format-standard","hentry","category-ukategorisert","tag-kunngjoringer"],"_links":{"self":[{"href":"https:\/\/stansgar.katolsk.no\/index.php?rest_route=\/wp\/v2\/posts\/340","targetHints":{"allow":["GET"]}}],"collection":[{"href":"https:\/\/stansgar.katolsk.no\/index.php?rest_route=\/wp\/v2\/posts"}],"about":[{"href":"https:\/\/stansgar.katolsk.no\/index.php?rest_route=\/wp\/v2\/types\/post"}],"author":[{"embeddable":true,"href":"https:\/\/stansgar.katolsk.no\/index.php?rest_route=\/wp\/v2\/users\/3"}],"replies":[{"embeddable":true,"href":"https:\/\/stansgar.katolsk.no\/index.php?rest_route=%2Fwp%2Fv2%2Fcomments&post=340"}],"version-history":[{"count":1,"href":"https:\/\/stansgar.katolsk.no\/index.php?rest_route=\/wp\/v2\/posts\/340\/revisions"}],"predecessor-version":[{"id":2029,"href":"https:\/\/stansgar.katolsk.no\/index.php?rest_route=\/wp\/v2\/posts\/340\/revisions\/2029"}],"wp:attachment":[{"href":"https:\/\/stansgar.katolsk.no\/index.php?rest_route=%2Fwp%2Fv2%2Fmedia&parent=340"}],"wp:term":[{"taxonomy":"category","embeddable":true,"href":"https:\/\/stansgar.katolsk.no\/index.php?rest_route=%2Fwp%2Fv2%2Fcategories&post=340"},{"taxonomy":"post_tag","embeddable":true,"href":"https:\/\/stansgar.katolsk.no\/index.php?rest_route=%2Fwp%2Fv2%2Ftags&post=340"}],"curies":[{"name":"wp","href":"https:\/\/api.w.org\/{rel}","templated":true}]}}