{"id":333,"date":"2016-08-22T08:38:00","date_gmt":"2016-08-22T06:38:00","guid":{"rendered":"http:\/\/stansgar.katolsk.no\/index.php\/2016\/08\/22\/kunngjringer-sndag-21-august-2016\/"},"modified":"2018-10-12T09:12:28","modified_gmt":"2018-10-12T07:12:28","slug":"kunngjringer-sndag-21-august-2016","status":"publish","type":"post","link":"https:\/\/stansgar.katolsk.no\/?p=333","title":{"rendered":"KUNNGJ\u00d8RINGER S\u00d8NDAG 21. AUGUST 2016"},"content":{"rendered":"<div class=\"MsoNormal\" style=\"background-color: white; color: #222222; font-size: 12.8px;\">\n<\/div>\n<div class=\"MsoNormal\" style=\"background-color: white; color: #222222; font-size: 12.8px;\">\n<\/div>\n<div class=\"MsoNormal\" style=\"background-color: white; color: #222222; font-size: 12.8px;\">\n<\/div>\n<div class=\"MsoNormal\" style=\"background-color: white; color: #222222; font-size: 12.8px;\">\n<\/div>\n<div class=\"MsoNormal\" style=\"background-color: white; color: #222222; font-size: 12.8px;\">\n<b>L\u00f8rdag 27. august<\/b> er det ingen messe kl. 13.00 i St. Ansgar kirke.<u><\/u><u><\/u><\/div>\n<div class=\"MsoNormal\" style=\"background-color: white; color: #222222; font-size: 12.8px;\">\nDet er imidlertid messe p\u00e5 tagalog kl. 14.00<u><\/u><u><\/u><\/div>\n<div class=\"MsoNormal\" style=\"background-color: white; color: #222222; font-size: 12.8px;\">\n<\/div>\n<div class=\"MsoNormal\" style=\"background-color: white; color: #222222; font-size: 12.8px;\">\n<\/div>\n<div class=\"MsoNormal\" style=\"background-color: white; color: #222222; font-size: 12.8px;\">\n<b>L\u00f8rdag 27. august kl. 14.00<\/b> er det messe i Lyngdal. Messen feires i det nyinnviede Lyngdal kirkesenter. Rett over veien fra Lyngdal kirke.<u><\/u><u><\/u><\/div>\n<div class=\"MsoNormal\" style=\"background-color: white; color: #222222; font-size: 12.8px;\">\n<\/div>\n<div class=\"MsoNormal\" style=\"background-color: white; color: #222222; font-size: 12.8px;\">\n<\/div>\n<div class=\"MsoNormal\" style=\"background-color: white; color: #222222; font-size: 12.8px;\">\n<b>S\u00f8ndag 28. august<\/b> tar St. Ansgar menighet farvel med pater Piotr, v\u00e5r kapellan gjennom de to siste \u00e5rene. Han vil v\u00e6re med i alle tre messer neste s\u00f8ndag og etter messen har alle mulighet til \u00e5 hilse p\u00e5 ham, takke ham og \u00f8nske ham lykke til med hans nye oppgaver i T\u00f8nsberg, Sandefjord, Larvik og Porsgrunn.<\/div>\n<div>\n<\/div>\n","protected":false},"excerpt":{"rendered":"<p>L\u00f8rdag 27. august er det ingen messe kl. 13.00 i St. Ansgar kirke. Det er imidlertid messe p\u00e5 tagalog kl. 14.00 L\u00f8rdag 27. august kl. 14.00 er det messe i Lyngdal. Messen feires i det nyinnviede Lyngdal kirkesenter. Rett over&#8230;<br \/><a class=\"read-more-button\" href=\"https:\/\/stansgar.katolsk.no\/?p=333\">Read more<\/a><\/p>\n","protected":false},"author":3,"featured_media":0,"comment_status":"open","ping_status":"open","sticky":false,"template":"","format":"standard","meta":{"footnotes":""},"categories":[1],"tags":[3],"class_list":["post-333","post","type-post","status-publish","format-standard","hentry","category-ukategorisert","tag-kunngjoringer"],"_links":{"self":[{"href":"https:\/\/stansgar.katolsk.no\/index.php?rest_route=\/wp\/v2\/posts\/333","targetHints":{"allow":["GET"]}}],"collection":[{"href":"https:\/\/stansgar.katolsk.no\/index.php?rest_route=\/wp\/v2\/posts"}],"about":[{"href":"https:\/\/stansgar.katolsk.no\/index.php?rest_route=\/wp\/v2\/types\/post"}],"author":[{"embeddable":true,"href":"https:\/\/stansgar.katolsk.no\/index.php?rest_route=\/wp\/v2\/users\/3"}],"replies":[{"embeddable":true,"href":"https:\/\/stansgar.katolsk.no\/index.php?rest_route=%2Fwp%2Fv2%2Fcomments&post=333"}],"version-history":[{"count":1,"href":"https:\/\/stansgar.katolsk.no\/index.php?rest_route=\/wp\/v2\/posts\/333\/revisions"}],"predecessor-version":[{"id":2018,"href":"https:\/\/stansgar.katolsk.no\/index.php?rest_route=\/wp\/v2\/posts\/333\/revisions\/2018"}],"wp:attachment":[{"href":"https:\/\/stansgar.katolsk.no\/index.php?rest_route=%2Fwp%2Fv2%2Fmedia&parent=333"}],"wp:term":[{"taxonomy":"category","embeddable":true,"href":"https:\/\/stansgar.katolsk.no\/index.php?rest_route=%2Fwp%2Fv2%2Fcategories&post=333"},{"taxonomy":"post_tag","embeddable":true,"href":"https:\/\/stansgar.katolsk.no\/index.php?rest_route=%2Fwp%2Fv2%2Ftags&post=333"}],"curies":[{"name":"wp","href":"https:\/\/api.w.org\/{rel}","templated":true}]}}