{"id":301,"date":"2016-10-23T09:16:00","date_gmt":"2016-10-23T07:16:00","guid":{"rendered":"http:\/\/stansgar.katolsk.no\/index.php\/2016\/10\/23\/kunngjringer-sndag-23-oktober-2016\/"},"modified":"2018-10-12T09:12:27","modified_gmt":"2018-10-12T07:12:27","slug":"kunngjringer-sndag-23-oktober-2016","status":"publish","type":"post","link":"https:\/\/stansgar.katolsk.no\/?p=301","title":{"rendered":"KUNNGJ\u00d8RINGER S\u00d8NDAG 23. OKTOBER 2016"},"content":{"rendered":"<div class=\"MsoNormal\" style=\"background-color: white; color: #222222; font-size: 12.8px;\">\n<\/div>\n<div class=\"MsoNormal\" style=\"background-color: white; color: #222222; font-size: 12.8px;\">\n<\/div>\n<div class=\"MsoNormal\" style=\"background-color: white; color: #222222; font-size: 12.8px;\">\n<\/div>\n<div class=\"MsoNormal\" style=\"background-color: white; color: #222222; font-size: 12.8px;\">\nDenne uken er det messe <b>mandag til fredag kl. 18.00<\/b><u><\/u><u><\/u><\/div>\n<div class=\"MsoNormal\" style=\"background-color: white; color: #222222; font-size: 12.8px;\">\n<\/div>\n<div class=\"MsoNormal\" style=\"background-color: white; color: #222222; font-size: 12.8px;\">\n<\/div>\n<div class=\"MsoNormal\" style=\"background-color: white; color: #222222; font-size: 12.8px;\">\n<b>Mandag 24. oktober kl. 18.00<\/b> blir det messe i den ekstraordin\u00e6re form, det vil si en tradisjonell latinsk messe etter 1962-messeboken.<u><\/u><u><\/u><\/div>\n<div class=\"MsoNormal\" style=\"background-color: white; color: #222222; font-size: 12.8px;\">\n<\/div>\n<div class=\"MsoNormal\" style=\"background-color: white; color: #222222; font-size: 12.8px;\">\n<\/div>\n<div class=\"MsoNormal\" style=\"background-color: white; color: #222222; font-size: 12.8px;\">\n<b>Onsdag 26. oktober <\/b>blir det rosenkransandakt p\u00e5 norsk etter kveldsmessen.<u><\/u><u><\/u><\/div>\n<div class=\"MsoNormal\" style=\"background-color: white; color: #222222; font-size: 12.8px;\">\n<\/div>\n<div class=\"MsoNormal\" style=\"background-color: white; color: #222222; font-size: 12.8px;\">\n<\/div>\n<div class=\"MsoNormal\" style=\"background-color: white; color: #222222; font-size: 12.8px;\">\n<b>Torsdag 27. oktober<\/b> er det messe kl. 11.00 og felles lunch etterp\u00e5.<u><\/u><u><\/u><\/div>\n<div class=\"MsoNormal\" style=\"background-color: white; color: #222222; font-size: 12.8px;\">\n<\/div>\n<div class=\"MsoNormal\" style=\"background-color: white; color: #222222; font-size: 12.8px;\">\n<\/div>\n<div class=\"MsoNormal\" style=\"background-color: white; color: #222222; font-size: 12.8px;\">\n<b>Torsdag 27. oktober kl. 19.00 inviterer Caritasgruppen<\/b> alle i menigheten til fellesskapskveld i KIGA. Vi h\u00e5per det blir en hyggelig kveld hvor vi kan bli bedre kjent med hverandre p\u00e5 tvers av spr\u00e5kgrupper. Ta med en liten matrett til \u00e5 dele og en gevinst til kveldens lotteri. Det blir ogs\u00e5 et lite foredrag hvor pater Van, v\u00e5r nye kapellan vil fortelle litt om seg selv. Hjertelig velkommen alle sammen!<u><\/u><u><\/u><\/div>\n<div class=\"MsoNormal\" style=\"background-color: white; color: #222222; font-size: 12.8px;\">\n<\/div>\n<div class=\"MsoNormal\" style=\"background-color: white; color: #222222; font-size: 12.8px;\">\n<\/div>\n<div class=\"MsoNormal\" style=\"background-color: white; color: #222222; font-size: 12.8px;\">\n<b>L\u00f8rdag 29. oktober<\/b> er det messe i Farsund kl. 14.00 og i Flekkefjord kl. 17.00.<u><\/u><u><\/u><\/div>\n<div class=\"MsoNormal\" style=\"background-color: white; color: #222222; font-size: 12.8px;\">\n<\/div>\n<div class=\"MsoNormal\" style=\"background-color: white; color: #222222; font-size: 12.8px;\">\n<\/div>\n<div class=\"MsoNormal\" style=\"background-color: white; color: #222222; font-size: 12.8px;\">\nP\u00e5 grunn av en avbestilling finnes det<b> en ledig adgangsbillett til pavemessen<\/b> i Malm\u00f8 den 1. november. Hvis noen er interessert i den, ta kontakt.<\/div>\n","protected":false},"excerpt":{"rendered":"<p>Denne uken er det messe mandag til fredag kl. 18.00 Mandag 24. oktober kl. 18.00 blir det messe i den ekstraordin\u00e6re form, det vil si en tradisjonell latinsk messe etter 1962-messeboken. Onsdag 26. oktober blir det rosenkransandakt p\u00e5 norsk etter&#8230;<br \/><a class=\"read-more-button\" href=\"https:\/\/stansgar.katolsk.no\/?p=301\">Read more<\/a><\/p>\n","protected":false},"author":3,"featured_media":0,"comment_status":"open","ping_status":"open","sticky":false,"template":"","format":"standard","meta":{"footnotes":""},"categories":[1],"tags":[3],"class_list":["post-301","post","type-post","status-publish","format-standard","hentry","category-ukategorisert","tag-kunngjoringer"],"_links":{"self":[{"href":"https:\/\/stansgar.katolsk.no\/index.php?rest_route=\/wp\/v2\/posts\/301","targetHints":{"allow":["GET"]}}],"collection":[{"href":"https:\/\/stansgar.katolsk.no\/index.php?rest_route=\/wp\/v2\/posts"}],"about":[{"href":"https:\/\/stansgar.katolsk.no\/index.php?rest_route=\/wp\/v2\/types\/post"}],"author":[{"embeddable":true,"href":"https:\/\/stansgar.katolsk.no\/index.php?rest_route=\/wp\/v2\/users\/3"}],"replies":[{"embeddable":true,"href":"https:\/\/stansgar.katolsk.no\/index.php?rest_route=%2Fwp%2Fv2%2Fcomments&post=301"}],"version-history":[{"count":1,"href":"https:\/\/stansgar.katolsk.no\/index.php?rest_route=\/wp\/v2\/posts\/301\/revisions"}],"predecessor-version":[{"id":1969,"href":"https:\/\/stansgar.katolsk.no\/index.php?rest_route=\/wp\/v2\/posts\/301\/revisions\/1969"}],"wp:attachment":[{"href":"https:\/\/stansgar.katolsk.no\/index.php?rest_route=%2Fwp%2Fv2%2Fmedia&parent=301"}],"wp:term":[{"taxonomy":"category","embeddable":true,"href":"https:\/\/stansgar.katolsk.no\/index.php?rest_route=%2Fwp%2Fv2%2Fcategories&post=301"},{"taxonomy":"post_tag","embeddable":true,"href":"https:\/\/stansgar.katolsk.no\/index.php?rest_route=%2Fwp%2Fv2%2Ftags&post=301"}],"curies":[{"name":"wp","href":"https:\/\/api.w.org\/{rel}","templated":true}]}}