{"id":267,"date":"2016-12-22T11:22:00","date_gmt":"2016-12-22T10:22:00","guid":{"rendered":"http:\/\/stansgar.katolsk.no\/index.php\/2016\/12\/22\/julen-2016-i-stansgar\/"},"modified":"2018-10-12T09:12:25","modified_gmt":"2018-10-12T07:12:25","slug":"julen-2016-i-stansgar","status":"publish","type":"post","link":"https:\/\/stansgar.katolsk.no\/?p=267","title":{"rendered":"Julen 2016 i St.Ansgar"},"content":{"rendered":"<p><b><br \/>\n<\/b><\/p>\n<p><\/p>\n<div class=\"separator\" style=\"clear: both; text-align: center;\">\n<a href=\"http:\/\/www.santiebeati.it\/immagini\/Original\/20650\/20650AH.JPG\" imageanchor=\"1\" style=\"margin-left: 1em; margin-right: 1em;\"><img loading=\"lazy\" decoding=\"async\" border=\"0\" src=\"http:\/\/www.santiebeati.it\/immagini\/Original\/20650\/20650AH.JPG\" height=\"297\" width=\"400\" \/><\/a><\/div>\n<div class=\"separator\" style=\"clear: both; text-align: center;\">\n<\/div>\n<div align=\"left\" class=\"MsoNormal\" style=\"color: #222222; font-size: 13px;\">\n<b>Torsdag, 22. desember<\/b><u><\/u><u><\/u><\/div>\n<div align=\"left\" class=\"MsoNormal\" style=\"color: #222222; font-size: 13px;\">\nKl. 11.00 Messe<br \/>\nKl. 18.00 Messe &nbsp;<u><\/u><\/div>\n<div align=\"left\" class=\"MsoNormal\" style=\"color: #222222;\">\n<\/div>\n<div align=\"left\" class=\"MsoNormal\" style=\"color: #222222; font-family: arial, sans-serif; font-size: 13px;\">\n<\/div>\n<div style=\"margin-bottom: 0px; margin-left: 0px; margin-right: 0px; margin-top: 0px;\">\n<\/div>\n<p><\/p>\n<div align=\"left\" class=\"MsoNormal\" style=\"text-align: left;\">\n<b>Lille Julaften, fredag 23. desember<\/b><br \/>\nKl. 06.30 Roratemesse, felles frokost etterp\u00e5<br \/>\n&nbsp;Kl.17.00 Skriftem\u00e5l&nbsp;<\/p>\n<div class=\"MsoNormal\" style=\"background-color: white; color: #222222; line-height: 17px; margin: 0cm 0cm 10pt;\">\n&nbsp;Kl. 18.00 Messe<br \/>\nAnledning til skriftem\u00e5l ogs\u00e5 etter messen.<\/div>\n<div class=\"MsoNormal\" style=\"background-color: white; color: #222222; line-height: 17px; margin: 0cm 0cm 10pt;\">\n<\/div>\n<\/div>\n<p><b><br \/><\/b><br \/>\n<b><br \/><\/b><br \/>\n<b>Julaften, l\u00f8rdag 24. desember<\/b><br \/>\nkl. 15.00 Barnemesse<br \/>\nkl. 17.00 Messe p\u00e5 vietnamesisk<br \/>\n<a href=\"http:\/\/www.santiebeati.it\/immagini\/Original\/20650\/20650C.JPG\" imageanchor=\"1\" style=\"clear: right; float: right; margin-bottom: 1em; margin-left: 1em;\"><img loading=\"lazy\" decoding=\"async\" border=\"0\" src=\"http:\/\/www.santiebeati.it\/immagini\/Original\/20650\/20650C.JPG\" height=\"400\" width=\"171\" \/><\/a>kl. 24.00 Midnattsmessen<\/p>\n<p><b>Juledagen, s\u00f8ndag 25. desember &nbsp; &nbsp; &nbsp; &nbsp; &nbsp; &nbsp; &nbsp; &nbsp; &nbsp; &nbsp; &nbsp; &nbsp; &nbsp; &nbsp; &nbsp; &nbsp; &nbsp; &nbsp; &nbsp; &nbsp; &nbsp; &nbsp; &nbsp; &nbsp; &nbsp; &nbsp; &nbsp;<\/b><br \/>\nkl. &nbsp;9.15 Messe p\u00e5 polsk<br \/>\nkl. 11.00 Juledagens H\u00f8ymesse<br \/>\nkl. 13.00 Messe p\u00e5 vietnamesisk<br \/>\nkl. 14.00 Messe p\u00e5 Stella Maris i Mandal<br \/>\nkl. 18.00 Messe p\u00e5 engelsk<\/p>\n<p><b>2. juledag, mandag 26. desember<\/b><br \/>\n(Den hellige Stefan)<br \/>\nkl. 11.00 H\u00f8ymesse<br \/>\nkl. 13.00 Messe p\u00e5 tagalog<br \/>\nkl. 14.00 Messe i Farsund<br \/>\nkl. 17.00 Messe i Flekkefjord<br \/>\nkl. 18.00 Messe p\u00e5 spansk<\/p>\n<p>\n<b>Tirsdag 27.desember( Den hellige familie)<\/b><\/p>\n<div align=\"left\" class=\"MsoNormal\" style=\"color: #222222; font-size: 13px;\">\nKl. 18.00 Messe og sakramentstilbedelse<u><\/u><u><\/u><\/div>\n<div align=\"left\" class=\"MsoNormal\" style=\"color: #222222;\">\n<\/p>\n<div style=\"font-size: 13px;\">\n<\/div>\n<\/div>\n<p><b>Onsdag 28.desember<\/b><\/p>\n<div align=\"left\" class=\"MsoNormal\" style=\"color: #222222;\">\n&nbsp;Kl. 18.00 Messe<\/div>\n<p><\/p>\n<div align=\"left\" class=\"MsoNormal\" style=\"color: #222222; font-size: 13px;\">\n<b>Torsdag 29. desember<\/b><u><\/u><u><\/u><\/div>\n<div align=\"left\" class=\"MsoNormal\" style=\"color: #222222; font-size: 13px;\">\nKl.18.00 Messe og sakramentstilbedelse<u><\/u><u><\/u><\/p>\n<\/div>\n<div align=\"left\" class=\"MsoNormal\" style=\"color: #222222; font-size: 13px;\">\n<\/div>\n<div align=\"left\" class=\"MsoNormal\" style=\"color: #222222; font-size: 13px;\">\n<b>Fredag 30. desember<\/b><u><\/u><u><\/u><\/div>\n<p>Kl. 16.00 Juletrefest&nbsp;<br \/>\nKl. 17.15 Skriftem\u00e5l<br \/>\nKl. 18.00 Messe<br \/>\nKl. 19.30 SAULS julekonsert<\/p>\n<p>\n<b>Nytt\u00e5rsaften, l\u00f8rdag 31. desember<\/b><br \/>\nkl. 16.00 Takkemesse for \u00e5ret som har g\u00e5tt. <\/p>\n<p>\n<b><br \/><\/b><br \/>\n<b><br \/><\/b><\/p>\n<p><\/p>\n<div class=\"separator\" style=\"clear: both; text-align: center;\">\n<a href=\"http:\/\/www.santiebeati.it\/immagini\/Original\/20100\/20100AF.JPG\" imageanchor=\"1\" style=\"clear: left; float: left; margin-bottom: 1em; margin-right: 1em;\"><img loading=\"lazy\" decoding=\"async\" border=\"0\" src=\"http:\/\/www.santiebeati.it\/immagini\/Original\/20100\/20100AF.JPG\" height=\"320\" width=\"210\" \/><\/a><\/div>\n<p>\n<b><br \/><\/b><br \/>\n<b><br \/><\/b><br \/>\n<b><br \/><\/b><br \/>\n<b>Julens oktavdag, s\u00f8ndag 1. januar 2017, &nbsp;<\/b><\/p>\n<div align=\"left\" class=\"MsoNormal\" style=\"text-align: left;\">\nKl. 9.15.&nbsp; Messe p\u00e5 polsk&nbsp;<br \/>\nKl. 11.00 H\u00f8ymesse<br \/>\nKl. 13.00 Messe p\u00e5 vietnamesisk<br \/>\nKl. 18.00 Messe p\u00e5 engelsk<\/div>\n<div class=\"MsoNormal\" style=\"background-color: white; color: #222222; margin: 0cm 0cm 10pt;\">\n<div style=\"line-height: 17px;\">\n<b><br \/><\/b><br \/>\n<b><br \/><\/b><br \/>\n<b><br \/><\/b><\/div>\n<div align=\"left\" class=\"MsoNormal\" style=\"font-size: 13px; line-height: normal; margin-left: 0cm; text-indent: 0cm;\">\n<b>Mandag 2. januar<\/b>&nbsp;&nbsp;<u><\/u><u><\/u><\/div>\n<div align=\"left\" class=\"MsoNormal\" style=\"font-size: 13px; line-height: normal; margin-left: 0cm; text-indent: 0cm;\">\nKl. 18 &nbsp;Messe &nbsp;p\u00e5 latin etter 1962- messeboken<\/div>\n<div align=\"left\" class=\"MsoNormal\" style=\"font-size: 13px; line-height: normal; margin-left: 0cm; text-indent: 0cm;\">\n<\/div>\n<div align=\"left\" class=\"MsoNormal\" style=\"font-size: 13px; line-height: normal; margin-left: 0cm; text-indent: 0cm;\">\n<\/div>\n<div align=\"left\" class=\"MsoNormal\" style=\"font-size: 13px; line-height: normal; margin-left: 0cm; text-indent: 0cm;\">\n<\/div>\n<div align=\"left\" class=\"MsoNormal\" style=\"font-size: 13px; line-height: normal;\">\n<b>Herrens \u00e5penbaring (epifania), fredag 6. januar<\/b><u><\/u><u><\/u><\/div>\n<div align=\"left\" class=\"MsoNormal\" style=\"line-height: normal;\">\n<div style=\"font-size: 13px;\">\nKl. 18.00 H\u00f8ymesse<\/div>\n<div style=\"font-size: 13px;\">\n\n<\/div>\n<div class=\"separator\" style=\"clear: both; font-size: 13px; text-align: center;\">\n<a href=\"http:\/\/www.santiebeati.it\/immagini\/Original\/20150\/20150O.JPG\" imageanchor=\"1\" style=\"margin-left: 1em; margin-right: 1em;\"><img loading=\"lazy\" decoding=\"async\" border=\"0\" src=\"http:\/\/www.santiebeati.it\/immagini\/Original\/20150\/20150O.JPG\" height=\"207\" width=\"400\" \/><\/a><\/div>\n<div class=\"separator\" style=\"clear: both; font-size: 13px; text-align: center;\">\n<\/div>\n<div class=\"separator\" style=\"clear: both; font-size: 13px; text-align: center;\">\n<\/div>\n<div class=\"separator\" style=\"clear: both; font-size: 13px; text-align: center;\">\n<\/div>\n<div class=\"separator\" style=\"clear: both; font-size: 13px; text-align: center;\">\n<\/div>\n<blockquote style=\"line-height: 19.6px;\" type=\"cite\">\n<div dir=\"ltr\">\n<div align=\"left\" class=\"MsoNormal\" style=\"line-height: normal; margin-left: 0cm; text-indent: 0cm;\">\n<b>Alle messer er i St. Ansgar kirke hvis ikke annet er angitt.<u><\/u><u><\/u><\/b><\/div>\n<div align=\"left\" class=\"MsoNormal\" style=\"line-height: normal;\">\n<b>&nbsp;&nbsp;&nbsp;&nbsp;&nbsp;&nbsp; Messe l\u00f8rdag 13.00 bortfaller p\u00e5 julaften og &nbsp;nytt\u00e5rsaften.&nbsp;<u><\/u><u><\/u><\/b><\/div>\n<p><b>&nbsp; &nbsp; &nbsp; &nbsp;Messe torsdag kl. 11.00 bortfaller 29. 12.&nbsp;<\/b><b style=\"font-family: arial, sans-serif; font-size: 9pt;\">&nbsp;<\/b><\/div>\n<\/blockquote>\n<\/div>\n<div style=\"line-height: 17px;\">\n<b><br \/><\/b><\/div>\n<div style=\"line-height: 17px;\">\n<b><br \/><\/b><\/div>\n<\/div>\n","protected":false},"excerpt":{"rendered":"<p>Torsdag, 22. desember Kl. 11.00 Messe Kl. 18.00 Messe &nbsp; Lille Julaften, fredag 23. desember Kl. 06.30 Roratemesse, felles frokost etterp\u00e5 &nbsp;Kl.17.00 Skriftem\u00e5l&nbsp; &nbsp;Kl. 18.00 Messe Anledning til skriftem\u00e5l ogs\u00e5 etter messen. Julaften, l\u00f8rdag 24. desember kl. 15.00 Barnemesse kl&#8230;.<br \/><a class=\"read-more-button\" href=\"https:\/\/stansgar.katolsk.no\/?p=267\">Read more<\/a><\/p>\n","protected":false},"author":3,"featured_media":1908,"comment_status":"open","ping_status":"open","sticky":false,"template":"","format":"standard","meta":{"footnotes":""},"categories":[1],"tags":[45],"class_list":["post-267","post","type-post","status-publish","format-standard","has-post-thumbnail","hentry","category-ukategorisert","tag-jul"],"_links":{"self":[{"href":"https:\/\/stansgar.katolsk.no\/index.php?rest_route=\/wp\/v2\/posts\/267","targetHints":{"allow":["GET"]}}],"collection":[{"href":"https:\/\/stansgar.katolsk.no\/index.php?rest_route=\/wp\/v2\/posts"}],"about":[{"href":"https:\/\/stansgar.katolsk.no\/index.php?rest_route=\/wp\/v2\/types\/post"}],"author":[{"embeddable":true,"href":"https:\/\/stansgar.katolsk.no\/index.php?rest_route=\/wp\/v2\/users\/3"}],"replies":[{"embeddable":true,"href":"https:\/\/stansgar.katolsk.no\/index.php?rest_route=%2Fwp%2Fv2%2Fcomments&post=267"}],"version-history":[{"count":1,"href":"https:\/\/stansgar.katolsk.no\/index.php?rest_route=\/wp\/v2\/posts\/267\/revisions"}],"predecessor-version":[{"id":1907,"href":"https:\/\/stansgar.katolsk.no\/index.php?rest_route=\/wp\/v2\/posts\/267\/revisions\/1907"}],"wp:featuredmedia":[{"embeddable":true,"href":"https:\/\/stansgar.katolsk.no\/index.php?rest_route=\/wp\/v2\/media\/1908"}],"wp:attachment":[{"href":"https:\/\/stansgar.katolsk.no\/index.php?rest_route=%2Fwp%2Fv2%2Fmedia&parent=267"}],"wp:term":[{"taxonomy":"category","embeddable":true,"href":"https:\/\/stansgar.katolsk.no\/index.php?rest_route=%2Fwp%2Fv2%2Fcategories&post=267"},{"taxonomy":"post_tag","embeddable":true,"href":"https:\/\/stansgar.katolsk.no\/index.php?rest_route=%2Fwp%2Fv2%2Ftags&post=267"}],"curies":[{"name":"wp","href":"https:\/\/api.w.org\/{rel}","templated":true}]}}